{"id":9845,"date":"2024-06-10T14:59:49","date_gmt":"2024-06-10T13:59:49","guid":{"rendered":"https:\/\/arcampin.be\/secondaire\/?p=9845"},"modified":"2024-07-05T12:24:39","modified_gmt":"2024-07-05T11:24:39","slug":"planning-de-la-fin-dannee-scolaire","status":"publish","type":"post","link":"https:\/\/arcampin.be\/secondaire\/archives\/9845","title":{"rendered":"Planning de la fin d\u2019ann\u00e9e scolaire"},"content":{"rendered":"\n<figure class=\"wp-container-2 wp-block-gallery-1 wp-block-gallery has-nested-images columns-default is-cropped\">\n<figure class=\"wp-block-image size-large\"><img loading=\"lazy\" width=\"1280\" height=\"853\" data-id=\"2334\"  src=\"https:\/\/arcampin.be\/secondaire\/wp-content\/uploads\/2017\/06\/Agenda.jpg\" alt=\"\" class=\"wp-image-2334\" srcset=\"https:\/\/arcampin.be\/secondaire\/wp-content\/uploads\/2017\/06\/Agenda.jpg 1280w, https:\/\/arcampin.be\/secondaire\/wp-content\/uploads\/2017\/06\/Agenda-300x200.jpg 300w, https:\/\/arcampin.be\/secondaire\/wp-content\/uploads\/2017\/06\/Agenda-768x512.jpg 768w, https:\/\/arcampin.be\/secondaire\/wp-content\/uploads\/2017\/06\/Agenda-1024x682.jpg 1024w\" sizes=\"(max-width: 1280px) 100vw, 1280px\" \/><\/figure>\n<\/figure>\n\n\n\n<figure class=\"wp-block-table is-style-stripes\"><table class=\"has-white-background-color has-background\"><thead><tr><th>Dates<\/th><th>Libell\u00e9s<\/th><th>Heures<\/th><\/tr><\/thead><tbody><tr><td>Jeudi 27 juin<\/td><td>Affichages des r\u00e9sultats &#8211; 5\u00e8me et 6\u00e8me<\/td><td>A partir de 13h30<\/td><\/tr><tr><td>Jeudi 27 juin<\/td><td>Affichages des r\u00e9sultats &#8211; 4\u00e8me<\/td><td>A partir de 16h<\/td><\/tr><tr><td>Vendredi 28 juin<\/td><td>Affichages des r\u00e9sultats &#8211; 1\u00e8re et 2\u00e8me<\/td><td>A partir de 13h30<\/td><\/tr><tr><td>Vendredi 28 juin<\/td><td>Affichages des r\u00e9sultats &#8211; 3\u00e8me<\/td><td>A partir de 16h<\/td><\/tr><tr><td>Lundi 1er juillet<\/td><td>Consultations des copies et r\u00e9union de parents<\/td><td>De 8h30 \u00e0 12h<\/td><\/tr><tr><td>Lundi 1er juillet<\/td><td>Recours interne<\/td><td>De 13h \u00e0 16h<\/td><\/tr><tr><td>Mardi 2 juillet<\/td><td>Recours interne<\/td><td>De 8h30 \u00e0 16h<\/td><\/tr><tr><td>Mercredi 3 juillet<\/td><td>Recours interne<\/td><td>De 8h30 \u00e0 11h<\/td><\/tr><tr><td>Jeudi 4 juillet <\/td><td>Proclamation des rh\u00e9tos<\/td><td>A partir de 18h<\/td><\/tr><tr><td>Vendredi 5 juillet<\/td><td>Remise des bulletins<\/td><td>De 8h30 \u00e0 11h<\/td><\/tr><\/tbody><\/table><\/figure>\n","protected":false},"excerpt":{"rendered":"<p>Dates Libell\u00e9s Heures Jeudi 27 juin Affichages des r\u00e9sultats &#8211; 5\u00e8me et 6\u00e8me A partir de 13h30 Jeudi 27 juin Affichages des r\u00e9sultats &#8211; 4\u00e8me A partir de 16h Vendredi 28 juin Affichages des r\u00e9sultats &#8211; 1\u00e8re et 2\u00e8me A partir de 13h30 Vendredi 28 juin Affichages des r\u00e9sultats &#8211; 3\u00e8me A partir de 16h &hellip; <a href=\"https:\/\/arcampin.be\/secondaire\/archives\/9845\" class=\"more-link\">Continuer la lecture de <span class=\"screen-reader-text\">Planning de la fin d\u2019ann\u00e9e scolaire<\/span> <span class=\"meta-nav\">&rarr;<\/span><\/a><\/p>\n","protected":false},"author":2,"featured_media":0,"comment_status":"closed","ping_status":"open","sticky":false,"template":"","format":"standard","meta":{"jetpack_post_was_ever_published":false},"categories":[6],"tags":[],"jetpack_featured_media_url":"","_links":{"self":[{"href":"https:\/\/arcampin.be\/secondaire\/wp-json\/wp\/v2\/posts\/9845"}],"collection":[{"href":"https:\/\/arcampin.be\/secondaire\/wp-json\/wp\/v2\/posts"}],"about":[{"href":"https:\/\/arcampin.be\/secondaire\/wp-json\/wp\/v2\/types\/post"}],"author":[{"embeddable":true,"href":"https:\/\/arcampin.be\/secondaire\/wp-json\/wp\/v2\/users\/2"}],"replies":[{"embeddable":true,"href":"https:\/\/arcampin.be\/secondaire\/wp-json\/wp\/v2\/comments?post=9845"}],"version-history":[{"count":1,"href":"https:\/\/arcampin.be\/secondaire\/wp-json\/wp\/v2\/posts\/9845\/revisions"}],"predecessor-version":[{"id":9846,"href":"https:\/\/arcampin.be\/secondaire\/wp-json\/wp\/v2\/posts\/9845\/revisions\/9846"}],"wp:attachment":[{"href":"https:\/\/arcampin.be\/secondaire\/wp-json\/wp\/v2\/media?parent=9845"}],"wp:term":[{"taxonomy":"category","embeddable":true,"href":"https:\/\/arcampin.be\/secondaire\/wp-json\/wp\/v2\/categories?post=9845"},{"taxonomy":"post_tag","embeddable":true,"href":"https:\/\/arcampin.be\/secondaire\/wp-json\/wp\/v2\/tags?post=9845"}],"curies":[{"name":"wp","href":"https:\/\/api.w.org\/{rel}","templated":true}]}}