{"id":9655,"date":"2024-04-24T10:38:55","date_gmt":"2024-04-24T09:38:55","guid":{"rendered":"https:\/\/arcampin.be\/secondaire\/?p=9655"},"modified":"2024-04-24T10:38:55","modified_gmt":"2024-04-24T09:38:55","slug":"lambassadeur-dallemagne-en-visite-dans-les-anciennes-cellules-de-detention-a-lathenee-campin","status":"publish","type":"post","link":"https:\/\/arcampin.be\/secondaire\/archives\/9655","title":{"rendered":"L&rsquo;Ambassadeur d\u2019Allemagne en visite dans les anciennes cellules de d\u00e9tention \u00e0 l&rsquo;Ath\u00e9n\u00e9e Campin"},"content":{"rendered":"\n<figure class=\"wp-container-2 wp-block-gallery-1 wp-block-gallery has-nested-images columns-2 is-cropped\">\n<figure class=\"wp-block-image size-large\"><img loading=\"lazy\" width=\"1024\" height=\"768\" data-id=\"9658\"  src=\"https:\/\/arcampin.be\/secondaire\/wp-content\/uploads\/2024\/04\/visite-ambassadeur-allemagne2-1024x768.jpg\" alt=\"\" class=\"wp-image-9658\" srcset=\"https:\/\/arcampin.be\/secondaire\/wp-content\/uploads\/2024\/04\/visite-ambassadeur-allemagne2-1024x768.jpg 1024w, https:\/\/arcampin.be\/secondaire\/wp-content\/uploads\/2024\/04\/visite-ambassadeur-allemagne2-300x225.jpg 300w, https:\/\/arcampin.be\/secondaire\/wp-content\/uploads\/2024\/04\/visite-ambassadeur-allemagne2-768x576.jpg 768w, https:\/\/arcampin.be\/secondaire\/wp-content\/uploads\/2024\/04\/visite-ambassadeur-allemagne2-1536x1152.jpg 1536w, https:\/\/arcampin.be\/secondaire\/wp-content\/uploads\/2024\/04\/visite-ambassadeur-allemagne2.jpg 2000w\" sizes=\"(max-width: 1024px) 100vw, 1024px\" \/><\/figure>\n\n\n\n<figure class=\"wp-block-image size-large\"><img loading=\"lazy\" width=\"1024\" height=\"577\" data-id=\"9657\"  src=\"https:\/\/arcampin.be\/secondaire\/wp-content\/uploads\/2024\/04\/visite-ambassadeur-allemagne4-1024x577.jpg\" alt=\"\" class=\"wp-image-9657\" srcset=\"https:\/\/arcampin.be\/secondaire\/wp-content\/uploads\/2024\/04\/visite-ambassadeur-allemagne4-1024x577.jpg 1024w, https:\/\/arcampin.be\/secondaire\/wp-content\/uploads\/2024\/04\/visite-ambassadeur-allemagne4-300x169.jpg 300w, https:\/\/arcampin.be\/secondaire\/wp-content\/uploads\/2024\/04\/visite-ambassadeur-allemagne4-768x433.jpg 768w, https:\/\/arcampin.be\/secondaire\/wp-content\/uploads\/2024\/04\/visite-ambassadeur-allemagne4-1536x866.jpg 1536w, https:\/\/arcampin.be\/secondaire\/wp-content\/uploads\/2024\/04\/visite-ambassadeur-allemagne4.jpg 2000w\" sizes=\"(max-width: 1024px) 100vw, 1024px\" \/><\/figure>\n\n\n\n<figure class=\"wp-block-image size-large\"><img loading=\"lazy\" width=\"1024\" height=\"577\" data-id=\"9656\"  src=\"https:\/\/arcampin.be\/secondaire\/wp-content\/uploads\/2024\/04\/visite-ambassadeur-allemagne3-1024x577.jpg\" alt=\"\" class=\"wp-image-9656\" srcset=\"https:\/\/arcampin.be\/secondaire\/wp-content\/uploads\/2024\/04\/visite-ambassadeur-allemagne3-1024x577.jpg 1024w, https:\/\/arcampin.be\/secondaire\/wp-content\/uploads\/2024\/04\/visite-ambassadeur-allemagne3-300x169.jpg 300w, https:\/\/arcampin.be\/secondaire\/wp-content\/uploads\/2024\/04\/visite-ambassadeur-allemagne3-768x433.jpg 768w, https:\/\/arcampin.be\/secondaire\/wp-content\/uploads\/2024\/04\/visite-ambassadeur-allemagne3-1536x866.jpg 1536w, https:\/\/arcampin.be\/secondaire\/wp-content\/uploads\/2024\/04\/visite-ambassadeur-allemagne3.jpg 2000w\" sizes=\"(max-width: 1024px) 100vw, 1024px\" \/><\/figure>\n<\/figure>\n\n\n<p class=\"Standard\" style=\"text-align: justify; text-justify: inter-ideograph;\"><span style=\"font-size: 14.0pt; font-family: 'Calibri','sans-serif';\">Ce jeudi 18 avril, Monsieur Martin KOTTHAUS, Ambassadeur d\u2019Allemagne \u00e0 Bruxelles, nous a fait l\u2019honneur de venir visiter les anciennes cellules de d\u00e9tention nazie situ\u00e9es sous le b\u00e2timent de l\u2019\u00e9cole maternelle de l\u2019Ath\u00e9n\u00e9e Royal Robert Campin.<\/span><\/p>\n<p class=\"Standard\" style=\"text-align: justify; text-justify: inter-ideograph;\"><span style=\"font-size: 14.0pt; font-family: 'Calibri','sans-serif';\">C\u2019est avec un vif int\u00e9r\u00eat qu\u2019il souhaitait voir les traces encore bien visibles de ce que fut le r\u00e9gime nazi en Belgique et \u00e0 Tournai particuli\u00e8rement.<\/span><\/p>\n<p class=\"Standard\" style=\"text-align: justify; text-justify: inter-ideograph;\"><span style=\"font-size: 14.0pt; font-family: 'Calibri','sans-serif';\">Monsieur l\u2019Ambassadeur a rarement vu cela mais il a beaucoup appr\u00e9ci\u00e9 de rentrer dans une cellule dans laquelle des petits mots, des dessins, des calendriers r\u00e9alis\u00e9s par des r\u00e9sistants, sont encore bien pr\u00e9sents.<\/span><\/p>\n<p class=\"Standard\" style=\"text-align: justify; text-justify: inter-ideograph;\"><span style=\"font-size: 14.0pt; font-family: 'Calibri','sans-serif';\">Monsieur Benny Heyte, professeur d\u2019histoire, accompagn\u00e9 de Madame Annick Saudoyer, Directrice de l\u2019\u00e9tablissement et de Monsieur Paul-Olivier Delannoy, Bourgmestre, a expliqu\u00e9 toutes traces \u00e9crites parfaitement intactes, laiss\u00e9es par les prisonniers qui y sont pass\u00e9s de quelques jours \u00e0 quelques semaines avant d\u2019\u00eatre dirig\u00e9s vers les camps de concentration ou les centres d\u2019extermination en Allemagne.<\/span><\/p>\n\n\n<figure class=\"wp-container-4 wp-block-gallery-3 wp-block-gallery has-nested-images columns-1 is-cropped\">\n<figure class=\"wp-block-image size-large\"><img loading=\"lazy\" width=\"1024\" height=\"673\" data-id=\"9665\"  src=\"https:\/\/arcampin.be\/secondaire\/wp-content\/uploads\/2024\/04\/visite-ambassadeur-allemagne11-1024x673.jpg\" alt=\"\" class=\"wp-image-9665\" srcset=\"https:\/\/arcampin.be\/secondaire\/wp-content\/uploads\/2024\/04\/visite-ambassadeur-allemagne11-1024x673.jpg 1024w, https:\/\/arcampin.be\/secondaire\/wp-content\/uploads\/2024\/04\/visite-ambassadeur-allemagne11-300x197.jpg 300w, https:\/\/arcampin.be\/secondaire\/wp-content\/uploads\/2024\/04\/visite-ambassadeur-allemagne11-768x505.jpg 768w, https:\/\/arcampin.be\/secondaire\/wp-content\/uploads\/2024\/04\/visite-ambassadeur-allemagne11-1536x1009.jpg 1536w, https:\/\/arcampin.be\/secondaire\/wp-content\/uploads\/2024\/04\/visite-ambassadeur-allemagne11.jpg 2000w\" sizes=\"(max-width: 1024px) 100vw, 1024px\" \/><\/figure>\n\n\n\n<figure class=\"wp-block-image size-large\"><img loading=\"lazy\" width=\"1024\" height=\"611\" data-id=\"9666\"  src=\"https:\/\/arcampin.be\/secondaire\/wp-content\/uploads\/2024\/04\/visite-ambassadeur-allemagne12-1024x611.jpg\" alt=\"\" class=\"wp-image-9666\" srcset=\"https:\/\/arcampin.be\/secondaire\/wp-content\/uploads\/2024\/04\/visite-ambassadeur-allemagne12-1024x611.jpg 1024w, https:\/\/arcampin.be\/secondaire\/wp-content\/uploads\/2024\/04\/visite-ambassadeur-allemagne12-300x179.jpg 300w, https:\/\/arcampin.be\/secondaire\/wp-content\/uploads\/2024\/04\/visite-ambassadeur-allemagne12-768x458.jpg 768w, https:\/\/arcampin.be\/secondaire\/wp-content\/uploads\/2024\/04\/visite-ambassadeur-allemagne12-1536x916.jpg 1536w, https:\/\/arcampin.be\/secondaire\/wp-content\/uploads\/2024\/04\/visite-ambassadeur-allemagne12.jpg 2000w\" sizes=\"(max-width: 1024px) 100vw, 1024px\" \/><\/figure>\n<\/figure>\n\n\n<p class=\"Standard\" style=\"text-align: justify; text-justify: inter-ideograph;\"><span style=\"font-size: 14.0pt; font-family: 'Calibri','sans-serif';\">Pour Monsieur l\u2019Ambassadeur, nous ne pouvons accepter que les choses se passent mal. Nous ne pouvons pas tol\u00e9rer les slogans racistes ou antis\u00e9mites. Chacun de nous doit avoir sa responsabilit\u00e9 pour R\u00c9SISTER.<\/span><\/p>\n<p class=\"Standard\" style=\"text-align: justify; text-justify: inter-ideograph;\"><span style=\"font-size: 14.0pt; font-family: 'Calibri','sans-serif';\">\u00ab\u00a0<i>Ces lieux importants comme Breendonk et ici les anciennes cellules ne peuvent rester dans l\u2019ombre. Pour les jeunes, c\u2019est du concret. Ils peuvent voir les choses terribles qu\u2019ont connues les r\u00e9sistants durant cette p\u00e9riode-l\u00e0. Cela permet aussi d\u2019\u00eatre conscients que la d\u00e9fense du droit \u00e0 la libert\u00e9 et de la d\u00e9mocratie est importante.<\/i><\/span><\/p>\n<p class=\"Standard\" style=\"text-align: justify; text-justify: inter-ideograph;\"><i><span style=\"font-size: 14.0pt; font-family: 'Calibri','sans-serif';\">Alors que les conflits se produisent \u00e0 nouveau en Europe, tout ce qui s\u2019est pass\u00e9 lors des guerres 1914-1918 et 1940-1945 ne peuvent rester dans l\u2019oubli. Il faut, <\/span><\/i><span style=\"font-size: 14.0pt; font-family: 'Calibri','sans-serif';\">dit-il<i>, que les lieux de m\u00e9moire soient pr\u00e9serv\u00e9s\u00a0\u00bb<\/i>.<\/span><\/p>\n<p class=\"Standard\" style=\"text-align: justify; text-justify: inter-ideograph;\"><span style=\"font-size: 14.0pt; font-family: 'Calibri','sans-serif';\">C\u2019est ce sur quoi son Excellence a fortement insist\u00e9.<\/span><\/p>\n<p class=\"Standard\" style=\"text-align: justify; text-justify: inter-ideograph;\"><span style=\"font-size: 14.0pt; font-family: 'Calibri','sans-serif';\">Lien vers le reportage Not\u00e9l\u00e9\u00a0: <\/span><a href=\"https:\/\/www.notele.be\/it61-media150217-tournai-l-ambassadeur-d-allemagne-visite-les-cellules-de-detention-nazie-de-l-athenee-campin.html\">https:\/\/www.notele.be\/it61-media150217-tournai-l-ambassadeur-d-allemagne-visite-les-cellules-de-detention-nazie-de-l-athenee-campin.html<\/a><\/p>\n\n\n<figure class=\"wp-container-6 wp-block-gallery-5 wp-block-gallery has-nested-images columns-2 is-cropped\">\n<figure class=\"wp-block-image size-large\"><img loading=\"lazy\" width=\"1024\" height=\"623\" data-id=\"9660\"  src=\"https:\/\/arcampin.be\/secondaire\/wp-content\/uploads\/2024\/04\/visite-ambassadeur-allemagne6-1024x623.jpg\" alt=\"\" class=\"wp-image-9660\" srcset=\"https:\/\/arcampin.be\/secondaire\/wp-content\/uploads\/2024\/04\/visite-ambassadeur-allemagne6-1024x623.jpg 1024w, https:\/\/arcampin.be\/secondaire\/wp-content\/uploads\/2024\/04\/visite-ambassadeur-allemagne6-300x183.jpg 300w, https:\/\/arcampin.be\/secondaire\/wp-content\/uploads\/2024\/04\/visite-ambassadeur-allemagne6-768x467.jpg 768w, https:\/\/arcampin.be\/secondaire\/wp-content\/uploads\/2024\/04\/visite-ambassadeur-allemagne6-1536x935.jpg 1536w, https:\/\/arcampin.be\/secondaire\/wp-content\/uploads\/2024\/04\/visite-ambassadeur-allemagne6.jpg 2000w\" sizes=\"(max-width: 1024px) 100vw, 1024px\" \/><\/figure>\n\n\n\n<figure class=\"wp-block-image size-large\"><img loading=\"lazy\" width=\"1024\" height=\"577\" data-id=\"9662\"  src=\"https:\/\/arcampin.be\/secondaire\/wp-content\/uploads\/2024\/04\/visite-ambassadeur-allemagne7-1024x577.jpg\" alt=\"\" class=\"wp-image-9662\" srcset=\"https:\/\/arcampin.be\/secondaire\/wp-content\/uploads\/2024\/04\/visite-ambassadeur-allemagne7-1024x577.jpg 1024w, https:\/\/arcampin.be\/secondaire\/wp-content\/uploads\/2024\/04\/visite-ambassadeur-allemagne7-300x169.jpg 300w, https:\/\/arcampin.be\/secondaire\/wp-content\/uploads\/2024\/04\/visite-ambassadeur-allemagne7-768x433.jpg 768w, https:\/\/arcampin.be\/secondaire\/wp-content\/uploads\/2024\/04\/visite-ambassadeur-allemagne7-1536x866.jpg 1536w, https:\/\/arcampin.be\/secondaire\/wp-content\/uploads\/2024\/04\/visite-ambassadeur-allemagne7.jpg 2000w\" sizes=\"(max-width: 1024px) 100vw, 1024px\" \/><\/figure>\n\n\n\n<figure class=\"wp-block-image size-large\"><img loading=\"lazy\" width=\"1024\" height=\"649\" data-id=\"9661\"  src=\"https:\/\/arcampin.be\/secondaire\/wp-content\/uploads\/2024\/04\/visite-ambassadeur-allemagne9-1024x649.jpg\" alt=\"\" class=\"wp-image-9661\" srcset=\"https:\/\/arcampin.be\/secondaire\/wp-content\/uploads\/2024\/04\/visite-ambassadeur-allemagne9-1024x649.jpg 1024w, https:\/\/arcampin.be\/secondaire\/wp-content\/uploads\/2024\/04\/visite-ambassadeur-allemagne9-300x190.jpg 300w, https:\/\/arcampin.be\/secondaire\/wp-content\/uploads\/2024\/04\/visite-ambassadeur-allemagne9-768x487.jpg 768w, https:\/\/arcampin.be\/secondaire\/wp-content\/uploads\/2024\/04\/visite-ambassadeur-allemagne9-1536x974.jpg 1536w, https:\/\/arcampin.be\/secondaire\/wp-content\/uploads\/2024\/04\/visite-ambassadeur-allemagne9.jpg 2000w\" sizes=\"(max-width: 1024px) 100vw, 1024px\" \/><\/figure>\n\n\n\n<figure class=\"wp-block-image size-large\"><img loading=\"lazy\" width=\"1024\" height=\"768\" data-id=\"9663\"  src=\"https:\/\/arcampin.be\/secondaire\/wp-content\/uploads\/2024\/04\/visite-ambassadeur-allemagne10-1024x768.jpg\" alt=\"\" class=\"wp-image-9663\" srcset=\"https:\/\/arcampin.be\/secondaire\/wp-content\/uploads\/2024\/04\/visite-ambassadeur-allemagne10-1024x768.jpg 1024w, https:\/\/arcampin.be\/secondaire\/wp-content\/uploads\/2024\/04\/visite-ambassadeur-allemagne10-300x225.jpg 300w, https:\/\/arcampin.be\/secondaire\/wp-content\/uploads\/2024\/04\/visite-ambassadeur-allemagne10-768x576.jpg 768w, https:\/\/arcampin.be\/secondaire\/wp-content\/uploads\/2024\/04\/visite-ambassadeur-allemagne10-1536x1152.jpg 1536w, https:\/\/arcampin.be\/secondaire\/wp-content\/uploads\/2024\/04\/visite-ambassadeur-allemagne10.jpg 2000w\" sizes=\"(max-width: 1024px) 100vw, 1024px\" \/><\/figure>\n\n\n\n<figure class=\"wp-block-image size-large\"><img loading=\"lazy\" width=\"1024\" height=\"589\" data-id=\"9659\"  src=\"https:\/\/arcampin.be\/secondaire\/wp-content\/uploads\/2024\/04\/visite-ambassadeur-allemagne5-1024x589.jpg\" alt=\"\" class=\"wp-image-9659\" srcset=\"https:\/\/arcampin.be\/secondaire\/wp-content\/uploads\/2024\/04\/visite-ambassadeur-allemagne5-1024x589.jpg 1024w, https:\/\/arcampin.be\/secondaire\/wp-content\/uploads\/2024\/04\/visite-ambassadeur-allemagne5-300x173.jpg 300w, https:\/\/arcampin.be\/secondaire\/wp-content\/uploads\/2024\/04\/visite-ambassadeur-allemagne5-768x442.jpg 768w, https:\/\/arcampin.be\/secondaire\/wp-content\/uploads\/2024\/04\/visite-ambassadeur-allemagne5-1536x884.jpg 1536w, https:\/\/arcampin.be\/secondaire\/wp-content\/uploads\/2024\/04\/visite-ambassadeur-allemagne5.jpg 2000w\" sizes=\"(max-width: 1024px) 100vw, 1024px\" \/><\/figure>\n<\/figure>\n\n\n\n<figure class=\"wp-container-8 wp-block-gallery-7 wp-block-gallery has-nested-images columns-default is-cropped\">\n<figure class=\"wp-block-image size-large\"><img loading=\"lazy\" width=\"1024\" height=\"838\" data-id=\"9664\"  src=\"https:\/\/arcampin.be\/secondaire\/wp-content\/uploads\/2024\/04\/visite-ambassadeur-allemagne8-1024x838.jpg\" alt=\"\" class=\"wp-image-9664\" srcset=\"https:\/\/arcampin.be\/secondaire\/wp-content\/uploads\/2024\/04\/visite-ambassadeur-allemagne8-1024x838.jpg 1024w, https:\/\/arcampin.be\/secondaire\/wp-content\/uploads\/2024\/04\/visite-ambassadeur-allemagne8-300x246.jpg 300w, https:\/\/arcampin.be\/secondaire\/wp-content\/uploads\/2024\/04\/visite-ambassadeur-allemagne8-768x629.jpg 768w, https:\/\/arcampin.be\/secondaire\/wp-content\/uploads\/2024\/04\/visite-ambassadeur-allemagne8-1536x1257.jpg 1536w, https:\/\/arcampin.be\/secondaire\/wp-content\/uploads\/2024\/04\/visite-ambassadeur-allemagne8.jpg 2000w\" sizes=\"(max-width: 1024px) 100vw, 1024px\" \/><\/figure>\n<\/figure>\n","protected":false},"excerpt":{"rendered":"<p>Ce jeudi 18 avril, Monsieur Martin KOTTHAUS, Ambassadeur d\u2019Allemagne \u00e0 Bruxelles, nous a fait l\u2019honneur de venir visiter les anciennes cellules de d\u00e9tention nazie situ\u00e9es sous le b\u00e2timent de l\u2019\u00e9cole maternelle de l\u2019Ath\u00e9n\u00e9e Royal Robert Campin. C\u2019est avec un vif int\u00e9r\u00eat qu\u2019il souhaitait voir les traces encore bien visibles de ce que fut le r\u00e9gime &hellip; <a href=\"https:\/\/arcampin.be\/secondaire\/archives\/9655\" class=\"more-link\">Continuer la lecture de <span class=\"screen-reader-text\">L&rsquo;Ambassadeur d\u2019Allemagne en visite dans les anciennes cellules de d\u00e9tention \u00e0 l&rsquo;Ath\u00e9n\u00e9e Campin<\/span> <span class=\"meta-nav\">&rarr;<\/span><\/a><\/p>\n","protected":false},"author":2,"featured_media":0,"comment_status":"closed","ping_status":"open","sticky":false,"template":"","format":"standard","meta":{"jetpack_post_was_ever_published":false},"categories":[28],"tags":[],"jetpack_featured_media_url":"","_links":{"self":[{"href":"https:\/\/arcampin.be\/secondaire\/wp-json\/wp\/v2\/posts\/9655"}],"collection":[{"href":"https:\/\/arcampin.be\/secondaire\/wp-json\/wp\/v2\/posts"}],"about":[{"href":"https:\/\/arcampin.be\/secondaire\/wp-json\/wp\/v2\/types\/post"}],"author":[{"embeddable":true,"href":"https:\/\/arcampin.be\/secondaire\/wp-json\/wp\/v2\/users\/2"}],"replies":[{"embeddable":true,"href":"https:\/\/arcampin.be\/secondaire\/wp-json\/wp\/v2\/comments?post=9655"}],"version-history":[{"count":1,"href":"https:\/\/arcampin.be\/secondaire\/wp-json\/wp\/v2\/posts\/9655\/revisions"}],"predecessor-version":[{"id":9667,"href":"https:\/\/arcampin.be\/secondaire\/wp-json\/wp\/v2\/posts\/9655\/revisions\/9667"}],"wp:attachment":[{"href":"https:\/\/arcampin.be\/secondaire\/wp-json\/wp\/v2\/media?parent=9655"}],"wp:term":[{"taxonomy":"category","embeddable":true,"href":"https:\/\/arcampin.be\/secondaire\/wp-json\/wp\/v2\/categories?post=9655"},{"taxonomy":"post_tag","embeddable":true,"href":"https:\/\/arcampin.be\/secondaire\/wp-json\/wp\/v2\/tags?post=9655"}],"curies":[{"name":"wp","href":"https:\/\/api.w.org\/{rel}","templated":true}]}}