{"id":9550,"date":"2024-04-22T08:37:48","date_gmt":"2024-04-22T07:37:48","guid":{"rendered":"https:\/\/arcampin.be\/secondaire\/?p=9550"},"modified":"2024-04-25T07:06:42","modified_gmt":"2024-04-25T06:06:42","slug":"voyage-des-options-langues-modernes","status":"publish","type":"post","link":"https:\/\/arcampin.be\/secondaire\/archives\/9550","title":{"rendered":"Voyage des options Langues Modernes en Espagne"},"content":{"rendered":"\n<figure class=\"wp-container-2 wp-block-gallery-1 wp-block-gallery has-nested-images columns-1 is-cropped\">\n<figure class=\"wp-block-image size-large\"><img loading=\"lazy\" width=\"1600\" height=\"1200\" data-id=\"9578\"  src=\"https:\/\/arcampin.be\/secondaire\/wp-content\/uploads\/2024\/04\/440101194_10234055651391678_6631388872088438665_n.jpg\" alt=\"\" class=\"wp-image-9578\" srcset=\"https:\/\/arcampin.be\/secondaire\/wp-content\/uploads\/2024\/04\/440101194_10234055651391678_6631388872088438665_n.jpg 1600w, https:\/\/arcampin.be\/secondaire\/wp-content\/uploads\/2024\/04\/440101194_10234055651391678_6631388872088438665_n-300x225.jpg 300w, https:\/\/arcampin.be\/secondaire\/wp-content\/uploads\/2024\/04\/440101194_10234055651391678_6631388872088438665_n-1024x768.jpg 1024w, https:\/\/arcampin.be\/secondaire\/wp-content\/uploads\/2024\/04\/440101194_10234055651391678_6631388872088438665_n-768x576.jpg 768w, https:\/\/arcampin.be\/secondaire\/wp-content\/uploads\/2024\/04\/440101194_10234055651391678_6631388872088438665_n-1536x1152.jpg 1536w\" sizes=\"(max-width: 1600px) 100vw, 1600px\" \/><\/figure>\n\n\n\n<figure class=\"wp-block-image size-large\"><img loading=\"lazy\" width=\"2048\" height=\"1536\" data-id=\"9551\"  src=\"https:\/\/arcampin.be\/secondaire\/wp-content\/uploads\/2024\/04\/437547264_10234046776169803_5781503322929260138_n.jpg\" alt=\"\" class=\"wp-image-9551\" srcset=\"https:\/\/arcampin.be\/secondaire\/wp-content\/uploads\/2024\/04\/437547264_10234046776169803_5781503322929260138_n.jpg 2048w, https:\/\/arcampin.be\/secondaire\/wp-content\/uploads\/2024\/04\/437547264_10234046776169803_5781503322929260138_n-300x225.jpg 300w, https:\/\/arcampin.be\/secondaire\/wp-content\/uploads\/2024\/04\/437547264_10234046776169803_5781503322929260138_n-1024x768.jpg 1024w, https:\/\/arcampin.be\/secondaire\/wp-content\/uploads\/2024\/04\/437547264_10234046776169803_5781503322929260138_n-768x576.jpg 768w, https:\/\/arcampin.be\/secondaire\/wp-content\/uploads\/2024\/04\/437547264_10234046776169803_5781503322929260138_n-1536x1152.jpg 1536w\" sizes=\"(max-width: 2048px) 100vw, 2048px\" \/><\/figure>\n<\/figure>\n\n\n<div class=\"xdj266r x11i5rnm xat24cr x1mh8g0r x1vvkbs x126k92a\">\n<div dir=\"auto\"><em>C\u2019est le moment du grand d\u00e9part pour les 9 \u00e9l\u00e8ves de l\u2019Option Langues !<\/em><\/div>\n<div dir=\"auto\">\u00a0<\/div>\n<\/div>\n<div class=\"x11i5rnm xat24cr x1mh8g0r x1vvkbs xtlvy1s x126k92a\">\n<div dir=\"auto\"><em>La premi\u00e8re journ\u00e9e sera consacr\u00e9e \u00e0 la visite de la ville de Madrid, sous le soleil et une temp\u00e9rature avoisinant les 20 degr\u00e9s \u00e0 l\u2019ombre. La m\u00e9t\u00e9o belge ne nous manquera pas !<\/em><\/div>\n<\/div>\n<div class=\"x11i5rnm xat24cr x1mh8g0r x1vvkbs xtlvy1s x126k92a\">\n<div dir=\"auto\">\u00a0<\/div>\n<div dir=\"auto\"><em>Toute la semaine, nous vous tiendrons au courant de nos aventures espagnoles par une publication quotidienne sur ce groupe !<\/em><\/div>\n<div dir=\"auto\">\u00a0<\/div>\n<\/div>\n<div class=\"x11i5rnm xat24cr x1mh8g0r x1vvkbs xtlvy1s x126k92a\">\n<div dir=\"auto\"><em>Hasta luego !<\/em><\/div>\n<\/div>\n\n\n<figure class=\"wp-container-4 wp-block-gallery-3 wp-block-gallery has-nested-images columns-2 is-cropped\">\n<figure class=\"wp-block-image size-large\"><img loading=\"lazy\" width=\"768\" height=\"1024\" data-id=\"9582\"  src=\"https:\/\/arcampin.be\/secondaire\/wp-content\/uploads\/2024\/04\/440121200_10234055651671685_2452396039756381884_n-768x1024.jpg\" alt=\"\" class=\"wp-image-9582\" srcset=\"https:\/\/arcampin.be\/secondaire\/wp-content\/uploads\/2024\/04\/440121200_10234055651671685_2452396039756381884_n-768x1024.jpg 768w, https:\/\/arcampin.be\/secondaire\/wp-content\/uploads\/2024\/04\/440121200_10234055651671685_2452396039756381884_n-225x300.jpg 225w, https:\/\/arcampin.be\/secondaire\/wp-content\/uploads\/2024\/04\/440121200_10234055651671685_2452396039756381884_n-1152x1536.jpg 1152w, https:\/\/arcampin.be\/secondaire\/wp-content\/uploads\/2024\/04\/440121200_10234055651671685_2452396039756381884_n.jpg 1536w\" sizes=\"(max-width: 768px) 100vw, 768px\" \/><\/figure>\n\n\n\n<figure class=\"wp-block-image size-large\"><img loading=\"lazy\" width=\"720\" height=\"960\" data-id=\"9581\"  src=\"https:\/\/arcampin.be\/secondaire\/wp-content\/uploads\/2024\/04\/438082083_10234055632991218_5316016931296954737_n.jpg\" alt=\"\" class=\"wp-image-9581\" srcset=\"https:\/\/arcampin.be\/secondaire\/wp-content\/uploads\/2024\/04\/438082083_10234055632991218_5316016931296954737_n.jpg 720w, https:\/\/arcampin.be\/secondaire\/wp-content\/uploads\/2024\/04\/438082083_10234055632991218_5316016931296954737_n-225x300.jpg 225w\" sizes=\"(max-width: 720px) 100vw, 720px\" \/><\/figure>\n\n\n\n<figure class=\"wp-block-image size-large\"><img loading=\"lazy\" width=\"720\" height=\"960\" data-id=\"9580\"  src=\"https:\/\/arcampin.be\/secondaire\/wp-content\/uploads\/2024\/04\/438160610_10234055632551207_8875779066067799057_n.jpg\" alt=\"\" class=\"wp-image-9580\" srcset=\"https:\/\/arcampin.be\/secondaire\/wp-content\/uploads\/2024\/04\/438160610_10234055632551207_8875779066067799057_n.jpg 720w, https:\/\/arcampin.be\/secondaire\/wp-content\/uploads\/2024\/04\/438160610_10234055632551207_8875779066067799057_n-225x300.jpg 225w\" sizes=\"(max-width: 720px) 100vw, 720px\" \/><\/figure>\n\n\n\n<figure class=\"wp-block-image size-large\"><img loading=\"lazy\" width=\"720\" height=\"960\" data-id=\"9579\"  src=\"https:\/\/arcampin.be\/secondaire\/wp-content\/uploads\/2024\/04\/437712206_10234055630191148_8728685390774313466_n.jpg\" alt=\"\" class=\"wp-image-9579\" srcset=\"https:\/\/arcampin.be\/secondaire\/wp-content\/uploads\/2024\/04\/437712206_10234055630191148_8728685390774313466_n.jpg 720w, https:\/\/arcampin.be\/secondaire\/wp-content\/uploads\/2024\/04\/437712206_10234055630191148_8728685390774313466_n-225x300.jpg 225w\" sizes=\"(max-width: 720px) 100vw, 720px\" \/><\/figure>\n\n\n\n<figure class=\"wp-block-image size-large\"><img loading=\"lazy\" width=\"768\" height=\"1024\" data-id=\"9583\"  src=\"https:\/\/arcampin.be\/secondaire\/wp-content\/uploads\/2024\/04\/439253700_10234055651591683_4737837145173839510_n-768x1024.jpg\" alt=\"\" class=\"wp-image-9583\" srcset=\"https:\/\/arcampin.be\/secondaire\/wp-content\/uploads\/2024\/04\/439253700_10234055651591683_4737837145173839510_n-768x1024.jpg 768w, https:\/\/arcampin.be\/secondaire\/wp-content\/uploads\/2024\/04\/439253700_10234055651591683_4737837145173839510_n-225x300.jpg 225w, https:\/\/arcampin.be\/secondaire\/wp-content\/uploads\/2024\/04\/439253700_10234055651591683_4737837145173839510_n-1152x1536.jpg 1152w, https:\/\/arcampin.be\/secondaire\/wp-content\/uploads\/2024\/04\/439253700_10234055651591683_4737837145173839510_n.jpg 1536w\" sizes=\"(max-width: 768px) 100vw, 768px\" \/><\/figure>\n\n\n\n<figure class=\"wp-block-image size-large\"><img loading=\"lazy\" width=\"768\" height=\"1024\" data-id=\"9584\"  src=\"https:\/\/arcampin.be\/secondaire\/wp-content\/uploads\/2024\/04\/440160618_10234055652271700_7491163348366655447_n-768x1024.jpg\" alt=\"\" class=\"wp-image-9584\" srcset=\"https:\/\/arcampin.be\/secondaire\/wp-content\/uploads\/2024\/04\/440160618_10234055652271700_7491163348366655447_n-768x1024.jpg 768w, https:\/\/arcampin.be\/secondaire\/wp-content\/uploads\/2024\/04\/440160618_10234055652271700_7491163348366655447_n-225x300.jpg 225w, https:\/\/arcampin.be\/secondaire\/wp-content\/uploads\/2024\/04\/440160618_10234055652271700_7491163348366655447_n-1152x1536.jpg 1152w, https:\/\/arcampin.be\/secondaire\/wp-content\/uploads\/2024\/04\/440160618_10234055652271700_7491163348366655447_n.jpg 1536w\" sizes=\"(max-width: 768px) 100vw, 768px\" \/><\/figure>\n<\/figure>\n\n\n<div class=\"xdj266r x11i5rnm xat24cr x1mh8g0r x1vvkbs x126k92a\">\n<div dir=\"auto\"><em>Buenas tardes !<\/em><\/div>\n<div dir=\"auto\">&nbsp;<\/div>\n<\/div>\n<div class=\"x11i5rnm xat24cr x1mh8g0r x1vvkbs xtlvy1s x126k92a\">\n<div dir=\"auto\"><em>Quelques nouvelles des \u00e9l\u00e8ves de 5eme de l\u2019Option Langues partis en Espagne<\/em><\/div>\n<\/div>\n<div class=\"x11i5rnm xat24cr x1mh8g0r x1vvkbs xtlvy1s x126k92a\">\n<div dir=\"auto\"><em>Hier, nous avons visit\u00e9 Madrid, son Palais Royal (construit sur le mod\u00e8le de Versailles), sa cath\u00e9drale aux vitraux particuliers, son impressionnante Plaza Mayor et les rues commer\u00e7antes de la Puerta del sol.<\/em><\/div>\n<\/div>\n\n\n<figure class=\"wp-container-6 wp-block-gallery-5 wp-block-gallery has-nested-images columns-default is-cropped\">\n<figure class=\"wp-block-image size-large\"><img loading=\"lazy\" width=\"1024\" height=\"768\" data-id=\"9585\"  src=\"https:\/\/arcampin.be\/secondaire\/wp-content\/uploads\/2024\/04\/439232141_10234055652191698_6894186767751061950_n-1024x768.jpg\" alt=\"\" class=\"wp-image-9585\" srcset=\"https:\/\/arcampin.be\/secondaire\/wp-content\/uploads\/2024\/04\/439232141_10234055652191698_6894186767751061950_n-1024x768.jpg 1024w, https:\/\/arcampin.be\/secondaire\/wp-content\/uploads\/2024\/04\/439232141_10234055652191698_6894186767751061950_n-300x225.jpg 300w, https:\/\/arcampin.be\/secondaire\/wp-content\/uploads\/2024\/04\/439232141_10234055652191698_6894186767751061950_n-768x576.jpg 768w, https:\/\/arcampin.be\/secondaire\/wp-content\/uploads\/2024\/04\/439232141_10234055652191698_6894186767751061950_n-1536x1152.jpg 1536w, https:\/\/arcampin.be\/secondaire\/wp-content\/uploads\/2024\/04\/439232141_10234055652191698_6894186767751061950_n.jpg 2048w\" sizes=\"(max-width: 1024px) 100vw, 1024px\" \/><\/figure>\n<\/figure>\n\n\n\n<figure class=\"wp-container-8 wp-block-gallery-7 wp-block-gallery has-nested-images columns-default is-cropped\">\n<figure class=\"wp-block-image size-large\"><img loading=\"lazy\" width=\"1024\" height=\"461\" data-id=\"9586\"  src=\"https:\/\/arcampin.be\/secondaire\/wp-content\/uploads\/2024\/04\/437545935_10234055629431129_3531159268483171506_n-1024x461.jpg\" alt=\"\" class=\"wp-image-9586\" srcset=\"https:\/\/arcampin.be\/secondaire\/wp-content\/uploads\/2024\/04\/437545935_10234055629431129_3531159268483171506_n-1024x461.jpg 1024w, https:\/\/arcampin.be\/secondaire\/wp-content\/uploads\/2024\/04\/437545935_10234055629431129_3531159268483171506_n-300x135.jpg 300w, https:\/\/arcampin.be\/secondaire\/wp-content\/uploads\/2024\/04\/437545935_10234055629431129_3531159268483171506_n-768x346.jpg 768w, https:\/\/arcampin.be\/secondaire\/wp-content\/uploads\/2024\/04\/437545935_10234055629431129_3531159268483171506_n.jpg 1422w\" sizes=\"(max-width: 1024px) 100vw, 1024px\" \/><\/figure>\n<\/figure>\n\n\n<div class=\"x11i5rnm xat24cr x1mh8g0r x1vvkbs xtlvy1s x126k92a\">\n<div dir=\"auto\"><em>Aujourd\u2019hui, le d\u00e9but de journ\u00e9e \u00e9tait consacr\u00e9 aux cours avec une \u00ab native \u00bb qui a f\u00e9licit\u00e9 les \u00e9l\u00e8ves pour le niveau atteint apr\u00e8s seulement 8 mois.<\/em><\/div>\n<div dir=\"auto\">\u00a0<\/div>\n<div dir=\"auto\"><em>Cet apr\u00e8s-midi, nous avons parcouru la muraille d\u2019Avila, vieille de plus de mille ans, sous un soleil radieux mais un vent tr\u00e8s frais qui en a fait fr\u00e9mir plusieurs. Au terme de cette journ\u00e9e, nous avons pu profiter de churros bien chauds pour nous r\u00e9chauffer.<\/em><\/div>\n<\/div>\n<div class=\"x11i5rnm xat24cr x1mh8g0r x1vvkbs xtlvy1s x126k92a\">\n<div dir=\"auto\">\u00a0<\/div>\n<\/div>\n<div class=\"x11i5rnm xat24cr x1mh8g0r x1vvkbs xtlvy1s x126k92a\">\n<div dir=\"auto\"><em>Hasta ma\u00f1ana !<\/em><\/div>\n<\/div>\n\n\n<figure class=\"wp-block-image size-full\"><img loading=\"lazy\" width=\"960\" height=\"720\" src=\"https:\/\/arcampin.be\/secondaire\/wp-content\/uploads\/2024\/04\/438099187_10234055627991093_1750951666584360372_n-1.jpg\" alt=\"\" class=\"wp-image-9591\" srcset=\"https:\/\/arcampin.be\/secondaire\/wp-content\/uploads\/2024\/04\/438099187_10234055627991093_1750951666584360372_n-1.jpg 960w, https:\/\/arcampin.be\/secondaire\/wp-content\/uploads\/2024\/04\/438099187_10234055627991093_1750951666584360372_n-1-300x225.jpg 300w, https:\/\/arcampin.be\/secondaire\/wp-content\/uploads\/2024\/04\/438099187_10234055627991093_1750951666584360372_n-1-768x576.jpg 768w\" sizes=\"(max-width: 960px) 100vw, 960px\" \/><\/figure>\n\n\n\n<figure class=\"wp-container-10 wp-block-gallery-9 wp-block-gallery has-nested-images columns-2 is-cropped\">\n<figure class=\"wp-block-image size-large\"><img loading=\"lazy\" width=\"720\" height=\"960\" data-id=\"9587\"  src=\"https:\/\/arcampin.be\/secondaire\/wp-content\/uploads\/2024\/04\/438163017_10234055628911116_1897563207043497015_n.jpg\" alt=\"\" class=\"wp-image-9587\" srcset=\"https:\/\/arcampin.be\/secondaire\/wp-content\/uploads\/2024\/04\/438163017_10234055628911116_1897563207043497015_n.jpg 720w, https:\/\/arcampin.be\/secondaire\/wp-content\/uploads\/2024\/04\/438163017_10234055628911116_1897563207043497015_n-225x300.jpg 225w\" sizes=\"(max-width: 720px) 100vw, 720px\" \/><\/figure>\n\n\n\n<figure class=\"wp-block-image size-large\"><img loading=\"lazy\" width=\"768\" height=\"1024\" data-id=\"9589\"  src=\"https:\/\/arcampin.be\/secondaire\/wp-content\/uploads\/2024\/04\/440352111_10234055651831689_8556914841464625135_n-768x1024.jpg\" alt=\"\" class=\"wp-image-9589\" srcset=\"https:\/\/arcampin.be\/secondaire\/wp-content\/uploads\/2024\/04\/440352111_10234055651831689_8556914841464625135_n-768x1024.jpg 768w, https:\/\/arcampin.be\/secondaire\/wp-content\/uploads\/2024\/04\/440352111_10234055651831689_8556914841464625135_n-225x300.jpg 225w, https:\/\/arcampin.be\/secondaire\/wp-content\/uploads\/2024\/04\/440352111_10234055651831689_8556914841464625135_n-1152x1536.jpg 1152w, https:\/\/arcampin.be\/secondaire\/wp-content\/uploads\/2024\/04\/440352111_10234055651831689_8556914841464625135_n.jpg 1536w\" sizes=\"(max-width: 768px) 100vw, 768px\" \/><\/figure>\n<\/figure>\n\n\n\n<figure class=\"wp-block-image size-full\"><img loading=\"lazy\" width=\"960\" height=\"720\" src=\"https:\/\/arcampin.be\/secondaire\/wp-content\/uploads\/2024\/04\/437515821_10234055626511056_8452761022456340975_n.jpg\" alt=\"\" class=\"wp-image-9590\" srcset=\"https:\/\/arcampin.be\/secondaire\/wp-content\/uploads\/2024\/04\/437515821_10234055626511056_8452761022456340975_n.jpg 960w, https:\/\/arcampin.be\/secondaire\/wp-content\/uploads\/2024\/04\/437515821_10234055626511056_8452761022456340975_n-300x225.jpg 300w, https:\/\/arcampin.be\/secondaire\/wp-content\/uploads\/2024\/04\/437515821_10234055626511056_8452761022456340975_n-768x576.jpg 768w\" sizes=\"(max-width: 960px) 100vw, 960px\" \/><\/figure>\n\n\n<div class=\"x11i5rnm xat24cr x1mh8g0r x1vvkbs xtlvy1s x126k92a\">\n<div dir=\"auto\"><em>Algunas noticias del viaje en Espa\u00f1a !<\/em><\/div>\n<div dir=\"auto\">&nbsp;<\/div>\n<\/div>\n<div class=\"x11i5rnm xat24cr x1mh8g0r x1vvkbs xtlvy1s x126k92a\">\n<div dir=\"auto\"><em>La journ\u00e9e a commenc\u00e9 par le traditionnel cours de la matin\u00e9e et la visite de la ville de Salamanque \u00e9tait au programme de l\u2019apr\u00e8s-midi.<\/em><\/div>\n<div dir=\"auto\">&nbsp;<\/div>\n<\/div>\n<div class=\"x11i5rnm xat24cr x1mh8g0r x1vvkbs xtlvy1s x126k92a\">\n<div dir=\"auto\"><em>La ville de Salamanque a la particularit\u00e9 d\u2019avoir deux cath\u00e9drales dont la plus r\u00e9cente, dans les photos ci-dessous, comprend sur sa fa\u00e7ade un astronaute (lors d\u2019une r\u00e9novation en 1969, un artisan avait voulu \u00ab graver dans la pierre \u00bb le premier pas de l\u2019homme sur la lune).<\/em><\/div>\n<\/div>\n\n\n<figure class=\"wp-container-12 wp-block-gallery-11 wp-block-gallery has-nested-images columns-1 is-cropped\">\n<figure class=\"wp-block-image size-large\"><img loading=\"lazy\" width=\"768\" height=\"1024\" data-id=\"9619\"  src=\"https:\/\/arcampin.be\/secondaire\/wp-content\/uploads\/2024\/04\/439232539_10234059912698208_3010433889753440607_n-768x1024.jpg\" alt=\"\" class=\"wp-image-9619\" srcset=\"https:\/\/arcampin.be\/secondaire\/wp-content\/uploads\/2024\/04\/439232539_10234059912698208_3010433889753440607_n-768x1024.jpg 768w, https:\/\/arcampin.be\/secondaire\/wp-content\/uploads\/2024\/04\/439232539_10234059912698208_3010433889753440607_n-225x300.jpg 225w, https:\/\/arcampin.be\/secondaire\/wp-content\/uploads\/2024\/04\/439232539_10234059912698208_3010433889753440607_n-1152x1536.jpg 1152w, https:\/\/arcampin.be\/secondaire\/wp-content\/uploads\/2024\/04\/439232539_10234059912698208_3010433889753440607_n.jpg 1536w\" sizes=\"(max-width: 768px) 100vw, 768px\" \/><\/figure>\n\n\n\n<figure class=\"wp-block-image size-large\"><img loading=\"lazy\" width=\"768\" height=\"1024\" data-id=\"9618\"  src=\"https:\/\/arcampin.be\/secondaire\/wp-content\/uploads\/2024\/04\/440005858_10234059912778210_5236443172743375763_n-768x1024.jpg\" alt=\"\" class=\"wp-image-9618\" srcset=\"https:\/\/arcampin.be\/secondaire\/wp-content\/uploads\/2024\/04\/440005858_10234059912778210_5236443172743375763_n-768x1024.jpg 768w, https:\/\/arcampin.be\/secondaire\/wp-content\/uploads\/2024\/04\/440005858_10234059912778210_5236443172743375763_n-225x300.jpg 225w, https:\/\/arcampin.be\/secondaire\/wp-content\/uploads\/2024\/04\/440005858_10234059912778210_5236443172743375763_n-1152x1536.jpg 1152w, https:\/\/arcampin.be\/secondaire\/wp-content\/uploads\/2024\/04\/440005858_10234059912778210_5236443172743375763_n.jpg 1536w\" sizes=\"(max-width: 768px) 100vw, 768px\" \/><\/figure>\n<\/figure>\n\n\n<div class=\"x11i5rnm xat24cr x1mh8g0r x1vvkbs xtlvy1s x126k92a\">&nbsp;<\/div>\n<div class=\"x11i5rnm xat24cr x1mh8g0r x1vvkbs xtlvy1s x126k92a\">\n<div dir=\"auto\"><em>L\u2019universit\u00e9 de Salamanque est aussi une des plus vieilles d\u2019Europe et l\u2019endroit o\u00f9 la Se\u00f1ora <span class=\"xt0psk2\">Chapitre<\/span> a en partie \u00e9tudi\u00e9. Elle nous a donc fait profiter d\u2019une visite particuli\u00e8re (mais ne nous a rien d\u00e9voil\u00e9 sur sa vie \u00e9tudiante tr\u00e9pidante\u2026) sous le soleil pour d\u00e9couvrir cette magnifique cit\u00e9 de plus de 2000 ans.<\/em><\/div>\n<\/div>\n\n\n<figure class=\"wp-block-image size-large\"><img loading=\"lazy\" width=\"1024\" height=\"768\" src=\"https:\/\/arcampin.be\/secondaire\/wp-content\/uploads\/2024\/04\/440096830_10234065985490024_2973224167403905058_n-1024x768.jpg\" alt=\"\" class=\"wp-image-9668\" srcset=\"https:\/\/arcampin.be\/secondaire\/wp-content\/uploads\/2024\/04\/440096830_10234065985490024_2973224167403905058_n-1024x768.jpg 1024w, https:\/\/arcampin.be\/secondaire\/wp-content\/uploads\/2024\/04\/440096830_10234065985490024_2973224167403905058_n-300x225.jpg 300w, https:\/\/arcampin.be\/secondaire\/wp-content\/uploads\/2024\/04\/440096830_10234065985490024_2973224167403905058_n-768x576.jpg 768w, https:\/\/arcampin.be\/secondaire\/wp-content\/uploads\/2024\/04\/440096830_10234065985490024_2973224167403905058_n-1536x1152.jpg 1536w, https:\/\/arcampin.be\/secondaire\/wp-content\/uploads\/2024\/04\/440096830_10234065985490024_2973224167403905058_n.jpg 2048w\" sizes=\"(max-width: 1024px) 100vw, 1024px\" \/><\/figure>\n\n\n<div class=\"x11i5rnm xat24cr x1mh8g0r x1vvkbs xtlvy1s x126k92a\">\n<div dir=\"auto\"><em>Apr\u00e8s les cours en matin\u00e9e, direction S\u00e9govie !<\/em><\/div>\n<div dir=\"auto\">\u00a0<\/div>\n<\/div>\n<div class=\"x11i5rnm xat24cr x1mh8g0r x1vvkbs xtlvy1s x126k92a\">\n<div dir=\"auto\"><em>L\u2019aqueduc romain, construit au deuxi\u00e8me si\u00e8cle, est un des monuments embl\u00e9matiques de cette cit\u00e9. Il a servi jusque 1973 et est inscrit au Patrimoine de l\u2019Humanit\u00e9 de l\u2019Unesco.<\/em><\/div>\n<div dir=\"auto\">\u00a0<\/div>\n<\/div>\n<div class=\"x11i5rnm xat24cr x1mh8g0r x1vvkbs xtlvy1s x126k92a\">\n<div dir=\"auto\"><em>L\u2019Alcazar, ancienne demeure des rois d\u2019Espagne durant le Moyen \u00e2ge, est un b\u00e2timent magnifique. Ancienne forteresse, il fut aussi utilis\u00e9 comme \u00e9cole militaire pour les artilleurs. Li\u00e9 \u00e0 ce domaine, le laboratoire royal de chimie a permis \u00e0 nos \u00e9l\u00e8ves de faire un joli clin d\u2019\u0153il \u00e0 leur professeur Mr <span class=\"xt0psk2\">Balsacq<\/span>.<\/em><\/div>\n<\/div>\n\n\n<figure class=\"wp-container-14 wp-block-gallery-13 wp-block-gallery has-nested-images columns-2 is-cropped\">\n<figure class=\"wp-block-image size-large\"><img loading=\"lazy\" width=\"1024\" height=\"768\" data-id=\"9672\"  src=\"https:\/\/arcampin.be\/secondaire\/wp-content\/uploads\/2024\/04\/439998515_10234065984770006_7158979037325307991_n-1024x768.jpg\" alt=\"\" class=\"wp-image-9672\" srcset=\"https:\/\/arcampin.be\/secondaire\/wp-content\/uploads\/2024\/04\/439998515_10234065984770006_7158979037325307991_n-1024x768.jpg 1024w, https:\/\/arcampin.be\/secondaire\/wp-content\/uploads\/2024\/04\/439998515_10234065984770006_7158979037325307991_n-300x225.jpg 300w, https:\/\/arcampin.be\/secondaire\/wp-content\/uploads\/2024\/04\/439998515_10234065984770006_7158979037325307991_n-768x576.jpg 768w, https:\/\/arcampin.be\/secondaire\/wp-content\/uploads\/2024\/04\/439998515_10234065984770006_7158979037325307991_n-1536x1152.jpg 1536w, https:\/\/arcampin.be\/secondaire\/wp-content\/uploads\/2024\/04\/439998515_10234065984770006_7158979037325307991_n.jpg 2048w\" sizes=\"(max-width: 1024px) 100vw, 1024px\" \/><\/figure>\n\n\n\n<figure class=\"wp-block-image size-large\"><img loading=\"lazy\" width=\"1024\" height=\"768\" data-id=\"9671\"  src=\"https:\/\/arcampin.be\/secondaire\/wp-content\/uploads\/2024\/04\/440132394_10234065984369996_688376356165755639_n-1024x768.jpg\" alt=\"\" class=\"wp-image-9671\" srcset=\"https:\/\/arcampin.be\/secondaire\/wp-content\/uploads\/2024\/04\/440132394_10234065984369996_688376356165755639_n-1024x768.jpg 1024w, https:\/\/arcampin.be\/secondaire\/wp-content\/uploads\/2024\/04\/440132394_10234065984369996_688376356165755639_n-300x225.jpg 300w, https:\/\/arcampin.be\/secondaire\/wp-content\/uploads\/2024\/04\/440132394_10234065984369996_688376356165755639_n-768x576.jpg 768w, https:\/\/arcampin.be\/secondaire\/wp-content\/uploads\/2024\/04\/440132394_10234065984369996_688376356165755639_n-1536x1152.jpg 1536w, https:\/\/arcampin.be\/secondaire\/wp-content\/uploads\/2024\/04\/440132394_10234065984369996_688376356165755639_n.jpg 2048w\" sizes=\"(max-width: 1024px) 100vw, 1024px\" \/><\/figure>\n\n\n\n<figure class=\"wp-block-image size-large\"><img loading=\"lazy\" width=\"1024\" height=\"768\" data-id=\"9670\"  src=\"https:\/\/arcampin.be\/secondaire\/wp-content\/uploads\/2024\/04\/439342420_10234065985330020_3155768372856111883_n-1024x768.jpg\" alt=\"\" class=\"wp-image-9670\" srcset=\"https:\/\/arcampin.be\/secondaire\/wp-content\/uploads\/2024\/04\/439342420_10234065985330020_3155768372856111883_n-1024x768.jpg 1024w, https:\/\/arcampin.be\/secondaire\/wp-content\/uploads\/2024\/04\/439342420_10234065985330020_3155768372856111883_n-300x225.jpg 300w, https:\/\/arcampin.be\/secondaire\/wp-content\/uploads\/2024\/04\/439342420_10234065985330020_3155768372856111883_n-768x576.jpg 768w, https:\/\/arcampin.be\/secondaire\/wp-content\/uploads\/2024\/04\/439342420_10234065985330020_3155768372856111883_n-1536x1152.jpg 1536w, https:\/\/arcampin.be\/secondaire\/wp-content\/uploads\/2024\/04\/439342420_10234065985330020_3155768372856111883_n.jpg 2048w\" sizes=\"(max-width: 1024px) 100vw, 1024px\" \/><\/figure>\n<\/figure>\n\n\n<div class=\"x11i5rnm xat24cr x1mh8g0r x1vvkbs xtlvy1s x126k92a\">\n<div dir=\"auto\"><em>Enfin, la Cath\u00e9drale de Segovie a \u00e9t\u00e9 construite au XVIe si\u00e8cle et consacr\u00e9e au XVIIIe si\u00e8cle. Sa hauteur est vraiment impressionnante.<\/em><\/div>\n<div dir=\"auto\">\u00a0<\/div>\n<\/div>\n<div class=\"x11i5rnm xat24cr x1mh8g0r x1vvkbs xtlvy1s x126k92a\">\n<div dir=\"auto\"><em>Durant la balade, nos \u00e9l\u00e8ves ont pu montrer leurs talents de guide car ils \u00e9taient en charge de l\u2019explication, en espagnol \u00e9videmment, des monuments importants.<\/em><\/div>\n<\/div>\n<div class=\"x11i5rnm xat24cr x1mh8g0r x1vvkbs xtlvy1s x126k92a\">\n<div dir=\"auto\"><em>Hasta ma\u00f1ana !<\/em><\/div>\n<\/div>\n\n\n<figure class=\"wp-container-16 wp-block-gallery-15 wp-block-gallery has-nested-images columns-2 is-cropped\">\n<figure class=\"wp-block-image size-large\"><img loading=\"lazy\" width=\"1024\" height=\"768\" data-id=\"9673\"  src=\"https:\/\/arcampin.be\/secondaire\/wp-content\/uploads\/2024\/04\/440178203_10234065985570026_411603603544119093_n-1024x768.jpg\" alt=\"\" class=\"wp-image-9673\" srcset=\"https:\/\/arcampin.be\/secondaire\/wp-content\/uploads\/2024\/04\/440178203_10234065985570026_411603603544119093_n-1024x768.jpg 1024w, https:\/\/arcampin.be\/secondaire\/wp-content\/uploads\/2024\/04\/440178203_10234065985570026_411603603544119093_n-300x225.jpg 300w, https:\/\/arcampin.be\/secondaire\/wp-content\/uploads\/2024\/04\/440178203_10234065985570026_411603603544119093_n-768x576.jpg 768w, https:\/\/arcampin.be\/secondaire\/wp-content\/uploads\/2024\/04\/440178203_10234065985570026_411603603544119093_n-1536x1152.jpg 1536w, https:\/\/arcampin.be\/secondaire\/wp-content\/uploads\/2024\/04\/440178203_10234065985570026_411603603544119093_n.jpg 1600w\" sizes=\"(max-width: 1024px) 100vw, 1024px\" \/><\/figure>\n\n\n\n<figure class=\"wp-block-image size-large\"><img loading=\"lazy\" width=\"768\" height=\"1024\" data-id=\"9674\"  src=\"https:\/\/arcampin.be\/secondaire\/wp-content\/uploads\/2024\/04\/440089476_10234065984570001_7890569942143467071_n-768x1024.jpg\" alt=\"\" class=\"wp-image-9674\" srcset=\"https:\/\/arcampin.be\/secondaire\/wp-content\/uploads\/2024\/04\/440089476_10234065984570001_7890569942143467071_n-768x1024.jpg 768w, https:\/\/arcampin.be\/secondaire\/wp-content\/uploads\/2024\/04\/440089476_10234065984570001_7890569942143467071_n-225x300.jpg 225w, https:\/\/arcampin.be\/secondaire\/wp-content\/uploads\/2024\/04\/440089476_10234065984570001_7890569942143467071_n-1152x1536.jpg 1152w, https:\/\/arcampin.be\/secondaire\/wp-content\/uploads\/2024\/04\/440089476_10234065984570001_7890569942143467071_n.jpg 1536w\" sizes=\"(max-width: 768px) 100vw, 768px\" \/><\/figure>\n<\/figure>\n\n\n\n<figure class=\"wp-container-18 wp-block-gallery-17 wp-block-gallery has-nested-images columns-1 is-cropped\">\n<figure class=\"wp-block-image size-large\"><img loading=\"lazy\" width=\"1024\" height=\"768\" data-id=\"9677\"  src=\"https:\/\/arcampin.be\/secondaire\/wp-content\/uploads\/2024\/04\/440102885_10234065985050013_6062316785538634883_n-1-1024x768.jpg\" alt=\"\" class=\"wp-image-9677\" srcset=\"https:\/\/arcampin.be\/secondaire\/wp-content\/uploads\/2024\/04\/440102885_10234065985050013_6062316785538634883_n-1-1024x768.jpg 1024w, https:\/\/arcampin.be\/secondaire\/wp-content\/uploads\/2024\/04\/440102885_10234065985050013_6062316785538634883_n-1-300x225.jpg 300w, https:\/\/arcampin.be\/secondaire\/wp-content\/uploads\/2024\/04\/440102885_10234065985050013_6062316785538634883_n-1-768x576.jpg 768w, https:\/\/arcampin.be\/secondaire\/wp-content\/uploads\/2024\/04\/440102885_10234065985050013_6062316785538634883_n-1-1536x1152.jpg 1536w, https:\/\/arcampin.be\/secondaire\/wp-content\/uploads\/2024\/04\/440102885_10234065985050013_6062316785538634883_n-1.jpg 2048w\" sizes=\"(max-width: 1024px) 100vw, 1024px\" \/><\/figure>\n\n\n\n<figure class=\"wp-block-image size-large\"><img loading=\"lazy\" width=\"768\" height=\"1024\" data-id=\"9678\"  src=\"https:\/\/arcampin.be\/secondaire\/wp-content\/uploads\/2024\/04\/439235821_10234065985850033_7768294791674979344_n-1-768x1024.jpg\" alt=\"\" class=\"wp-image-9678\" srcset=\"https:\/\/arcampin.be\/secondaire\/wp-content\/uploads\/2024\/04\/439235821_10234065985850033_7768294791674979344_n-1-768x1024.jpg 768w, https:\/\/arcampin.be\/secondaire\/wp-content\/uploads\/2024\/04\/439235821_10234065985850033_7768294791674979344_n-1-225x300.jpg 225w, https:\/\/arcampin.be\/secondaire\/wp-content\/uploads\/2024\/04\/439235821_10234065985850033_7768294791674979344_n-1-1152x1536.jpg 1152w, https:\/\/arcampin.be\/secondaire\/wp-content\/uploads\/2024\/04\/439235821_10234065985850033_7768294791674979344_n-1.jpg 1536w\" sizes=\"(max-width: 768px) 100vw, 768px\" \/><\/figure>\n<\/figure>\n","protected":false},"excerpt":{"rendered":"<p>C\u2019est le moment du grand d\u00e9part pour les 9 \u00e9l\u00e8ves de l\u2019Option Langues ! \u00a0 La premi\u00e8re journ\u00e9e sera consacr\u00e9e \u00e0 la visite de la ville de Madrid, sous le soleil et une temp\u00e9rature avoisinant les 20 degr\u00e9s \u00e0 l\u2019ombre. La m\u00e9t\u00e9o belge ne nous manquera pas ! \u00a0 Toute la semaine, nous vous tiendrons &hellip; <a href=\"https:\/\/arcampin.be\/secondaire\/archives\/9550\" class=\"more-link\">Continuer la lecture de <span class=\"screen-reader-text\">Voyage des options Langues Modernes en Espagne<\/span> <span class=\"meta-nav\">&rarr;<\/span><\/a><\/p>\n","protected":false},"author":2,"featured_media":0,"comment_status":"closed","ping_status":"open","sticky":false,"template":"","format":"standard","meta":{"jetpack_post_was_ever_published":false},"categories":[27],"tags":[],"jetpack_featured_media_url":"","_links":{"self":[{"href":"https:\/\/arcampin.be\/secondaire\/wp-json\/wp\/v2\/posts\/9550"}],"collection":[{"href":"https:\/\/arcampin.be\/secondaire\/wp-json\/wp\/v2\/posts"}],"about":[{"href":"https:\/\/arcampin.be\/secondaire\/wp-json\/wp\/v2\/types\/post"}],"author":[{"embeddable":true,"href":"https:\/\/arcampin.be\/secondaire\/wp-json\/wp\/v2\/users\/2"}],"replies":[{"embeddable":true,"href":"https:\/\/arcampin.be\/secondaire\/wp-json\/wp\/v2\/comments?post=9550"}],"version-history":[{"count":7,"href":"https:\/\/arcampin.be\/secondaire\/wp-json\/wp\/v2\/posts\/9550\/revisions"}],"predecessor-version":[{"id":9680,"href":"https:\/\/arcampin.be\/secondaire\/wp-json\/wp\/v2\/posts\/9550\/revisions\/9680"}],"wp:attachment":[{"href":"https:\/\/arcampin.be\/secondaire\/wp-json\/wp\/v2\/media?parent=9550"}],"wp:term":[{"taxonomy":"category","embeddable":true,"href":"https:\/\/arcampin.be\/secondaire\/wp-json\/wp\/v2\/categories?post=9550"},{"taxonomy":"post_tag","embeddable":true,"href":"https:\/\/arcampin.be\/secondaire\/wp-json\/wp\/v2\/tags?post=9550"}],"curies":[{"name":"wp","href":"https:\/\/api.w.org\/{rel}","templated":true}]}}