{"id":9508,"date":"2024-04-16T10:04:27","date_gmt":"2024-04-16T09:04:27","guid":{"rendered":"https:\/\/arcampin.be\/secondaire\/?p=9508"},"modified":"2024-04-16T11:11:41","modified_gmt":"2024-04-16T10:11:41","slug":"loption-arts-dexpression-is-back","status":"publish","type":"post","link":"https:\/\/arcampin.be\/secondaire\/archives\/9508","title":{"rendered":"L\u2019option Arts d\u2019expression is back !"},"content":{"rendered":"\n<figure class=\"wp-block-image size-large\"><img loading=\"lazy\" width=\"1024\" height=\"683\" src=\"https:\/\/arcampin.be\/secondaire\/wp-content\/uploads\/2024\/04\/437141656_2179592042393289_2290958664424485079_n-1024x683.jpg\" alt=\"\" class=\"wp-image-9511\" srcset=\"https:\/\/arcampin.be\/secondaire\/wp-content\/uploads\/2024\/04\/437141656_2179592042393289_2290958664424485079_n-1024x683.jpg 1024w, https:\/\/arcampin.be\/secondaire\/wp-content\/uploads\/2024\/04\/437141656_2179592042393289_2290958664424485079_n-300x200.jpg 300w, https:\/\/arcampin.be\/secondaire\/wp-content\/uploads\/2024\/04\/437141656_2179592042393289_2290958664424485079_n-768x512.jpg 768w, https:\/\/arcampin.be\/secondaire\/wp-content\/uploads\/2024\/04\/437141656_2179592042393289_2290958664424485079_n-1536x1024.jpg 1536w, https:\/\/arcampin.be\/secondaire\/wp-content\/uploads\/2024\/04\/437141656_2179592042393289_2290958664424485079_n.jpg 2048w\" sizes=\"(max-width: 1024px) 100vw, 1024px\" \/><\/figure>\n\n\n<div dir=\"auto\"><em>Oyez Oyez ! L\u2019option Arts d\u2019expression is back !<\/em><\/div>\n<div dir=\"auto\">\u00a0<\/div>\n<div dir=\"auto\"><em>R\u00e9ouverture pour la rentr\u00e9e 2024 en 3\u00e8me et 4\u00e8me ann\u00e9e. Au programme : 4h d\u2019art dramatique 100% cours pratiques \u2013 Un abonnement \u00e0 la Maison de la Culture avec divers spectacles et rencontres avec des professionnels (com\u00e9diens, metteurs en sc\u00e8ne) \u2013 Une cr\u00e9ation publique en fin d\u2019ann\u00e9e\u2026<\/em><\/div>\n<div dir=\"auto\">\u00a0<\/div>\n<div dir=\"auto\"><em>Pour plus d\u2019infos, n\u2019h\u00e9sitez pas, passez nous voir aux portes ouvertes le samedi 20 avril.<\/em><\/div>\n\n\n<figure class=\"wp-container-2 wp-block-gallery-1 wp-block-gallery has-nested-images columns-2 is-cropped\">\n<figure class=\"wp-block-image size-large\"><img loading=\"lazy\" width=\"1024\" height=\"683\" data-id=\"9513\"  src=\"https:\/\/arcampin.be\/secondaire\/wp-content\/uploads\/2024\/04\/436425931_2179592619059898_6603347414341982648_n-1024x683.jpg\" alt=\"\" class=\"wp-image-9513\" srcset=\"https:\/\/arcampin.be\/secondaire\/wp-content\/uploads\/2024\/04\/436425931_2179592619059898_6603347414341982648_n-1024x683.jpg 1024w, https:\/\/arcampin.be\/secondaire\/wp-content\/uploads\/2024\/04\/436425931_2179592619059898_6603347414341982648_n-300x200.jpg 300w, https:\/\/arcampin.be\/secondaire\/wp-content\/uploads\/2024\/04\/436425931_2179592619059898_6603347414341982648_n-768x512.jpg 768w, https:\/\/arcampin.be\/secondaire\/wp-content\/uploads\/2024\/04\/436425931_2179592619059898_6603347414341982648_n-1536x1024.jpg 1536w, https:\/\/arcampin.be\/secondaire\/wp-content\/uploads\/2024\/04\/436425931_2179592619059898_6603347414341982648_n.jpg 2048w\" sizes=\"(max-width: 1024px) 100vw, 1024px\" \/><\/figure>\n\n\n\n<figure class=\"wp-block-image size-large\"><img loading=\"lazy\" width=\"960\" height=\"638\" data-id=\"9510\"  src=\"https:\/\/arcampin.be\/secondaire\/wp-content\/uploads\/2024\/04\/436936576_2179591872393306_3999275992842750835_n.jpg\" alt=\"\" class=\"wp-image-9510\" srcset=\"https:\/\/arcampin.be\/secondaire\/wp-content\/uploads\/2024\/04\/436936576_2179591872393306_3999275992842750835_n.jpg 960w, https:\/\/arcampin.be\/secondaire\/wp-content\/uploads\/2024\/04\/436936576_2179591872393306_3999275992842750835_n-300x199.jpg 300w, https:\/\/arcampin.be\/secondaire\/wp-content\/uploads\/2024\/04\/436936576_2179591872393306_3999275992842750835_n-768x510.jpg 768w\" sizes=\"(max-width: 960px) 100vw, 960px\" \/><\/figure>\n<\/figure>\n\n\n\n<figure class=\"wp-block-image size-full\"><img loading=\"lazy\" width=\"960\" height=\"638\" src=\"https:\/\/arcampin.be\/secondaire\/wp-content\/uploads\/2024\/04\/437784908_2179591739059986_8948155425003495295_n.jpg\" alt=\"\" class=\"wp-image-9509\" srcset=\"https:\/\/arcampin.be\/secondaire\/wp-content\/uploads\/2024\/04\/437784908_2179591739059986_8948155425003495295_n.jpg 960w, https:\/\/arcampin.be\/secondaire\/wp-content\/uploads\/2024\/04\/437784908_2179591739059986_8948155425003495295_n-300x199.jpg 300w, https:\/\/arcampin.be\/secondaire\/wp-content\/uploads\/2024\/04\/437784908_2179591739059986_8948155425003495295_n-768x510.jpg 768w\" sizes=\"(max-width: 960px) 100vw, 960px\" \/><\/figure>\n\n\n<hr \/>","protected":false},"excerpt":{"rendered":"<p>Oyez Oyez ! L\u2019option Arts d\u2019expression is back ! \u00a0 R\u00e9ouverture pour la rentr\u00e9e 2024 en 3\u00e8me et 4\u00e8me ann\u00e9e. Au programme : 4h d\u2019art dramatique 100% cours pratiques \u2013 Un abonnement \u00e0 la Maison de la Culture avec divers spectacles et rencontres avec des professionnels (com\u00e9diens, metteurs en sc\u00e8ne) \u2013 Une cr\u00e9ation publique en &hellip; <a href=\"https:\/\/arcampin.be\/secondaire\/archives\/9508\" class=\"more-link\">Continuer la lecture de <span class=\"screen-reader-text\">L\u2019option Arts d\u2019expression is back !<\/span> <span class=\"meta-nav\">&rarr;<\/span><\/a><\/p>\n","protected":false},"author":2,"featured_media":0,"comment_status":"closed","ping_status":"open","sticky":false,"template":"","format":"standard","meta":{"jetpack_post_was_ever_published":false},"categories":[6],"tags":[],"jetpack_featured_media_url":"","_links":{"self":[{"href":"https:\/\/arcampin.be\/secondaire\/wp-json\/wp\/v2\/posts\/9508"}],"collection":[{"href":"https:\/\/arcampin.be\/secondaire\/wp-json\/wp\/v2\/posts"}],"about":[{"href":"https:\/\/arcampin.be\/secondaire\/wp-json\/wp\/v2\/types\/post"}],"author":[{"embeddable":true,"href":"https:\/\/arcampin.be\/secondaire\/wp-json\/wp\/v2\/users\/2"}],"replies":[{"embeddable":true,"href":"https:\/\/arcampin.be\/secondaire\/wp-json\/wp\/v2\/comments?post=9508"}],"version-history":[{"count":3,"href":"https:\/\/arcampin.be\/secondaire\/wp-json\/wp\/v2\/posts\/9508\/revisions"}],"predecessor-version":[{"id":9519,"href":"https:\/\/arcampin.be\/secondaire\/wp-json\/wp\/v2\/posts\/9508\/revisions\/9519"}],"wp:attachment":[{"href":"https:\/\/arcampin.be\/secondaire\/wp-json\/wp\/v2\/media?parent=9508"}],"wp:term":[{"taxonomy":"category","embeddable":true,"href":"https:\/\/arcampin.be\/secondaire\/wp-json\/wp\/v2\/categories?post=9508"},{"taxonomy":"post_tag","embeddable":true,"href":"https:\/\/arcampin.be\/secondaire\/wp-json\/wp\/v2\/tags?post=9508"}],"curies":[{"name":"wp","href":"https:\/\/api.w.org\/{rel}","templated":true}]}}