{"id":9378,"date":"2024-04-04T07:49:20","date_gmt":"2024-04-04T06:49:20","guid":{"rendered":"https:\/\/arcampin.be\/secondaire\/?p=9378"},"modified":"2024-04-04T07:49:20","modified_gmt":"2024-04-04T06:49:20","slug":"a-la-decouverte-du-street-art","status":"publish","type":"post","link":"https:\/\/arcampin.be\/secondaire\/archives\/9378","title":{"rendered":"A la d\u00e9couverte du Street Art"},"content":{"rendered":"\n<figure class=\"wp-container-2 wp-block-gallery-1 wp-block-gallery has-nested-images columns-default is-cropped\">\n<figure class=\"wp-block-image size-large\"><img loading=\"lazy\" width=\"275\" height=\"183\" data-id=\"9379\"  src=\"https:\/\/arcampin.be\/secondaire\/wp-content\/uploads\/2024\/04\/Street-art-1.jpg\" alt=\"\" class=\"wp-image-9379\"\/><\/figure>\n\n\n\n<figure class=\"wp-block-image size-large\"><img loading=\"lazy\" width=\"1024\" height=\"575\" data-id=\"9380\"  src=\"https:\/\/arcampin.be\/secondaire\/wp-content\/uploads\/2024\/04\/Street-Art-2-1024x575.jpg\" alt=\"\" class=\"wp-image-9380\" srcset=\"https:\/\/arcampin.be\/secondaire\/wp-content\/uploads\/2024\/04\/Street-Art-2-1024x575.jpg 1024w, https:\/\/arcampin.be\/secondaire\/wp-content\/uploads\/2024\/04\/Street-Art-2-300x168.jpg 300w, https:\/\/arcampin.be\/secondaire\/wp-content\/uploads\/2024\/04\/Street-Art-2-768x431.jpg 768w, https:\/\/arcampin.be\/secondaire\/wp-content\/uploads\/2024\/04\/Street-Art-2-1536x862.jpg 1536w, https:\/\/arcampin.be\/secondaire\/wp-content\/uploads\/2024\/04\/Street-Art-2.jpg 1920w\" sizes=\"(max-width: 1024px) 100vw, 1024px\" \/><\/figure>\n<\/figure>\n\n\n<div>\n<div>\n<p><em>Le mardi 14 mai, les \u00e9l\u00e8ves de 5e passeront la journ\u00e9e \u00e0 Bruxelles pour un programme de d\u00e9couvertes artistiques tr\u00e8s vari\u00e9.<\/em><\/p>\n<\/div>\n<\/div>\n<div>\n<div>\n<p><em>Le matin, ils auront droit \u00e0 une visite guid\u00e9e dans les rues de Bruxelles \u00e0 la d\u00e9couverte du Street Art. Cette visite sera pr\u00e9sent\u00e9e par un artiste et est organis\u00e9e par l\u2019ASBL Fais le trottoir. Notez qu\u2019elle est offerte \u00e0 votre enfant par le SCES (<a href=\"https:\/\/www.facebook.com\/SCESWBE\" target=\"_blank\" rel=\"noopener noreferrer\" data-auth=\"NotApplicable\" data-linkindex=\"0\" data-ogsc=\"\">https:\/\/www.facebook.com\/SCESWBE<\/a>). Elle revient \u00e0 12 euros, nous les remercions grandement.<\/em><\/p>\n<\/div>\n<\/div>\n\n\n<figure class=\"wp-block-image size-full\"><img loading=\"lazy\" width=\"940\" height=\"788\" src=\"https:\/\/arcampin.be\/secondaire\/wp-content\/uploads\/2024\/04\/Street-Art-3.png\" alt=\"\" class=\"wp-image-9381\" srcset=\"https:\/\/arcampin.be\/secondaire\/wp-content\/uploads\/2024\/04\/Street-Art-3.png 940w, https:\/\/arcampin.be\/secondaire\/wp-content\/uploads\/2024\/04\/Street-Art-3-300x251.png 300w, https:\/\/arcampin.be\/secondaire\/wp-content\/uploads\/2024\/04\/Street-Art-3-768x644.png 768w\" sizes=\"(max-width: 940px) 100vw, 940px\" \/><\/figure>\n\n\n<div>\n<div>\n<p><em>L\u2019apr\u00e8s-midi apr\u00e8s un bref temps libre pour se restaurer, ils visiteront, avec un guide \u00e0 nouveau, l\u2019exposition que le Bozar consacre au surr\u00e9alisme qui f\u00eate cette ann\u00e9e son centenaire.<\/em><\/p>\n<\/div>\n<\/div>\n<div>\n<div>\n<p><em>SCES \u2013 Savoirs \u2013 Culture \u2013 \u00c9cole \u2013 Solidarit\u00e9\u00a0<a href=\"https:\/\/draft.sces.be\/\" target=\"_blank\" rel=\"noopener noreferrer\" data-auth=\"NotApplicable\" data-linkindex=\"1\" data-ogsc=\"\">https:\/\/draft.sces.be<\/a>\u00ab\u00a0<\/em><\/p>\n<\/div>\n<\/div>\n\n<hr \/>\n<p>\u00a0<\/p>","protected":false},"excerpt":{"rendered":"<p>Le mardi 14 mai, les \u00e9l\u00e8ves de 5e passeront la journ\u00e9e \u00e0 Bruxelles pour un programme de d\u00e9couvertes artistiques tr\u00e8s vari\u00e9. Le matin, ils auront droit \u00e0 une visite guid\u00e9e dans les rues de Bruxelles \u00e0 la d\u00e9couverte du Street Art. Cette visite sera pr\u00e9sent\u00e9e par un artiste et est organis\u00e9e par l\u2019ASBL Fais le &hellip; <a href=\"https:\/\/arcampin.be\/secondaire\/archives\/9378\" class=\"more-link\">Continuer la lecture de <span class=\"screen-reader-text\">A la d\u00e9couverte du Street Art<\/span> <span class=\"meta-nav\">&rarr;<\/span><\/a><\/p>\n","protected":false},"author":2,"featured_media":0,"comment_status":"closed","ping_status":"open","sticky":false,"template":"","format":"standard","meta":{"jetpack_post_was_ever_published":false},"categories":[25],"tags":[],"jetpack_featured_media_url":"","_links":{"self":[{"href":"https:\/\/arcampin.be\/secondaire\/wp-json\/wp\/v2\/posts\/9378"}],"collection":[{"href":"https:\/\/arcampin.be\/secondaire\/wp-json\/wp\/v2\/posts"}],"about":[{"href":"https:\/\/arcampin.be\/secondaire\/wp-json\/wp\/v2\/types\/post"}],"author":[{"embeddable":true,"href":"https:\/\/arcampin.be\/secondaire\/wp-json\/wp\/v2\/users\/2"}],"replies":[{"embeddable":true,"href":"https:\/\/arcampin.be\/secondaire\/wp-json\/wp\/v2\/comments?post=9378"}],"version-history":[{"count":1,"href":"https:\/\/arcampin.be\/secondaire\/wp-json\/wp\/v2\/posts\/9378\/revisions"}],"predecessor-version":[{"id":9382,"href":"https:\/\/arcampin.be\/secondaire\/wp-json\/wp\/v2\/posts\/9378\/revisions\/9382"}],"wp:attachment":[{"href":"https:\/\/arcampin.be\/secondaire\/wp-json\/wp\/v2\/media?parent=9378"}],"wp:term":[{"taxonomy":"category","embeddable":true,"href":"https:\/\/arcampin.be\/secondaire\/wp-json\/wp\/v2\/categories?post=9378"},{"taxonomy":"post_tag","embeddable":true,"href":"https:\/\/arcampin.be\/secondaire\/wp-json\/wp\/v2\/tags?post=9378"}],"curies":[{"name":"wp","href":"https:\/\/api.w.org\/{rel}","templated":true}]}}