{"id":9154,"date":"2024-02-06T08:40:33","date_gmt":"2024-02-06T07:40:33","guid":{"rendered":"https:\/\/arcampin.be\/secondaire\/?p=9154"},"modified":"2024-02-06T08:40:33","modified_gmt":"2024-02-06T07:40:33","slug":"saint-valentin-a-campin","status":"publish","type":"post","link":"https:\/\/arcampin.be\/secondaire\/archives\/9154","title":{"rendered":"Saint-Valentin \u00e0 Campin"},"content":{"rendered":"\n<figure class=\"wp-block-image size-large\"><img loading=\"lazy\" width=\"713\" height=\"1024\" src=\"https:\/\/arcampin.be\/secondaire\/wp-content\/uploads\/2024\/02\/424581577_364633046323955_2193846084318350054_n-713x1024.jpg\" alt=\"\" class=\"wp-image-9155\" srcset=\"https:\/\/arcampin.be\/secondaire\/wp-content\/uploads\/2024\/02\/424581577_364633046323955_2193846084318350054_n-713x1024.jpg 713w, https:\/\/arcampin.be\/secondaire\/wp-content\/uploads\/2024\/02\/424581577_364633046323955_2193846084318350054_n-209x300.jpg 209w, https:\/\/arcampin.be\/secondaire\/wp-content\/uploads\/2024\/02\/424581577_364633046323955_2193846084318350054_n-768x1104.jpg 768w, https:\/\/arcampin.be\/secondaire\/wp-content\/uploads\/2024\/02\/424581577_364633046323955_2193846084318350054_n-1069x1536.jpg 1069w, https:\/\/arcampin.be\/secondaire\/wp-content\/uploads\/2024\/02\/424581577_364633046323955_2193846084318350054_n.jpg 1151w\" sizes=\"(max-width: 713px) 100vw, 713px\" \/><\/figure>\n\n\n<p><em>Pour la Saint-Valentin et dans le cadre de leur voyage, les \u00e9l\u00e8ves de rheto vendent \u00e0 petit prix (2\u20ac pour 5) des truffes.<\/em><\/p>\n<p><em>Les commandes pour la semaine prochaine sont \u00e0 passer ces mardi 6, mercredi 7 et jeudi 8 au RC3 durant les r\u00e9cr\u00e9ations du matin. Pensez \u00e0 faire plaisir aux autres.<\/em><\/p>\n<hr \/>\n<p>\u00a0<\/p>","protected":false},"excerpt":{"rendered":"<p>Pour la Saint-Valentin et dans le cadre de leur voyage, les \u00e9l\u00e8ves de rheto vendent \u00e0 petit prix (2\u20ac pour 5) des truffes. Les commandes pour la semaine prochaine sont \u00e0 passer ces mardi 6, mercredi 7 et jeudi 8 au RC3 durant les r\u00e9cr\u00e9ations du matin. Pensez \u00e0 faire plaisir aux autres. \u00a0<\/p>\n","protected":false},"author":2,"featured_media":0,"comment_status":"closed","ping_status":"open","sticky":false,"template":"","format":"standard","meta":{"jetpack_post_was_ever_published":false},"categories":[6],"tags":[],"jetpack_featured_media_url":"","_links":{"self":[{"href":"https:\/\/arcampin.be\/secondaire\/wp-json\/wp\/v2\/posts\/9154"}],"collection":[{"href":"https:\/\/arcampin.be\/secondaire\/wp-json\/wp\/v2\/posts"}],"about":[{"href":"https:\/\/arcampin.be\/secondaire\/wp-json\/wp\/v2\/types\/post"}],"author":[{"embeddable":true,"href":"https:\/\/arcampin.be\/secondaire\/wp-json\/wp\/v2\/users\/2"}],"replies":[{"embeddable":true,"href":"https:\/\/arcampin.be\/secondaire\/wp-json\/wp\/v2\/comments?post=9154"}],"version-history":[{"count":1,"href":"https:\/\/arcampin.be\/secondaire\/wp-json\/wp\/v2\/posts\/9154\/revisions"}],"predecessor-version":[{"id":9156,"href":"https:\/\/arcampin.be\/secondaire\/wp-json\/wp\/v2\/posts\/9154\/revisions\/9156"}],"wp:attachment":[{"href":"https:\/\/arcampin.be\/secondaire\/wp-json\/wp\/v2\/media?parent=9154"}],"wp:term":[{"taxonomy":"category","embeddable":true,"href":"https:\/\/arcampin.be\/secondaire\/wp-json\/wp\/v2\/categories?post=9154"},{"taxonomy":"post_tag","embeddable":true,"href":"https:\/\/arcampin.be\/secondaire\/wp-json\/wp\/v2\/tags?post=9154"}],"curies":[{"name":"wp","href":"https:\/\/api.w.org\/{rel}","templated":true}]}}