{"id":9137,"date":"2024-02-05T09:45:43","date_gmt":"2024-02-05T08:45:43","guid":{"rendered":"https:\/\/arcampin.be\/secondaire\/?p=9137"},"modified":"2024-02-20T12:29:04","modified_gmt":"2024-02-20T11:29:04","slug":"souper-dhiver","status":"publish","type":"post","link":"https:\/\/arcampin.be\/secondaire\/archives\/9137","title":{"rendered":"Souper d&rsquo;hiver"},"content":{"rendered":"\n<figure class=\"wp-block-image size-large\"><img loading=\"lazy\" width=\"731\" height=\"1024\" src=\"https:\/\/arcampin.be\/secondaire\/wp-content\/uploads\/2024\/02\/424715811_10229634050903032_6659709085120084784_n-731x1024.jpg\" alt=\"\" class=\"wp-image-9138\" srcset=\"https:\/\/arcampin.be\/secondaire\/wp-content\/uploads\/2024\/02\/424715811_10229634050903032_6659709085120084784_n-731x1024.jpg 731w, https:\/\/arcampin.be\/secondaire\/wp-content\/uploads\/2024\/02\/424715811_10229634050903032_6659709085120084784_n-214x300.jpg 214w, https:\/\/arcampin.be\/secondaire\/wp-content\/uploads\/2024\/02\/424715811_10229634050903032_6659709085120084784_n-768x1076.jpg 768w, https:\/\/arcampin.be\/secondaire\/wp-content\/uploads\/2024\/02\/424715811_10229634050903032_6659709085120084784_n-1097x1536.jpg 1097w, https:\/\/arcampin.be\/secondaire\/wp-content\/uploads\/2024\/02\/424715811_10229634050903032_6659709085120084784_n.jpg 1428w\" sizes=\"(max-width: 731px) 100vw, 731px\" \/><\/figure>\n\n\n<div class=\"xdj266r x11i5rnm xat24cr x1mh8g0r x1vvkbs\"><em>Les rh\u00e9tos de l&rsquo;AR Campin vous invitent \u00e0 leur souper d&rsquo;hiver ce vendredi 16 f\u00e9vrier. Sur r\u00e9servation.<\/em><\/div>\n<div>\u00a0<\/div>\n<div class=\"x11i5rnm xat24cr x1mh8g0r x1vvkbs xtlvy1s\"><em>Au menu:<\/em><\/div>\n<div>\u00a0<\/div>\n<div class=\"x11i5rnm xat24cr x1mh8g0r x1vvkbs xtlvy1s\"><em>&#8211; Tartiflette-salade + dessert ou<\/em><br \/><em>&#8211; Lasagnes bolognaises + dessert ou<\/em><br \/><em>&#8211; Lasagnes v\u00e9g\u00e9tariennes + dessert<\/em><\/div>\n<div class=\"x11i5rnm xat24cr x1mh8g0r x1vvkbs xtlvy1s\"><em>18 euros pour les adultes<\/em><br \/><em>12 euros pour les enfants jusqu&rsquo;\u00e0 10 ans<\/em><\/div>\n<div>\u00a0<\/div>\n<div>\u00a0<\/div>\n<div><hr \/><\/div>\n<div class=\"xdj266r x11i5rnm xat24cr x1mh8g0r x1vvkbs x126k92a\">\n<div dir=\"auto\"><em><span style=\"color: #000000;\"><strong>Faute d&rsquo;un nombre suffisant d&rsquo;inscriptions, le souper d&rsquo;hiver des rh\u00e9tos pr\u00e9vu le 16 f\u00e9vrier est annul\u00e9.<\/strong><\/span><\/em><\/div>\n<div dir=\"auto\">\u00a0<\/div>\n<\/div>\n<div class=\"x11i5rnm xat24cr x1mh8g0r x1vvkbs xtlvy1s x126k92a\">\n<div dir=\"auto\"><em><span style=\"color: #000000;\"><strong>Les enveloppes d\u00e9j\u00e0 r\u00e9colt\u00e9es sont bien \u00e9videmment remises aux \u00e9l\u00e8ves.<\/strong><\/span><\/em><\/div>\n<div dir=\"auto\">\u00a0<\/div>\n<\/div>\n<hr \/>","protected":false},"excerpt":{"rendered":"<p>Les rh\u00e9tos de l&rsquo;AR Campin vous invitent \u00e0 leur souper d&rsquo;hiver ce vendredi 16 f\u00e9vrier. Sur r\u00e9servation. \u00a0 Au menu: \u00a0 &#8211; Tartiflette-salade + dessert ou&#8211; Lasagnes bolognaises + dessert ou&#8211; Lasagnes v\u00e9g\u00e9tariennes + dessert 18 euros pour les adultes12 euros pour les enfants jusqu&rsquo;\u00e0 10 ans \u00a0 \u00a0 Faute d&rsquo;un nombre suffisant d&rsquo;inscriptions, le &hellip; <a href=\"https:\/\/arcampin.be\/secondaire\/archives\/9137\" class=\"more-link\">Continuer la lecture de <span class=\"screen-reader-text\">Souper d&rsquo;hiver<\/span> <span class=\"meta-nav\">&rarr;<\/span><\/a><\/p>\n","protected":false},"author":2,"featured_media":0,"comment_status":"closed","ping_status":"open","sticky":false,"template":"","format":"standard","meta":{"jetpack_post_was_ever_published":false},"categories":[6],"tags":[],"jetpack_featured_media_url":"","_links":{"self":[{"href":"https:\/\/arcampin.be\/secondaire\/wp-json\/wp\/v2\/posts\/9137"}],"collection":[{"href":"https:\/\/arcampin.be\/secondaire\/wp-json\/wp\/v2\/posts"}],"about":[{"href":"https:\/\/arcampin.be\/secondaire\/wp-json\/wp\/v2\/types\/post"}],"author":[{"embeddable":true,"href":"https:\/\/arcampin.be\/secondaire\/wp-json\/wp\/v2\/users\/2"}],"replies":[{"embeddable":true,"href":"https:\/\/arcampin.be\/secondaire\/wp-json\/wp\/v2\/comments?post=9137"}],"version-history":[{"count":3,"href":"https:\/\/arcampin.be\/secondaire\/wp-json\/wp\/v2\/posts\/9137\/revisions"}],"predecessor-version":[{"id":9259,"href":"https:\/\/arcampin.be\/secondaire\/wp-json\/wp\/v2\/posts\/9137\/revisions\/9259"}],"wp:attachment":[{"href":"https:\/\/arcampin.be\/secondaire\/wp-json\/wp\/v2\/media?parent=9137"}],"wp:term":[{"taxonomy":"category","embeddable":true,"href":"https:\/\/arcampin.be\/secondaire\/wp-json\/wp\/v2\/categories?post=9137"},{"taxonomy":"post_tag","embeddable":true,"href":"https:\/\/arcampin.be\/secondaire\/wp-json\/wp\/v2\/tags?post=9137"}],"curies":[{"name":"wp","href":"https:\/\/api.w.org\/{rel}","templated":true}]}}