{"id":9121,"date":"2024-01-30T11:24:20","date_gmt":"2024-01-30T10:24:20","guid":{"rendered":"https:\/\/arcampin.be\/secondaire\/?p=9121"},"modified":"2024-01-30T11:25:41","modified_gmt":"2024-01-30T10:25:41","slug":"5c-5d-decouverte-du-metier-de-journaliste","status":"publish","type":"post","link":"https:\/\/arcampin.be\/secondaire\/archives\/9121","title":{"rendered":"5C &#038; 5D &#8211; D\u00e9couverte du m\u00e9tier de Journaliste"},"content":{"rendered":"\n<figure class=\"wp-block-image size-large\"><img loading=\"lazy\" width=\"1024\" height=\"768\" src=\"https:\/\/arcampin.be\/secondaire\/wp-content\/uploads\/2024\/01\/421871408_10233588488952909_1668453402480952171_n-1024x768.jpg\" alt=\"\" class=\"wp-image-9122\" srcset=\"https:\/\/arcampin.be\/secondaire\/wp-content\/uploads\/2024\/01\/421871408_10233588488952909_1668453402480952171_n-1024x768.jpg 1024w, https:\/\/arcampin.be\/secondaire\/wp-content\/uploads\/2024\/01\/421871408_10233588488952909_1668453402480952171_n-300x225.jpg 300w, https:\/\/arcampin.be\/secondaire\/wp-content\/uploads\/2024\/01\/421871408_10233588488952909_1668453402480952171_n-768x576.jpg 768w, https:\/\/arcampin.be\/secondaire\/wp-content\/uploads\/2024\/01\/421871408_10233588488952909_1668453402480952171_n-1536x1152.jpg 1536w, https:\/\/arcampin.be\/secondaire\/wp-content\/uploads\/2024\/01\/421871408_10233588488952909_1668453402480952171_n.jpg 2048w\" sizes=\"(max-width: 1024px) 100vw, 1024px\" \/><\/figure>\n\n\n<div class=\"xdj266r x11i5rnm xat24cr x1mh8g0r x1vvkbs x126k92a\">\n<div dir=\"auto\"><em>Dans le cadre de la troisi\u00e8me s\u00e9quence consacr\u00e9e au R\u00e9alisme et au fait divers, les \u00e9l\u00e8ves ont pu mieux s\u2019imaginer la profession de journaliste officiel en interviewant Mr <span class=\"xt0psk2\">Turillon<\/span>, journaliste au Courrier de l\u2019Escaut \u00e0 Tournai et sp\u00e9cialis\u00e9 dans les faits divers.<\/em><\/div>\n<div dir=\"auto\">\u00a0<\/div>\n<\/div>\n<div class=\"x11i5rnm xat24cr x1mh8g0r x1vvkbs xtlvy1s x126k92a\">\n<div dir=\"auto\"><em>Les questions pr\u00e9par\u00e9es par les \u00e9l\u00e8ves leur ont permis de comprendre comment un journaliste doit travailler, en recoupant ses sources, en r\u00e9coltant des t\u00e9moignages, en adaptant sa journ\u00e9e aux imp\u00e9ratifs de l\u2019actualit\u00e9\u2026<\/em><\/div>\n<div dir=\"auto\">\u00a0<\/div>\n<\/div>\n<div class=\"x11i5rnm xat24cr x1mh8g0r x1vvkbs xtlvy1s x126k92a\">\n<div dir=\"auto\"><em>N\u2019oublions pas qu\u2019une presse libre est synonyme de d\u00e9mocratie. Mr Turillon et les divers enseignants de l\u2019<span class=\"xt0psk2\">Ath\u00e9n\u00e9e Royal Robert Campin &#8211; Section secondaire(officiel)<\/span> n\u2019h\u00e9sitent pas \u00e0 le r\u00e9p\u00e9ter quand il le faut.<\/em><\/div>\n<div dir=\"auto\">\u00a0<\/div>\n<\/div>\n<div class=\"x11i5rnm xat24cr x1mh8g0r x1vvkbs xtlvy1s x126k92a\">\n<div dir=\"auto\"><em>Mr Baudoin.<\/em><\/div>\n<div dir=\"auto\">\u00a0<\/div>\n<\/div>\n\n<hr \/>\n<p>\u00a0<\/p>","protected":false},"excerpt":{"rendered":"<p>Dans le cadre de la troisi\u00e8me s\u00e9quence consacr\u00e9e au R\u00e9alisme et au fait divers, les \u00e9l\u00e8ves ont pu mieux s\u2019imaginer la profession de journaliste officiel en interviewant Mr Turillon, journaliste au Courrier de l\u2019Escaut \u00e0 Tournai et sp\u00e9cialis\u00e9 dans les faits divers. \u00a0 Les questions pr\u00e9par\u00e9es par les \u00e9l\u00e8ves leur ont permis de comprendre comment &hellip; <a href=\"https:\/\/arcampin.be\/secondaire\/archives\/9121\" class=\"more-link\">Continuer la lecture de <span class=\"screen-reader-text\">5C &#038; 5D &#8211; D\u00e9couverte du m\u00e9tier de Journaliste<\/span> <span class=\"meta-nav\">&rarr;<\/span><\/a><\/p>\n","protected":false},"author":2,"featured_media":0,"comment_status":"closed","ping_status":"open","sticky":false,"template":"","format":"standard","meta":{"jetpack_post_was_ever_published":false},"categories":[16],"tags":[],"jetpack_featured_media_url":"","_links":{"self":[{"href":"https:\/\/arcampin.be\/secondaire\/wp-json\/wp\/v2\/posts\/9121"}],"collection":[{"href":"https:\/\/arcampin.be\/secondaire\/wp-json\/wp\/v2\/posts"}],"about":[{"href":"https:\/\/arcampin.be\/secondaire\/wp-json\/wp\/v2\/types\/post"}],"author":[{"embeddable":true,"href":"https:\/\/arcampin.be\/secondaire\/wp-json\/wp\/v2\/users\/2"}],"replies":[{"embeddable":true,"href":"https:\/\/arcampin.be\/secondaire\/wp-json\/wp\/v2\/comments?post=9121"}],"version-history":[{"count":2,"href":"https:\/\/arcampin.be\/secondaire\/wp-json\/wp\/v2\/posts\/9121\/revisions"}],"predecessor-version":[{"id":9124,"href":"https:\/\/arcampin.be\/secondaire\/wp-json\/wp\/v2\/posts\/9121\/revisions\/9124"}],"wp:attachment":[{"href":"https:\/\/arcampin.be\/secondaire\/wp-json\/wp\/v2\/media?parent=9121"}],"wp:term":[{"taxonomy":"category","embeddable":true,"href":"https:\/\/arcampin.be\/secondaire\/wp-json\/wp\/v2\/categories?post=9121"},{"taxonomy":"post_tag","embeddable":true,"href":"https:\/\/arcampin.be\/secondaire\/wp-json\/wp\/v2\/tags?post=9121"}],"curies":[{"name":"wp","href":"https:\/\/api.w.org\/{rel}","templated":true}]}}