{"id":9105,"date":"2024-01-24T12:10:31","date_gmt":"2024-01-24T11:10:31","guid":{"rendered":"https:\/\/arcampin.be\/secondaire\/?p=9105"},"modified":"2024-01-24T12:10:31","modified_gmt":"2024-01-24T11:10:31","slug":"5-c-et-5-d-festival-ramdam-amal","status":"publish","type":"post","link":"https:\/\/arcampin.be\/secondaire\/archives\/9105","title":{"rendered":"5 C et 5 D &#8211; Festival Ramdam &#8211; \u00ab\u00a0Amal\u00a0\u00bb"},"content":{"rendered":"\n<figure class=\"wp-block-image size-large\"><img loading=\"lazy\" width=\"1024\" height=\"349\" src=\"https:\/\/arcampin.be\/secondaire\/wp-content\/uploads\/2024\/01\/420069422_10233534487922917_7863430991425014599_n-1024x349.jpg\" alt=\"\" class=\"wp-image-9106\" srcset=\"https:\/\/arcampin.be\/secondaire\/wp-content\/uploads\/2024\/01\/420069422_10233534487922917_7863430991425014599_n-1024x349.jpg 1024w, https:\/\/arcampin.be\/secondaire\/wp-content\/uploads\/2024\/01\/420069422_10233534487922917_7863430991425014599_n-300x102.jpg 300w, https:\/\/arcampin.be\/secondaire\/wp-content\/uploads\/2024\/01\/420069422_10233534487922917_7863430991425014599_n-768x262.jpg 768w, https:\/\/arcampin.be\/secondaire\/wp-content\/uploads\/2024\/01\/420069422_10233534487922917_7863430991425014599_n-1536x524.jpg 1536w, https:\/\/arcampin.be\/secondaire\/wp-content\/uploads\/2024\/01\/420069422_10233534487922917_7863430991425014599_n-2048x699.jpg 2048w\" sizes=\"(max-width: 1024px) 100vw, 1024px\" \/><\/figure>\n\n\n<div class=\"xdj266r x11i5rnm xat24cr x1mh8g0r x1vvkbs x126k92a\">\n<div dir=\"auto\"><em>Dans le cadre du festival tournaisien du \u00ab\u00a0film qui d\u00e9range\u00a0\u00bb et du cours de fran\u00e7ais, ce mardi 16 janvier, les \u00e9l\u00e8ves de 5 C et 5 D ont pu voir en avant-premi\u00e8re (la sortie officielle dans les salles \u00e9tant pr\u00e9vue en avril 2024) le film \u00ab\u00a0Amal\u00a0\u00bb.<\/em><\/div>\n<div dir=\"auto\">\u00a0<\/div>\n<\/div>\n<div class=\"x11i5rnm xat24cr x1mh8g0r x1vvkbs xtlvy1s x126k92a\">\n<div dir=\"auto\"><em>Ce dernier raconte la vie de divers personnages li\u00e9s entre eux : Amal, une professeure de fran\u00e7ais dans une \u00e9cole la\u00efque bruxelloise, Monia, une \u00e9l\u00e8ve musulmane qui ose assumer son homosexualit\u00e9 mais aussi Rachid, tiraill\u00e9 entre l&rsquo;int\u00e9grisme religieux de ses proches et son ouverture d&rsquo;esprit. Suite au harc\u00e8lement et \u00e0 l&rsquo;agression physique de Monia, Amal tente d&rsquo;ouvrir les yeux \u00e0 certains \u00e9l\u00e8ves de sa classe qui sont au bord de la radicalisation. Musulmane elle-m\u00eame, elle tente de montrer que la vision extr\u00e9miste de certains, influenc\u00e9s par un homme charismatique, est \u00e9loign\u00e9e de leur v\u00e9ritable religion.<\/em><\/div>\n<div dir=\"auto\">\u00a0<\/div>\n<div dir=\"auto\"><em>Miroir r\u00e9aliste de ce qui se passe dans de nombreuses \u00e9coles de notre pays, ce film donne une v\u00e9ritable claque aux spectateurs. Il a d&rsquo;ailleurs men\u00e9 \u00e0 de multiples r\u00e9actions et une longue discussion en classe.<\/em><\/div>\n<div dir=\"auto\">\u00a0<\/div>\n<div dir=\"auto\"><em>Cette projection a fait grandir nos \u00e9l\u00e8ves en les faisant r\u00e9fl\u00e9chir sur la libert\u00e9 d&rsquo;expression, la tol\u00e9rance, le respect de l&rsquo;autre, etc. N&rsquo;oublions pas que nos \u00e9l\u00e8ves sont les futurs citoyens de demain.<\/em><\/div>\n<\/div>\n\n<hr \/>\n<p>\u00a0<\/p>","protected":false},"excerpt":{"rendered":"<p>Dans le cadre du festival tournaisien du \u00ab\u00a0film qui d\u00e9range\u00a0\u00bb et du cours de fran\u00e7ais, ce mardi 16 janvier, les \u00e9l\u00e8ves de 5 C et 5 D ont pu voir en avant-premi\u00e8re (la sortie officielle dans les salles \u00e9tant pr\u00e9vue en avril 2024) le film \u00ab\u00a0Amal\u00a0\u00bb. \u00a0 Ce dernier raconte la vie de divers personnages &hellip; <a href=\"https:\/\/arcampin.be\/secondaire\/archives\/9105\" class=\"more-link\">Continuer la lecture de <span class=\"screen-reader-text\">5 C et 5 D &#8211; Festival Ramdam &#8211; \u00ab\u00a0Amal\u00a0\u00bb<\/span> <span class=\"meta-nav\">&rarr;<\/span><\/a><\/p>\n","protected":false},"author":2,"featured_media":0,"comment_status":"closed","ping_status":"open","sticky":false,"template":"","format":"standard","meta":{"jetpack_post_was_ever_published":false},"categories":[25],"tags":[],"jetpack_featured_media_url":"","_links":{"self":[{"href":"https:\/\/arcampin.be\/secondaire\/wp-json\/wp\/v2\/posts\/9105"}],"collection":[{"href":"https:\/\/arcampin.be\/secondaire\/wp-json\/wp\/v2\/posts"}],"about":[{"href":"https:\/\/arcampin.be\/secondaire\/wp-json\/wp\/v2\/types\/post"}],"author":[{"embeddable":true,"href":"https:\/\/arcampin.be\/secondaire\/wp-json\/wp\/v2\/users\/2"}],"replies":[{"embeddable":true,"href":"https:\/\/arcampin.be\/secondaire\/wp-json\/wp\/v2\/comments?post=9105"}],"version-history":[{"count":1,"href":"https:\/\/arcampin.be\/secondaire\/wp-json\/wp\/v2\/posts\/9105\/revisions"}],"predecessor-version":[{"id":9107,"href":"https:\/\/arcampin.be\/secondaire\/wp-json\/wp\/v2\/posts\/9105\/revisions\/9107"}],"wp:attachment":[{"href":"https:\/\/arcampin.be\/secondaire\/wp-json\/wp\/v2\/media?parent=9105"}],"wp:term":[{"taxonomy":"category","embeddable":true,"href":"https:\/\/arcampin.be\/secondaire\/wp-json\/wp\/v2\/categories?post=9105"},{"taxonomy":"post_tag","embeddable":true,"href":"https:\/\/arcampin.be\/secondaire\/wp-json\/wp\/v2\/tags?post=9105"}],"curies":[{"name":"wp","href":"https:\/\/api.w.org\/{rel}","templated":true}]}}