{"id":9013,"date":"2023-12-01T08:16:39","date_gmt":"2023-12-01T07:16:39","guid":{"rendered":"https:\/\/arcampin.be\/secondaire\/?p=9013"},"modified":"2023-12-01T08:16:39","modified_gmt":"2023-12-01T07:16:39","slug":"presentation-de-la-mini-entreprise-2","status":"publish","type":"post","link":"https:\/\/arcampin.be\/secondaire\/archives\/9013","title":{"rendered":"Pr\u00e9sentation de la mini-entreprise"},"content":{"rendered":"\n<figure class=\"wp-container-2 wp-block-gallery-1 wp-block-gallery has-nested-images columns-default is-cropped\">\n<figure class=\"wp-block-image size-large\"><img loading=\"lazy\" width=\"1024\" height=\"768\" data-id=\"9015\"  src=\"https:\/\/arcampin.be\/secondaire\/wp-content\/uploads\/2023\/12\/405411562_10159174587151230_5237827554140377187_n-1024x768.jpg\" alt=\"\" class=\"wp-image-9015\" srcset=\"https:\/\/arcampin.be\/secondaire\/wp-content\/uploads\/2023\/12\/405411562_10159174587151230_5237827554140377187_n-1024x768.jpg 1024w, https:\/\/arcampin.be\/secondaire\/wp-content\/uploads\/2023\/12\/405411562_10159174587151230_5237827554140377187_n-300x225.jpg 300w, https:\/\/arcampin.be\/secondaire\/wp-content\/uploads\/2023\/12\/405411562_10159174587151230_5237827554140377187_n-768x576.jpg 768w, https:\/\/arcampin.be\/secondaire\/wp-content\/uploads\/2023\/12\/405411562_10159174587151230_5237827554140377187_n-1536x1152.jpg 1536w, https:\/\/arcampin.be\/secondaire\/wp-content\/uploads\/2023\/12\/405411562_10159174587151230_5237827554140377187_n.jpg 2048w\" sizes=\"(max-width: 1024px) 100vw, 1024px\" \/><\/figure>\n\n\n\n<figure class=\"wp-block-image size-large\"><img loading=\"lazy\" width=\"1024\" height=\"768\" data-id=\"9016\"  src=\"https:\/\/arcampin.be\/secondaire\/wp-content\/uploads\/2023\/12\/405456212_10159174587126230_8520216179187884022_n-1024x768.jpg\" alt=\"\" class=\"wp-image-9016\" srcset=\"https:\/\/arcampin.be\/secondaire\/wp-content\/uploads\/2023\/12\/405456212_10159174587126230_8520216179187884022_n-1024x768.jpg 1024w, https:\/\/arcampin.be\/secondaire\/wp-content\/uploads\/2023\/12\/405456212_10159174587126230_8520216179187884022_n-300x225.jpg 300w, https:\/\/arcampin.be\/secondaire\/wp-content\/uploads\/2023\/12\/405456212_10159174587126230_8520216179187884022_n-768x576.jpg 768w, https:\/\/arcampin.be\/secondaire\/wp-content\/uploads\/2023\/12\/405456212_10159174587126230_8520216179187884022_n-1536x1152.jpg 1536w, https:\/\/arcampin.be\/secondaire\/wp-content\/uploads\/2023\/12\/405456212_10159174587126230_8520216179187884022_n.jpg 2048w\" sizes=\"(max-width: 1024px) 100vw, 1024px\" \/><\/figure>\n<\/figure>\n\n\n\n<p><em>Nos jeunes entrepreneurs de 6\u00e8mes sc-\u00e9co ont pr\u00e9sent\u00e9 avec brio leurs projets mini-entreprise \u00e0 l\u2019h\u00f4tel de ville de Tournai.<\/em><\/p>\n\n\n\n<figure class=\"wp-container-4 wp-block-gallery-3 wp-block-gallery has-nested-images columns-1 is-cropped\">\n<figure class=\"wp-block-image size-large\"><img loading=\"lazy\" width=\"2048\" height=\"1536\" data-id=\"9017\"  src=\"https:\/\/arcampin.be\/secondaire\/wp-content\/uploads\/2023\/12\/406397965_10159174587171230_8529947063171106294_n.jpg\" alt=\"\" class=\"wp-image-9017\" srcset=\"https:\/\/arcampin.be\/secondaire\/wp-content\/uploads\/2023\/12\/406397965_10159174587171230_8529947063171106294_n.jpg 2048w, https:\/\/arcampin.be\/secondaire\/wp-content\/uploads\/2023\/12\/406397965_10159174587171230_8529947063171106294_n-300x225.jpg 300w, https:\/\/arcampin.be\/secondaire\/wp-content\/uploads\/2023\/12\/406397965_10159174587171230_8529947063171106294_n-1024x768.jpg 1024w, https:\/\/arcampin.be\/secondaire\/wp-content\/uploads\/2023\/12\/406397965_10159174587171230_8529947063171106294_n-768x576.jpg 768w, https:\/\/arcampin.be\/secondaire\/wp-content\/uploads\/2023\/12\/406397965_10159174587171230_8529947063171106294_n-1536x1152.jpg 1536w\" sizes=\"(max-width: 2048px) 100vw, 2048px\" \/><\/figure>\n\n\n\n<figure class=\"wp-block-image size-large\"><img loading=\"lazy\" width=\"1536\" height=\"2048\" data-id=\"9014\"  src=\"https:\/\/arcampin.be\/secondaire\/wp-content\/uploads\/2023\/12\/405246308_10159174587116230_2841621153697239219_n.jpg\" alt=\"\" class=\"wp-image-9014\" srcset=\"https:\/\/arcampin.be\/secondaire\/wp-content\/uploads\/2023\/12\/405246308_10159174587116230_2841621153697239219_n.jpg 1536w, https:\/\/arcampin.be\/secondaire\/wp-content\/uploads\/2023\/12\/405246308_10159174587116230_2841621153697239219_n-225x300.jpg 225w, https:\/\/arcampin.be\/secondaire\/wp-content\/uploads\/2023\/12\/405246308_10159174587116230_2841621153697239219_n-768x1024.jpg 768w, https:\/\/arcampin.be\/secondaire\/wp-content\/uploads\/2023\/12\/405246308_10159174587116230_2841621153697239219_n-1152x1536.jpg 1152w\" sizes=\"(max-width: 1536px) 100vw, 1536px\" \/><\/figure>\n<\/figure>\n\n\n\n<p><em>Nous pouvons \u00eatre fiers de leur parcours et de leur \u00e9volution au sein de notre \u00e9cole. <\/em><\/p>\n\n\n\n<p><em>N\u2019h\u00e9sitez pas \u00e0 les soutenir en leur achetant des parts sociales ou directement un produit.<\/em><\/p>\n\n\n<hr \/>\n<p>\u00a0<\/p>","protected":false},"excerpt":{"rendered":"<p>Nos jeunes entrepreneurs de 6\u00e8mes sc-\u00e9co ont pr\u00e9sent\u00e9 avec brio leurs projets mini-entreprise \u00e0 l\u2019h\u00f4tel de ville de Tournai. Nous pouvons \u00eatre fiers de leur parcours et de leur \u00e9volution au sein de notre \u00e9cole. N\u2019h\u00e9sitez pas \u00e0 les soutenir en leur achetant des parts sociales ou directement un produit. \u00a0<\/p>\n","protected":false},"author":2,"featured_media":0,"comment_status":"closed","ping_status":"open","sticky":false,"template":"","format":"standard","meta":{"jetpack_post_was_ever_published":false},"categories":[8],"tags":[],"jetpack_featured_media_url":"","_links":{"self":[{"href":"https:\/\/arcampin.be\/secondaire\/wp-json\/wp\/v2\/posts\/9013"}],"collection":[{"href":"https:\/\/arcampin.be\/secondaire\/wp-json\/wp\/v2\/posts"}],"about":[{"href":"https:\/\/arcampin.be\/secondaire\/wp-json\/wp\/v2\/types\/post"}],"author":[{"embeddable":true,"href":"https:\/\/arcampin.be\/secondaire\/wp-json\/wp\/v2\/users\/2"}],"replies":[{"embeddable":true,"href":"https:\/\/arcampin.be\/secondaire\/wp-json\/wp\/v2\/comments?post=9013"}],"version-history":[{"count":1,"href":"https:\/\/arcampin.be\/secondaire\/wp-json\/wp\/v2\/posts\/9013\/revisions"}],"predecessor-version":[{"id":9018,"href":"https:\/\/arcampin.be\/secondaire\/wp-json\/wp\/v2\/posts\/9013\/revisions\/9018"}],"wp:attachment":[{"href":"https:\/\/arcampin.be\/secondaire\/wp-json\/wp\/v2\/media?parent=9013"}],"wp:term":[{"taxonomy":"category","embeddable":true,"href":"https:\/\/arcampin.be\/secondaire\/wp-json\/wp\/v2\/categories?post=9013"},{"taxonomy":"post_tag","embeddable":true,"href":"https:\/\/arcampin.be\/secondaire\/wp-json\/wp\/v2\/tags?post=9013"}],"curies":[{"name":"wp","href":"https:\/\/api.w.org\/{rel}","templated":true}]}}