{"id":9008,"date":"2023-11-24T10:29:09","date_gmt":"2023-11-24T09:29:09","guid":{"rendered":"https:\/\/arcampin.be\/secondaire\/?p=9008"},"modified":"2023-11-24T11:03:50","modified_gmt":"2023-11-24T10:03:50","slug":"1918-2023-105-ans-deja","status":"publish","type":"post","link":"https:\/\/arcampin.be\/secondaire\/archives\/9008","title":{"rendered":"1918 &#8211; 2023, 105 ans d\u00e9j\u00e0"},"content":{"rendered":"\n<figure class=\"wp-block-video\"><video controls src=\"https:\/\/arcampin.be\/secondaire\/wp-content\/uploads\/2023\/11\/1918-2023-105-ans-deja-105-jaar-geleden_xuYjIvyt.mp4\"><\/video><\/figure>\n\n\n\n<p><em>Voici une vid\u00e9o r\u00e9alis\u00e9e par le WHI (War Heritage Institute) sur notre s\u00e9jour dans le Westhoek il y a quelques semaines.<\/em><\/p>\n\n\n<hr \/>\n<p>\u00a0<\/p>","protected":false},"excerpt":{"rendered":"<p>Voici une vid\u00e9o r\u00e9alis\u00e9e par le WHI (War Heritage Institute) sur notre s\u00e9jour dans le Westhoek il y a quelques semaines. \u00a0<\/p>\n","protected":false},"author":2,"featured_media":0,"comment_status":"closed","ping_status":"open","sticky":false,"template":"","format":"standard","meta":{"jetpack_post_was_ever_published":false},"categories":[25],"tags":[],"jetpack_featured_media_url":"","_links":{"self":[{"href":"https:\/\/arcampin.be\/secondaire\/wp-json\/wp\/v2\/posts\/9008"}],"collection":[{"href":"https:\/\/arcampin.be\/secondaire\/wp-json\/wp\/v2\/posts"}],"about":[{"href":"https:\/\/arcampin.be\/secondaire\/wp-json\/wp\/v2\/types\/post"}],"author":[{"embeddable":true,"href":"https:\/\/arcampin.be\/secondaire\/wp-json\/wp\/v2\/users\/2"}],"replies":[{"embeddable":true,"href":"https:\/\/arcampin.be\/secondaire\/wp-json\/wp\/v2\/comments?post=9008"}],"version-history":[{"count":2,"href":"https:\/\/arcampin.be\/secondaire\/wp-json\/wp\/v2\/posts\/9008\/revisions"}],"predecessor-version":[{"id":9011,"href":"https:\/\/arcampin.be\/secondaire\/wp-json\/wp\/v2\/posts\/9008\/revisions\/9011"}],"wp:attachment":[{"href":"https:\/\/arcampin.be\/secondaire\/wp-json\/wp\/v2\/media?parent=9008"}],"wp:term":[{"taxonomy":"category","embeddable":true,"href":"https:\/\/arcampin.be\/secondaire\/wp-json\/wp\/v2\/categories?post=9008"},{"taxonomy":"post_tag","embeddable":true,"href":"https:\/\/arcampin.be\/secondaire\/wp-json\/wp\/v2\/tags?post=9008"}],"curies":[{"name":"wp","href":"https:\/\/api.w.org\/{rel}","templated":true}]}}