{"id":8987,"date":"2023-11-17T09:38:54","date_gmt":"2023-11-17T08:38:54","guid":{"rendered":"https:\/\/arcampin.be\/secondaire\/?p=8987"},"modified":"2023-11-20T10:24:50","modified_gmt":"2023-11-20T09:24:50","slug":"conference-de-benjamin-brillaud","status":"publish","type":"post","link":"https:\/\/arcampin.be\/secondaire\/archives\/8987","title":{"rendered":"Conf\u00e9rence de Benjamin Brillaud"},"content":{"rendered":"\n<figure class=\"wp-container-2 wp-block-gallery-1 wp-block-gallery has-nested-images columns-2 is-cropped\">\n<figure class=\"wp-block-image size-large\"><img loading=\"lazy\" width=\"429\" height=\"226\" data-id=\"8988\"  src=\"https:\/\/arcampin.be\/secondaire\/wp-content\/uploads\/2023\/11\/402648263_10160996095866686_4424950339260444791_n.jpg\" alt=\"\" class=\"wp-image-8988\" srcset=\"https:\/\/arcampin.be\/secondaire\/wp-content\/uploads\/2023\/11\/402648263_10160996095866686_4424950339260444791_n.jpg 429w, https:\/\/arcampin.be\/secondaire\/wp-content\/uploads\/2023\/11\/402648263_10160996095866686_4424950339260444791_n-300x158.jpg 300w\" sizes=\"(max-width: 429px) 100vw, 429px\" \/><\/figure>\n\n\n\n<figure class=\"wp-block-image size-large\"><img loading=\"lazy\" width=\"388\" height=\"240\" data-id=\"8989\"  src=\"https:\/\/arcampin.be\/secondaire\/wp-content\/uploads\/2023\/11\/402609369_10160996095846686_2100897945519131416_n.jpg\" alt=\"\" class=\"wp-image-8989\" srcset=\"https:\/\/arcampin.be\/secondaire\/wp-content\/uploads\/2023\/11\/402609369_10160996095846686_2100897945519131416_n.jpg 388w, https:\/\/arcampin.be\/secondaire\/wp-content\/uploads\/2023\/11\/402609369_10160996095846686_2100897945519131416_n-300x186.jpg 300w\" sizes=\"(max-width: 388px) 100vw, 388px\" \/><\/figure>\n\n\n\n<figure class=\"wp-block-image size-large\"><img loading=\"lazy\" width=\"768\" height=\"152\" data-id=\"8990\"  src=\"https:\/\/arcampin.be\/secondaire\/wp-content\/uploads\/2023\/11\/401813258_10160996095881686_6649140511081711285_n.jpg\" alt=\"\" class=\"wp-image-8990\" srcset=\"https:\/\/arcampin.be\/secondaire\/wp-content\/uploads\/2023\/11\/401813258_10160996095881686_6649140511081711285_n.jpg 768w, https:\/\/arcampin.be\/secondaire\/wp-content\/uploads\/2023\/11\/401813258_10160996095881686_6649140511081711285_n-300x59.jpg 300w\" sizes=\"(max-width: 768px) 100vw, 768px\" \/><\/figure>\n<\/figure>\n\n\n\n<p><em>Benjamin Brillaud. Si vous ne connaissez pas son nom, vous connaissez sans nul doute sa chaine Youtube de vulgarisation historique : Nota Bene.<\/em><\/p>\n\n\n\n<p><em>Vendredi dernier, l\u2019Ath\u00e9n\u00e9e Campin en collaboration avec le Centre d\u2019Action La\u00efque a permis aux \u00e9l\u00e8ves de 5\u00e8me secondaire de suivre une conf\u00e9rence de Benjamin Brillaud donn\u00e9e dans la Salle des Concerts du Conservatoire de Tournai.<\/em><\/p>\n\n\n\n<figure class=\"wp-container-4 wp-block-gallery-3 wp-block-gallery has-nested-images columns-1 is-cropped\">\n<figure class=\"wp-block-image size-large\"><img loading=\"lazy\" width=\"1024\" height=\"768\" data-id=\"8992\"  src=\"https:\/\/arcampin.be\/secondaire\/wp-content\/uploads\/2023\/11\/401821839_10160996096136686_6093450850802214697_n-1024x768.jpg\" alt=\"\" class=\"wp-image-8992\" srcset=\"https:\/\/arcampin.be\/secondaire\/wp-content\/uploads\/2023\/11\/401821839_10160996096136686_6093450850802214697_n-1024x768.jpg 1024w, https:\/\/arcampin.be\/secondaire\/wp-content\/uploads\/2023\/11\/401821839_10160996096136686_6093450850802214697_n-300x225.jpg 300w, https:\/\/arcampin.be\/secondaire\/wp-content\/uploads\/2023\/11\/401821839_10160996096136686_6093450850802214697_n-768x576.jpg 768w, https:\/\/arcampin.be\/secondaire\/wp-content\/uploads\/2023\/11\/401821839_10160996096136686_6093450850802214697_n-1536x1152.jpg 1536w, https:\/\/arcampin.be\/secondaire\/wp-content\/uploads\/2023\/11\/401821839_10160996096136686_6093450850802214697_n.jpg 2048w\" sizes=\"(max-width: 1024px) 100vw, 1024px\" \/><\/figure>\n\n\n\n<figure class=\"wp-block-image size-large\"><img loading=\"lazy\" width=\"1024\" height=\"768\" data-id=\"8991\"  src=\"https:\/\/arcampin.be\/secondaire\/wp-content\/uploads\/2023\/11\/401833509_10160996096151686_5805673913507693771_n-1024x768.jpg\" alt=\"\" class=\"wp-image-8991\" srcset=\"https:\/\/arcampin.be\/secondaire\/wp-content\/uploads\/2023\/11\/401833509_10160996096151686_5805673913507693771_n-1024x768.jpg 1024w, https:\/\/arcampin.be\/secondaire\/wp-content\/uploads\/2023\/11\/401833509_10160996096151686_5805673913507693771_n-300x225.jpg 300w, https:\/\/arcampin.be\/secondaire\/wp-content\/uploads\/2023\/11\/401833509_10160996096151686_5805673913507693771_n-768x576.jpg 768w, https:\/\/arcampin.be\/secondaire\/wp-content\/uploads\/2023\/11\/401833509_10160996096151686_5805673913507693771_n-1536x1152.jpg 1536w, https:\/\/arcampin.be\/secondaire\/wp-content\/uploads\/2023\/11\/401833509_10160996096151686_5805673913507693771_n.jpg 2048w\" sizes=\"(max-width: 1024px) 100vw, 1024px\" \/><\/figure>\n<\/figure>\n\n\n\n<p><em>Le sujet ? Les extr\u00e9mismes, le complotisme, les fakes news et les manipulations que subit l\u2019histoire \u00e0 leur profit. Tout au long de sa pr\u00e9sentation, M. Brillaud a rappel\u00e9 l\u2019importance de la critique face aux flots de donn\u00e9es qui nous parviennent. D\u2019o\u00f9 vient l\u2019information ? Qui la transmet ? Quel est l\u2019objectif de cette personne ? A-t-elle des preuves, des sources et les cite-t-elles ? Y-a-t-il un consensus ou pas ? Etc.<\/em><\/p>\n\n\n\n<p><em>Une piq\u00fbre de rappel essentielle dans notre monde trop souvent bouscul\u00e9 par les id\u00e9es dangereuses des extr\u00eames (qu\u2019ils soient politiques, religieux ou autres) et la manipulation de l\u2019information.<\/em><\/p>\n\n\n<hr>","protected":false},"excerpt":{"rendered":"<p>Benjamin Brillaud. Si vous ne connaissez pas son nom, vous connaissez sans nul doute sa chaine Youtube de vulgarisation historique : Nota Bene. Vendredi dernier, l\u2019Ath\u00e9n\u00e9e Campin en collaboration avec le Centre d\u2019Action La\u00efque a permis aux \u00e9l\u00e8ves de 5\u00e8me secondaire de suivre une conf\u00e9rence de Benjamin Brillaud donn\u00e9e dans la Salle des Concerts du &hellip; <a href=\"https:\/\/arcampin.be\/secondaire\/archives\/8987\" class=\"more-link\">Continuer la lecture de <span class=\"screen-reader-text\">Conf\u00e9rence de Benjamin Brillaud<\/span> <span class=\"meta-nav\">&rarr;<\/span><\/a><\/p>\n","protected":false},"author":2,"featured_media":0,"comment_status":"closed","ping_status":"open","sticky":false,"template":"","format":"standard","meta":{"jetpack_post_was_ever_published":false},"categories":[16],"tags":[],"jetpack_featured_media_url":"","_links":{"self":[{"href":"https:\/\/arcampin.be\/secondaire\/wp-json\/wp\/v2\/posts\/8987"}],"collection":[{"href":"https:\/\/arcampin.be\/secondaire\/wp-json\/wp\/v2\/posts"}],"about":[{"href":"https:\/\/arcampin.be\/secondaire\/wp-json\/wp\/v2\/types\/post"}],"author":[{"embeddable":true,"href":"https:\/\/arcampin.be\/secondaire\/wp-json\/wp\/v2\/users\/2"}],"replies":[{"embeddable":true,"href":"https:\/\/arcampin.be\/secondaire\/wp-json\/wp\/v2\/comments?post=8987"}],"version-history":[{"count":3,"href":"https:\/\/arcampin.be\/secondaire\/wp-json\/wp\/v2\/posts\/8987\/revisions"}],"predecessor-version":[{"id":8998,"href":"https:\/\/arcampin.be\/secondaire\/wp-json\/wp\/v2\/posts\/8987\/revisions\/8998"}],"wp:attachment":[{"href":"https:\/\/arcampin.be\/secondaire\/wp-json\/wp\/v2\/media?parent=8987"}],"wp:term":[{"taxonomy":"category","embeddable":true,"href":"https:\/\/arcampin.be\/secondaire\/wp-json\/wp\/v2\/categories?post=8987"},{"taxonomy":"post_tag","embeddable":true,"href":"https:\/\/arcampin.be\/secondaire\/wp-json\/wp\/v2\/tags?post=8987"}],"curies":[{"name":"wp","href":"https:\/\/api.w.org\/{rel}","templated":true}]}}