{"id":8978,"date":"2023-11-16T09:48:20","date_gmt":"2023-11-16T08:48:20","guid":{"rendered":"https:\/\/arcampin.be\/secondaire\/?p=8978"},"modified":"2023-11-16T09:48:20","modified_gmt":"2023-11-16T08:48:20","slug":"film-reportage-les-reseaux-de-la-colere","status":"publish","type":"post","link":"https:\/\/arcampin.be\/secondaire\/archives\/8978","title":{"rendered":"Film-reportage \u00ab\u00a0Les r\u00e9seaux de la col\u00e8re \u00ab\u00a0"},"content":{"rendered":"\n<figure class=\"wp-container-2 wp-block-gallery-1 wp-block-gallery has-nested-images columns-default is-cropped\">\n<figure class=\"wp-block-image size-large\"><img loading=\"lazy\" width=\"768\" height=\"1024\" data-id=\"8979\"  src=\"https:\/\/arcampin.be\/secondaire\/wp-content\/uploads\/2023\/11\/400959072_10230154033259273_3477954662052371283_n-768x1024.jpg\" alt=\"\" class=\"wp-image-8979\" srcset=\"https:\/\/arcampin.be\/secondaire\/wp-content\/uploads\/2023\/11\/400959072_10230154033259273_3477954662052371283_n-768x1024.jpg 768w, https:\/\/arcampin.be\/secondaire\/wp-content\/uploads\/2023\/11\/400959072_10230154033259273_3477954662052371283_n-225x300.jpg 225w, https:\/\/arcampin.be\/secondaire\/wp-content\/uploads\/2023\/11\/400959072_10230154033259273_3477954662052371283_n-1152x1536.jpg 1152w, https:\/\/arcampin.be\/secondaire\/wp-content\/uploads\/2023\/11\/400959072_10230154033259273_3477954662052371283_n.jpg 1536w\" sizes=\"(max-width: 768px) 100vw, 768px\" \/><\/figure>\n\n\n\n<figure class=\"wp-block-image size-large\"><img loading=\"lazy\" width=\"768\" height=\"1024\" data-id=\"8980\"  src=\"https:\/\/arcampin.be\/secondaire\/wp-content\/uploads\/2023\/11\/401092966_10230154033819287_6327761174224249095_n-768x1024.jpg\" alt=\"\" class=\"wp-image-8980\" srcset=\"https:\/\/arcampin.be\/secondaire\/wp-content\/uploads\/2023\/11\/401092966_10230154033819287_6327761174224249095_n-768x1024.jpg 768w, https:\/\/arcampin.be\/secondaire\/wp-content\/uploads\/2023\/11\/401092966_10230154033819287_6327761174224249095_n-225x300.jpg 225w, https:\/\/arcampin.be\/secondaire\/wp-content\/uploads\/2023\/11\/401092966_10230154033819287_6327761174224249095_n-1152x1536.jpg 1152w, https:\/\/arcampin.be\/secondaire\/wp-content\/uploads\/2023\/11\/401092966_10230154033819287_6327761174224249095_n.jpg 1536w\" sizes=\"(max-width: 768px) 100vw, 768px\" \/><\/figure>\n<\/figure>\n\n\n\n<p><em>Ce mardi les \u00e9l\u00e8ves de 3\u00e8me ACD ont pu visionner le film-reportage \u00ab\u00a0Les r\u00e9seaux de la col\u00e8re \u00a0\u00bb dans lequel il \u00e9tait question de la mauvaise utilisation des r\u00e9seaux sociaux.<\/em><\/p>\n\n\n\n<p><em>Apr\u00e8s ce visionnage, une discussion a \u00e9t\u00e9 ouverte et les \u00e9l\u00e8ves se sont questionn\u00e9s et exprim\u00e9s.<\/em><\/p>\n\n\n<hr \/>\n<p>\u00a0<\/p>","protected":false},"excerpt":{"rendered":"<p>Ce mardi les \u00e9l\u00e8ves de 3\u00e8me ACD ont pu visionner le film-reportage \u00ab\u00a0Les r\u00e9seaux de la col\u00e8re \u00a0\u00bb dans lequel il \u00e9tait question de la mauvaise utilisation des r\u00e9seaux sociaux. Apr\u00e8s ce visionnage, une discussion a \u00e9t\u00e9 ouverte et les \u00e9l\u00e8ves se sont questionn\u00e9s et exprim\u00e9s. \u00a0<\/p>\n","protected":false},"author":2,"featured_media":0,"comment_status":"closed","ping_status":"open","sticky":false,"template":"","format":"standard","meta":{"jetpack_post_was_ever_published":false},"categories":[16],"tags":[],"jetpack_featured_media_url":"","_links":{"self":[{"href":"https:\/\/arcampin.be\/secondaire\/wp-json\/wp\/v2\/posts\/8978"}],"collection":[{"href":"https:\/\/arcampin.be\/secondaire\/wp-json\/wp\/v2\/posts"}],"about":[{"href":"https:\/\/arcampin.be\/secondaire\/wp-json\/wp\/v2\/types\/post"}],"author":[{"embeddable":true,"href":"https:\/\/arcampin.be\/secondaire\/wp-json\/wp\/v2\/users\/2"}],"replies":[{"embeddable":true,"href":"https:\/\/arcampin.be\/secondaire\/wp-json\/wp\/v2\/comments?post=8978"}],"version-history":[{"count":1,"href":"https:\/\/arcampin.be\/secondaire\/wp-json\/wp\/v2\/posts\/8978\/revisions"}],"predecessor-version":[{"id":8981,"href":"https:\/\/arcampin.be\/secondaire\/wp-json\/wp\/v2\/posts\/8978\/revisions\/8981"}],"wp:attachment":[{"href":"https:\/\/arcampin.be\/secondaire\/wp-json\/wp\/v2\/media?parent=8978"}],"wp:term":[{"taxonomy":"category","embeddable":true,"href":"https:\/\/arcampin.be\/secondaire\/wp-json\/wp\/v2\/categories?post=8978"},{"taxonomy":"post_tag","embeddable":true,"href":"https:\/\/arcampin.be\/secondaire\/wp-json\/wp\/v2\/tags?post=8978"}],"curies":[{"name":"wp","href":"https:\/\/api.w.org\/{rel}","templated":true}]}}