{"id":8970,"date":"2023-12-07T16:49:11","date_gmt":"2023-12-07T15:49:11","guid":{"rendered":"https:\/\/arcampin.be\/secondaire\/?p=8970"},"modified":"2024-03-22T14:43:09","modified_gmt":"2024-03-22T13:43:09","slug":"8970","status":"publish","type":"post","link":"https:\/\/arcampin.be\/secondaire\/archives\/8970","title":{"rendered":""},"content":{"rendered":"\n<div class=\"wp-block-media-text is-stacked-on-mobile\" style=\"grid-template-columns:26% auto\"><figure class=\"wp-block-media-text__media\"><img loading=\"lazy\" width=\"261\" height=\"300\" src=\"https:\/\/arcampin.be\/secondaire\/wp-content\/uploads\/2020\/09\/Chouette-261x300.png\" alt=\"\" class=\"wp-image-5462 size-medium\" srcset=\"https:\/\/arcampin.be\/secondaire\/wp-content\/uploads\/2020\/09\/Chouette-261x300.png 261w, https:\/\/arcampin.be\/secondaire\/wp-content\/uploads\/2020\/09\/Chouette-768x884.png 768w, https:\/\/arcampin.be\/secondaire\/wp-content\/uploads\/2020\/09\/Chouette-890x1024.png 890w, https:\/\/arcampin.be\/secondaire\/wp-content\/uploads\/2020\/09\/Chouette.png 916w\" sizes=\"(max-width: 261px) 100vw, 261px\" \/><\/figure><div class=\"wp-block-media-text__content\">\n<p class=\"has-large-font-size\"><strong>Informations rentr\u00e9e 2024<\/strong> <strong>en premi\u00e8re secondaire<\/strong><\/p>\n<\/div><\/div>\n\n\n<p class=\"cvGsUA direction-ltr align-center para-style-body\" style=\"text-align: center;\"><strong><em><span class=\"OYPEnA text-decoration-none text-strikethrough-none\">Tu rentres en premi\u00e8re secondaire en 2024 ! <\/span><span class=\"OYPEnA text-decoration-none text-strikethrough-none\">Tu recherches un \u00e9tablissement qui te correspond ? <\/span><span class=\"OYPEnA text-decoration-none text-strikethrough-none\">Viens d\u00e9couvrir notre \u00e9cole lors d&rsquo;une visite personnalis\u00e9e.<\/span><\/em><\/strong><\/p>\n<h3 style=\"text-align: center;\"><span style=\"color: #668885;\">Quand ?<\/span><\/h3>\n<p class=\"cvGsUA direction-ltr align-center para-style-body\" style=\"text-align: center;\"><strong><em><span class=\"OYPEnA text-decoration-none text-strikethrough-none\">Le mardi 23 janvier, le jeudi 25 janvier entre 16h15 et 18h15 et l<\/span><\/em><em><span class=\"OYPEnA text-decoration-none text-strikethrough-none\">e samedi 27 janvier entre 9h et 13h.<\/span><\/em><\/strong><\/p>\n<h3 style=\"text-align: center;\"><span style=\"color: #668885;\"><strong><span class=\"OYPEnA text-decoration-none text-strikethrough-none\">Comment s&rsquo;inscrire pour une visite ?<\/span><\/strong><\/span><\/h3>\n<p style=\"text-align: center;\"><strong><em><span class=\"OYPEnA text-decoration-none text-strikethrough-none\">Inscris-toi par t\u00e9l\u00e9phone au 069\/22.26.66. ou via le formulaire ci-dessous.<\/span><\/em><\/strong><\/p>\n\n\n<div class=\"wp-container-1 is-content-justification-center wp-block-buttons alignfull\">\n<div class=\"wp-block-button has-custom-width wp-block-button__width-25 has-custom-font-size is-style-no-shadow has-small-font-size\"><a class=\"wp-block-button__link has-background\" href=\"https:\/\/docs.google.com\/forms\/d\/e\/1FAIpQLScKqZDlWrmNDa5HsL8Oo9U-xL-3KKOA800fDa_IHPBQBmsfKg\/viewform?usp=pp_url\" style=\"border-radius:13px;background-color:#668885\" target=\"_blank\" rel=\"noreferrer noopener\"><strong>Prendre rendez-vous<\/strong><\/a><\/div>\n<\/div>\n\n\n<h3 style=\"text-align: center;\"><span class=\"OYPEnA text-decoration-none text-strikethrough-none\" style=\"color: #668885;\">Au programme de la visite<\/span><\/h3>\n<p style=\"text-align: center;\"><strong><em><span class=\"OYPEnA text-decoration-none text-strikethrough-none\">Echanges avec les professeurs, d<\/span><span class=\"OYPEnA text-decoration-none text-strikethrough-none\">\u00e9couverte des diff\u00e9rentes activit\u00e9s, v<\/span><span class=\"OYPEnA text-decoration-none text-strikethrough-none\">isite des classes et des laboratoires de sciences et d\u2019informatique.<\/span><\/em><\/strong><\/p>\n<p style=\"text-align: center;\"><strong><em><span class=\"OYPEnA text-decoration-none text-strikethrough-none\">Pr\u00e9cision sur l&rsquo;aide apport\u00e9e aux \u00e9l\u00e8ves \u00e0 besoins sp\u00e9cifiques, i<\/span><span class=\"OYPEnA text-decoration-none text-strikethrough-none\">nformations concernant les inscriptions <\/span><span class=\"OYPEnA text-decoration-none text-strikethrough-none\">en premi\u00e8re secondaire.<\/span><\/em><\/strong><\/p>\n<h3 class=\"has-text-align-center\"><span style=\"color: #668885;\">P\u00e9riode d\u2019inscriptions en premi\u00e8re secondaire<\/span><\/h3>\n<p class=\"has-text-align-center\"><em><span class=\"JsGRdQ\"><strong>Du lundi 29 janvier <\/strong><\/span><strong><span class=\"JsGRdQ\">au&nbsp;<\/span><span class=\"JsGRdQ\">vendredi 16 f\u00e9vrier i<\/span><\/strong><span class=\"JsGRdQ\"><strong>nclus sur rendez-vous au 069\/22.26.66<\/strong>.<\/span><\/em><\/p>\n<p style=\"text-align: center;\"><strong><em>Reprise des inscriptions \u00e0 partir du lundi 22 avril.<\/em><\/strong><\/p>\n<h3 class=\"has-text-align-center\"><span style=\"color: #668885;\">Journ\u00e9e d\u00e9couverte 2024<\/span><\/h3>\n<h3 class=\"has-text-align-center\"><span style=\"color: #000000;\">Le samedi 20 avril de 10h \u00e0 17h<\/span><\/h3>\n<hr>\n\n\n<figure class=\"wp-block-image size-large\"><img loading=\"lazy\" width=\"724\" height=\"1024\" src=\"https:\/\/arcampin.be\/secondaire\/wp-content\/uploads\/2024\/01\/1er-Degre-724x1024.png\" alt=\"\" class=\"wp-image-9100\" srcset=\"https:\/\/arcampin.be\/secondaire\/wp-content\/uploads\/2024\/01\/1er-Degre-724x1024.png 724w, https:\/\/arcampin.be\/secondaire\/wp-content\/uploads\/2024\/01\/1er-Degre-212x300.png 212w, https:\/\/arcampin.be\/secondaire\/wp-content\/uploads\/2024\/01\/1er-Degre-768x1086.png 768w, https:\/\/arcampin.be\/secondaire\/wp-content\/uploads\/2024\/01\/1er-Degre-1086x1536.png 1086w, https:\/\/arcampin.be\/secondaire\/wp-content\/uploads\/2024\/01\/1er-Degre.png 1414w\" sizes=\"(max-width: 724px) 100vw, 724px\" \/><\/figure>\n\n\n\n<div class=\"wp-container-2 wp-block-buttons\">\n<div class=\"wp-block-button aligncenter is-style-no-shadow\"><a class=\"wp-block-button__link has-background\" href=\"https:\/\/arcampin.be\/secondaire\/wp-content\/uploads\/2024\/01\/24-25-Grilles-1-2-3-Degre.pdf\" style=\"background-color:#457ecf\" target=\"_blank\" rel=\"noreferrer noopener\"><em><strong>T\u00e9l\u00e9charger ici les grilles horaires 2024-2025<\/strong><\/em><\/a><\/div>\n<\/div>\n\n\n<hr>","protected":false},"excerpt":{"rendered":"<p>Informations rentr\u00e9e 2024 en premi\u00e8re secondaire Tu rentres en premi\u00e8re secondaire en 2024 ! Tu recherches un \u00e9tablissement qui te correspond ? Viens d\u00e9couvrir notre \u00e9cole lors d&rsquo;une visite personnalis\u00e9e. Quand ? Le mardi 23 janvier, le jeudi 25 janvier entre 16h15 et 18h15 et le samedi 27 janvier entre 9h et 13h. Comment s&rsquo;inscrire &hellip; <a href=\"https:\/\/arcampin.be\/secondaire\/archives\/8970\" class=\"more-link\">Continuer la lecture de <span class=\"screen-reader-text\"><\/span> <span class=\"meta-nav\">&rarr;<\/span><\/a><\/p>\n","protected":false},"author":2,"featured_media":0,"comment_status":"closed","ping_status":"open","sticky":false,"template":"","format":"standard","meta":{"jetpack_post_was_ever_published":true},"categories":[6],"tags":[],"jetpack_featured_media_url":"","_links":{"self":[{"href":"https:\/\/arcampin.be\/secondaire\/wp-json\/wp\/v2\/posts\/8970"}],"collection":[{"href":"https:\/\/arcampin.be\/secondaire\/wp-json\/wp\/v2\/posts"}],"about":[{"href":"https:\/\/arcampin.be\/secondaire\/wp-json\/wp\/v2\/types\/post"}],"author":[{"embeddable":true,"href":"https:\/\/arcampin.be\/secondaire\/wp-json\/wp\/v2\/users\/2"}],"replies":[{"embeddable":true,"href":"https:\/\/arcampin.be\/secondaire\/wp-json\/wp\/v2\/comments?post=8970"}],"version-history":[{"count":32,"href":"https:\/\/arcampin.be\/secondaire\/wp-json\/wp\/v2\/posts\/8970\/revisions"}],"predecessor-version":[{"id":9280,"href":"https:\/\/arcampin.be\/secondaire\/wp-json\/wp\/v2\/posts\/8970\/revisions\/9280"}],"wp:attachment":[{"href":"https:\/\/arcampin.be\/secondaire\/wp-json\/wp\/v2\/media?parent=8970"}],"wp:term":[{"taxonomy":"category","embeddable":true,"href":"https:\/\/arcampin.be\/secondaire\/wp-json\/wp\/v2\/categories?post=8970"},{"taxonomy":"post_tag","embeddable":true,"href":"https:\/\/arcampin.be\/secondaire\/wp-json\/wp\/v2\/tags?post=8970"}],"curies":[{"name":"wp","href":"https:\/\/api.w.org\/{rel}","templated":true}]}}