{"id":8903,"date":"2023-11-10T16:00:00","date_gmt":"2023-11-10T15:00:00","guid":{"rendered":"https:\/\/arcampin.be\/secondaire\/?p=8903"},"modified":"2023-11-24T10:25:49","modified_gmt":"2023-11-24T09:25:49","slug":"5eme-et-6eme-option-histoire-voyage-de-memoire-commemoration-des-105-ans-de-larmistice","status":"publish","type":"post","link":"https:\/\/arcampin.be\/secondaire\/archives\/8903","title":{"rendered":"5\u00e8me et 6\u00e8me Option histoire &#8211; Comm\u00e9moration des 105 ans de l\u2019armistice"},"content":{"rendered":"\n<hr class=\"wp-block-separator has-alpha-channel-opacity\"\/>\n\n\n\n<figure class=\"wp-block-image size-large\"><img loading=\"lazy\" width=\"1024\" height=\"768\" src=\"https:\/\/arcampin.be\/secondaire\/wp-content\/uploads\/2023\/11\/399329893_10233198737489366_2516290692451134515_n-1024x768.jpg\" alt=\"\" class=\"wp-image-8904\" srcset=\"https:\/\/arcampin.be\/secondaire\/wp-content\/uploads\/2023\/11\/399329893_10233198737489366_2516290692451134515_n-1024x768.jpg 1024w, https:\/\/arcampin.be\/secondaire\/wp-content\/uploads\/2023\/11\/399329893_10233198737489366_2516290692451134515_n-300x225.jpg 300w, https:\/\/arcampin.be\/secondaire\/wp-content\/uploads\/2023\/11\/399329893_10233198737489366_2516290692451134515_n-768x576.jpg 768w, https:\/\/arcampin.be\/secondaire\/wp-content\/uploads\/2023\/11\/399329893_10233198737489366_2516290692451134515_n-1536x1152.jpg 1536w, https:\/\/arcampin.be\/secondaire\/wp-content\/uploads\/2023\/11\/399329893_10233198737489366_2516290692451134515_n.jpg 2048w\" sizes=\"(max-width: 1024px) 100vw, 1024px\" \/><\/figure>\n\n\n\n<p><em>Voici le r\u00e9sum\u00e9 de notre s\u00e9jour.<\/em><\/p>\n\n\n\n<p><em>Ce matin, nos \u00e9l\u00e8ves ont pris la route des Flandres afin de rejoindre Ploegsteert, village embl\u00e9matique de la premi\u00e8re guerre mondiale. Situ\u00e9e sur la ligne de front durant quatre ans, il a vu mourir des milliers de combattants des deux camps, notamment des Australiens venus creuser des galeries afin de faire sauter les tranch\u00e9es allemandes. Apr\u00e8s une visite guid\u00e9e tr\u00e8s riche, nous avons rejoint un m\u00e9morial, entretenu par le Commonwealth, sur lequel sont inscrits les noms de 10547 soldats britanniques ayant particip\u00e9 \u00e0 la guerre mais dont les corps n\u2019ont pas \u00e9t\u00e9 retrouv\u00e9s. Des cimeti\u00e8res militaires pars\u00e8ment aussi les environs.<\/em><\/p>\n\n\n\n<figure class=\"wp-container-2 wp-block-gallery-1 wp-block-gallery has-nested-images columns-1 is-cropped\">\n<figure class=\"wp-block-image size-large\"><img loading=\"lazy\" width=\"1024\" height=\"768\" data-id=\"8907\"  src=\"https:\/\/arcampin.be\/secondaire\/wp-content\/uploads\/2023\/11\/399310296_10233198744689546_5475071369616847607_n-1024x768.jpg\" alt=\"\" class=\"wp-image-8907\" srcset=\"https:\/\/arcampin.be\/secondaire\/wp-content\/uploads\/2023\/11\/399310296_10233198744689546_5475071369616847607_n-1024x768.jpg 1024w, https:\/\/arcampin.be\/secondaire\/wp-content\/uploads\/2023\/11\/399310296_10233198744689546_5475071369616847607_n-300x225.jpg 300w, https:\/\/arcampin.be\/secondaire\/wp-content\/uploads\/2023\/11\/399310296_10233198744689546_5475071369616847607_n-768x576.jpg 768w, https:\/\/arcampin.be\/secondaire\/wp-content\/uploads\/2023\/11\/399310296_10233198744689546_5475071369616847607_n-1536x1152.jpg 1536w, https:\/\/arcampin.be\/secondaire\/wp-content\/uploads\/2023\/11\/399310296_10233198744689546_5475071369616847607_n.jpg 2048w\" sizes=\"(max-width: 1024px) 100vw, 1024px\" \/><\/figure>\n\n\n\n<figure class=\"wp-block-image size-large\"><img loading=\"lazy\" width=\"1024\" height=\"768\" data-id=\"8905\"  src=\"https:\/\/arcampin.be\/secondaire\/wp-content\/uploads\/2023\/11\/399284080_10233198741569468_8401615197960456551_n-1024x768.jpg\" alt=\"\" class=\"wp-image-8905\" srcset=\"https:\/\/arcampin.be\/secondaire\/wp-content\/uploads\/2023\/11\/399284080_10233198741569468_8401615197960456551_n-1024x768.jpg 1024w, https:\/\/arcampin.be\/secondaire\/wp-content\/uploads\/2023\/11\/399284080_10233198741569468_8401615197960456551_n-300x225.jpg 300w, https:\/\/arcampin.be\/secondaire\/wp-content\/uploads\/2023\/11\/399284080_10233198741569468_8401615197960456551_n-768x576.jpg 768w, https:\/\/arcampin.be\/secondaire\/wp-content\/uploads\/2023\/11\/399284080_10233198741569468_8401615197960456551_n-1536x1152.jpg 1536w, https:\/\/arcampin.be\/secondaire\/wp-content\/uploads\/2023\/11\/399284080_10233198741569468_8401615197960456551_n.jpg 2048w\" sizes=\"(max-width: 1024px) 100vw, 1024px\" \/><\/figure>\n<\/figure>\n\n\n\n<p><em>Apr\u00e8s un pique-nique bien m\u00e9rit\u00e9, nous avons rejoint un autre monument comm\u00e9moratif li\u00e9 \u00e0 un \u00e9pisode marquant appel\u00e9 \u00ab La Tr\u00eave de No\u00ebl \u00bb : le 23 et 24 d\u00e9cembre 1914, les soldats des deux camps, comme \u00e0 de nombreux autres endroits sur le front long de 750 kilom\u00e8tres, ont fraternis\u00e9 et ont notamment disput\u00e9 un match amical de football dans le no\u2019mans land. Nos \u00e9l\u00e8ves ont lu plusieurs passages de lettres \u00e9crites par un soldat britannique ayant v\u00e9cu ce moment. La sculpture, inaugur\u00e9e par Michel Platini, ancien grand joueur fran\u00e7ais et alors pr\u00e9sident de l\u2019UEFA, rappelle donc ce moment particulier durant le conflit et l\u2019humanit\u00e9 des combattants.<\/em><\/p>\n\n\n\n<figure class=\"wp-container-4 wp-block-gallery-3 wp-block-gallery has-nested-images columns-2 is-cropped\">\n<figure class=\"wp-block-image size-large\"><img loading=\"lazy\" width=\"1024\" height=\"768\" data-id=\"8909\"  src=\"https:\/\/arcampin.be\/secondaire\/wp-content\/uploads\/2023\/11\/399435365_10233198737569368_4139080001235670967_n-1024x768.jpg\" alt=\"\" class=\"wp-image-8909\" srcset=\"https:\/\/arcampin.be\/secondaire\/wp-content\/uploads\/2023\/11\/399435365_10233198737569368_4139080001235670967_n-1024x768.jpg 1024w, https:\/\/arcampin.be\/secondaire\/wp-content\/uploads\/2023\/11\/399435365_10233198737569368_4139080001235670967_n-300x225.jpg 300w, https:\/\/arcampin.be\/secondaire\/wp-content\/uploads\/2023\/11\/399435365_10233198737569368_4139080001235670967_n-768x576.jpg 768w, https:\/\/arcampin.be\/secondaire\/wp-content\/uploads\/2023\/11\/399435365_10233198737569368_4139080001235670967_n-1536x1152.jpg 1536w, https:\/\/arcampin.be\/secondaire\/wp-content\/uploads\/2023\/11\/399435365_10233198737569368_4139080001235670967_n.jpg 2048w\" sizes=\"(max-width: 1024px) 100vw, 1024px\" \/><\/figure>\n\n\n\n<figure class=\"wp-block-image size-large\"><img loading=\"lazy\" width=\"1024\" height=\"768\" data-id=\"8910\"  src=\"https:\/\/arcampin.be\/secondaire\/wp-content\/uploads\/2023\/11\/399497742_10233198738769398_4132377754188421604_n-1024x768.jpg\" alt=\"\" class=\"wp-image-8910\" srcset=\"https:\/\/arcampin.be\/secondaire\/wp-content\/uploads\/2023\/11\/399497742_10233198738769398_4132377754188421604_n-1024x768.jpg 1024w, https:\/\/arcampin.be\/secondaire\/wp-content\/uploads\/2023\/11\/399497742_10233198738769398_4132377754188421604_n-300x225.jpg 300w, https:\/\/arcampin.be\/secondaire\/wp-content\/uploads\/2023\/11\/399497742_10233198738769398_4132377754188421604_n-768x576.jpg 768w, https:\/\/arcampin.be\/secondaire\/wp-content\/uploads\/2023\/11\/399497742_10233198738769398_4132377754188421604_n-1536x1152.jpg 1536w, https:\/\/arcampin.be\/secondaire\/wp-content\/uploads\/2023\/11\/399497742_10233198738769398_4132377754188421604_n.jpg 2048w\" sizes=\"(max-width: 1024px) 100vw, 1024px\" \/><\/figure>\n\n\n\n<figure class=\"wp-block-image size-large\"><img loading=\"lazy\" width=\"1024\" height=\"768\" data-id=\"8908\"  src=\"https:\/\/arcampin.be\/secondaire\/wp-content\/uploads\/2023\/11\/399510110_10233198742769498_2486203829188496743_n-1024x768.jpg\" alt=\"\" class=\"wp-image-8908\" srcset=\"https:\/\/arcampin.be\/secondaire\/wp-content\/uploads\/2023\/11\/399510110_10233198742769498_2486203829188496743_n-1024x768.jpg 1024w, https:\/\/arcampin.be\/secondaire\/wp-content\/uploads\/2023\/11\/399510110_10233198742769498_2486203829188496743_n-300x225.jpg 300w, https:\/\/arcampin.be\/secondaire\/wp-content\/uploads\/2023\/11\/399510110_10233198742769498_2486203829188496743_n-768x576.jpg 768w, https:\/\/arcampin.be\/secondaire\/wp-content\/uploads\/2023\/11\/399510110_10233198742769498_2486203829188496743_n-1536x1152.jpg 1536w, https:\/\/arcampin.be\/secondaire\/wp-content\/uploads\/2023\/11\/399510110_10233198742769498_2486203829188496743_n.jpg 2048w\" sizes=\"(max-width: 1024px) 100vw, 1024px\" \/><\/figure>\n<\/figure>\n\n\n\n<p><em>Apres avoir pris la route de Nieuwpoort et l\u2019installation \u00e0 l\u2019auberge de jeunesse (avec vue sur la mer pour les chambres de nos \u00e9l\u00e8ves s\u2019il vous pla\u00eet), nous avons soup\u00e9 \u00e0 l\u2019heure des poules (17h30!) avec de bonnes carbonnades flamandes. Ce repas si t\u00f4t s\u2019explique par notre participation \u00e0 la c\u00e9r\u00e9monie du \u00ab Last Post \u00bb \u00e0 la Porte de Menin dans la ville d\u2019Ypres (de laquelle vient le tristement c\u00e9l\u00e8bre gaz moutarde, ou yp\u00e9rite, utilis\u00e9 pour les premi\u00e8re fois par les Allemands). Chaque soir, un hommage musical, \u00e0 coups de clairon retentissant dans le silence respectueux des personnes pr\u00e9sentes, honore les milliers de soldats pass\u00e9s par cet endroit et ayant combattu pour la libert\u00e9 de tous.<\/em><\/p>\n\n\n\n<figure class=\"wp-block-image size-large\"><img loading=\"lazy\" width=\"1024\" height=\"768\" src=\"https:\/\/arcampin.be\/secondaire\/wp-content\/uploads\/2023\/11\/399364458_10233198745849575_5331659879109811646_n-1024x768.jpg\" alt=\"\" class=\"wp-image-8911\" srcset=\"https:\/\/arcampin.be\/secondaire\/wp-content\/uploads\/2023\/11\/399364458_10233198745849575_5331659879109811646_n-1024x768.jpg 1024w, https:\/\/arcampin.be\/secondaire\/wp-content\/uploads\/2023\/11\/399364458_10233198745849575_5331659879109811646_n-300x225.jpg 300w, https:\/\/arcampin.be\/secondaire\/wp-content\/uploads\/2023\/11\/399364458_10233198745849575_5331659879109811646_n-768x576.jpg 768w, https:\/\/arcampin.be\/secondaire\/wp-content\/uploads\/2023\/11\/399364458_10233198745849575_5331659879109811646_n-1536x1152.jpg 1536w, https:\/\/arcampin.be\/secondaire\/wp-content\/uploads\/2023\/11\/399364458_10233198745849575_5331659879109811646_n.jpg 2048w\" sizes=\"(max-width: 1024px) 100vw, 1024px\" \/><\/figure>\n\n\n\n<p><em>Voici le r\u00e9sum\u00e9 de notre 2\u00e8me jour<\/em>.<\/p>\n\n\n\n<figure class=\"wp-container-6 wp-block-gallery-5 wp-block-gallery has-nested-images columns-2 is-cropped\">\n<figure class=\"wp-block-image size-large\"><img loading=\"lazy\" width=\"1024\" height=\"768\" data-id=\"8921\"  src=\"https:\/\/arcampin.be\/secondaire\/wp-content\/uploads\/2023\/11\/399398321_10233202375180306_8293046213886457738_n-1024x768.jpg\" alt=\"\" class=\"wp-image-8921\" srcset=\"https:\/\/arcampin.be\/secondaire\/wp-content\/uploads\/2023\/11\/399398321_10233202375180306_8293046213886457738_n-1024x768.jpg 1024w, https:\/\/arcampin.be\/secondaire\/wp-content\/uploads\/2023\/11\/399398321_10233202375180306_8293046213886457738_n-300x225.jpg 300w, https:\/\/arcampin.be\/secondaire\/wp-content\/uploads\/2023\/11\/399398321_10233202375180306_8293046213886457738_n-768x576.jpg 768w, https:\/\/arcampin.be\/secondaire\/wp-content\/uploads\/2023\/11\/399398321_10233202375180306_8293046213886457738_n-1536x1152.jpg 1536w, https:\/\/arcampin.be\/secondaire\/wp-content\/uploads\/2023\/11\/399398321_10233202375180306_8293046213886457738_n.jpg 2048w\" sizes=\"(max-width: 1024px) 100vw, 1024px\" \/><\/figure>\n\n\n\n<figure class=\"wp-block-image size-large\"><img loading=\"lazy\" width=\"1024\" height=\"768\" data-id=\"8922\"  src=\"https:\/\/arcampin.be\/secondaire\/wp-content\/uploads\/2023\/11\/399531072_10233202372340235_6107455859195872046_n-1024x768.jpg\" alt=\"\" class=\"wp-image-8922\" srcset=\"https:\/\/arcampin.be\/secondaire\/wp-content\/uploads\/2023\/11\/399531072_10233202372340235_6107455859195872046_n-1024x768.jpg 1024w, https:\/\/arcampin.be\/secondaire\/wp-content\/uploads\/2023\/11\/399531072_10233202372340235_6107455859195872046_n-300x225.jpg 300w, https:\/\/arcampin.be\/secondaire\/wp-content\/uploads\/2023\/11\/399531072_10233202372340235_6107455859195872046_n-768x576.jpg 768w, https:\/\/arcampin.be\/secondaire\/wp-content\/uploads\/2023\/11\/399531072_10233202372340235_6107455859195872046_n-1536x1152.jpg 1536w, https:\/\/arcampin.be\/secondaire\/wp-content\/uploads\/2023\/11\/399531072_10233202372340235_6107455859195872046_n.jpg 2048w\" sizes=\"(max-width: 1024px) 100vw, 1024px\" \/><\/figure>\n\n\n\n<figure class=\"wp-block-image size-large\"><img loading=\"lazy\" width=\"1024\" height=\"768\" data-id=\"8920\"  src=\"https:\/\/arcampin.be\/secondaire\/wp-content\/uploads\/2023\/11\/400344751_10233202376420337_7988565882137506594_n-1024x768.jpg\" alt=\"\" class=\"wp-image-8920\" srcset=\"https:\/\/arcampin.be\/secondaire\/wp-content\/uploads\/2023\/11\/400344751_10233202376420337_7988565882137506594_n-1024x768.jpg 1024w, https:\/\/arcampin.be\/secondaire\/wp-content\/uploads\/2023\/11\/400344751_10233202376420337_7988565882137506594_n-300x225.jpg 300w, https:\/\/arcampin.be\/secondaire\/wp-content\/uploads\/2023\/11\/400344751_10233202376420337_7988565882137506594_n-768x576.jpg 768w, https:\/\/arcampin.be\/secondaire\/wp-content\/uploads\/2023\/11\/400344751_10233202376420337_7988565882137506594_n-1536x1152.jpg 1536w, https:\/\/arcampin.be\/secondaire\/wp-content\/uploads\/2023\/11\/400344751_10233202376420337_7988565882137506594_n.jpg 2048w\" sizes=\"(max-width: 1024px) 100vw, 1024px\" \/><\/figure>\n<\/figure>\n\n\n\n<p><em>La matin\u00e9e a \u00e9t\u00e9 consacr\u00e9e \u00e0 la visite de trois cimeti\u00e8res militaires en lien avec la premi\u00e8re guerre mondiale et nos \u00e9l\u00e8ves ont pu analyser les diff\u00e9rences architecturales : le premier, \u00e0 Houthulst, compte 1723 corps de soldats belges tomb\u00e9s au combat. Le deuxi\u00e8me, allemand \u00e0 Langemarck, \u00e9tait beaucoup plus sobre car il constituait le cimeti\u00e8re des \u00ab vaincus \u00bb. Nous avons termin\u00e9 par le plus symbolique et le plus impressionnant : le Tiny Cote, cimeti\u00e8re britannique comptant 11952 st\u00e8les fun\u00e9raires, qui reprend aussi les noms de plus ou moins 33000 soldats disparus. Une phrase de Kipling, auteur anglais du \u00ab Livre de la Jungle \u00bb, est d\u2019ailleurs inscrite sur un monument du cimeti\u00e8re : \u00ab Leur nom vivra \u00e0 jamais \u00bb.<\/em><\/p>\n\n\n\n<figure class=\"wp-container-8 wp-block-gallery-7 wp-block-gallery has-nested-images columns-2 is-cropped\">\n<figure class=\"wp-block-image size-large\"><img loading=\"lazy\" width=\"1024\" height=\"768\" data-id=\"8923\"  src=\"https:\/\/arcampin.be\/secondaire\/wp-content\/uploads\/2023\/11\/400594207_10233202374700294_354172563806205134_n-1024x768.jpg\" alt=\"\" class=\"wp-image-8923\" srcset=\"https:\/\/arcampin.be\/secondaire\/wp-content\/uploads\/2023\/11\/400594207_10233202374700294_354172563806205134_n-1024x768.jpg 1024w, https:\/\/arcampin.be\/secondaire\/wp-content\/uploads\/2023\/11\/400594207_10233202374700294_354172563806205134_n-300x225.jpg 300w, https:\/\/arcampin.be\/secondaire\/wp-content\/uploads\/2023\/11\/400594207_10233202374700294_354172563806205134_n-768x576.jpg 768w, https:\/\/arcampin.be\/secondaire\/wp-content\/uploads\/2023\/11\/400594207_10233202374700294_354172563806205134_n-1536x1152.jpg 1536w, https:\/\/arcampin.be\/secondaire\/wp-content\/uploads\/2023\/11\/400594207_10233202374700294_354172563806205134_n.jpg 2048w\" sizes=\"(max-width: 1024px) 100vw, 1024px\" \/><\/figure>\n\n\n\n<figure class=\"wp-block-image size-large\"><img loading=\"lazy\" width=\"1024\" height=\"768\" data-id=\"8924\"  src=\"https:\/\/arcampin.be\/secondaire\/wp-content\/uploads\/2023\/11\/399577049_10233202374860298_1919599897180072041_n-1024x768.jpg\" alt=\"\" class=\"wp-image-8924\" srcset=\"https:\/\/arcampin.be\/secondaire\/wp-content\/uploads\/2023\/11\/399577049_10233202374860298_1919599897180072041_n-1024x768.jpg 1024w, https:\/\/arcampin.be\/secondaire\/wp-content\/uploads\/2023\/11\/399577049_10233202374860298_1919599897180072041_n-300x225.jpg 300w, https:\/\/arcampin.be\/secondaire\/wp-content\/uploads\/2023\/11\/399577049_10233202374860298_1919599897180072041_n-768x576.jpg 768w, https:\/\/arcampin.be\/secondaire\/wp-content\/uploads\/2023\/11\/399577049_10233202374860298_1919599897180072041_n-1536x1152.jpg 1536w, https:\/\/arcampin.be\/secondaire\/wp-content\/uploads\/2023\/11\/399577049_10233202374860298_1919599897180072041_n.jpg 2048w\" sizes=\"(max-width: 1024px) 100vw, 1024px\" \/><\/figure>\n\n\n\n<figure class=\"wp-block-image size-large\"><img loading=\"lazy\" width=\"1024\" height=\"768\" data-id=\"8926\"  src=\"https:\/\/arcampin.be\/secondaire\/wp-content\/uploads\/2023\/11\/399326141_10233202374100279_4914954824688817080_n-1024x768.jpg\" alt=\"\" class=\"wp-image-8926\" srcset=\"https:\/\/arcampin.be\/secondaire\/wp-content\/uploads\/2023\/11\/399326141_10233202374100279_4914954824688817080_n-1024x768.jpg 1024w, https:\/\/arcampin.be\/secondaire\/wp-content\/uploads\/2023\/11\/399326141_10233202374100279_4914954824688817080_n-300x225.jpg 300w, https:\/\/arcampin.be\/secondaire\/wp-content\/uploads\/2023\/11\/399326141_10233202374100279_4914954824688817080_n-768x576.jpg 768w, https:\/\/arcampin.be\/secondaire\/wp-content\/uploads\/2023\/11\/399326141_10233202374100279_4914954824688817080_n-1536x1152.jpg 1536w, https:\/\/arcampin.be\/secondaire\/wp-content\/uploads\/2023\/11\/399326141_10233202374100279_4914954824688817080_n.jpg 2048w\" sizes=\"(max-width: 1024px) 100vw, 1024px\" \/><\/figure>\n\n\n\n<figure class=\"wp-block-image size-large\"><img loading=\"lazy\" width=\"1024\" height=\"768\" data-id=\"8925\"  src=\"https:\/\/arcampin.be\/secondaire\/wp-content\/uploads\/2023\/11\/400464926_10233202375020302_1483079433811107633_n-1024x768.jpg\" alt=\"\" class=\"wp-image-8925\" srcset=\"https:\/\/arcampin.be\/secondaire\/wp-content\/uploads\/2023\/11\/400464926_10233202375020302_1483079433811107633_n-1024x768.jpg 1024w, https:\/\/arcampin.be\/secondaire\/wp-content\/uploads\/2023\/11\/400464926_10233202375020302_1483079433811107633_n-300x225.jpg 300w, https:\/\/arcampin.be\/secondaire\/wp-content\/uploads\/2023\/11\/400464926_10233202375020302_1483079433811107633_n-768x576.jpg 768w, https:\/\/arcampin.be\/secondaire\/wp-content\/uploads\/2023\/11\/400464926_10233202375020302_1483079433811107633_n-1536x1152.jpg 1536w, https:\/\/arcampin.be\/secondaire\/wp-content\/uploads\/2023\/11\/400464926_10233202375020302_1483079433811107633_n.jpg 2048w\" sizes=\"(max-width: 1024px) 100vw, 1024px\" \/><\/figure>\n\n\n\n<figure class=\"wp-block-image size-large\"><img loading=\"lazy\" width=\"1024\" height=\"768\" data-id=\"8927\"  src=\"https:\/\/arcampin.be\/secondaire\/wp-content\/uploads\/2023\/11\/400358308_10233202375980326_2619735341745960254_n-1024x768.jpg\" alt=\"\" class=\"wp-image-8927\" srcset=\"https:\/\/arcampin.be\/secondaire\/wp-content\/uploads\/2023\/11\/400358308_10233202375980326_2619735341745960254_n-1024x768.jpg 1024w, https:\/\/arcampin.be\/secondaire\/wp-content\/uploads\/2023\/11\/400358308_10233202375980326_2619735341745960254_n-300x225.jpg 300w, https:\/\/arcampin.be\/secondaire\/wp-content\/uploads\/2023\/11\/400358308_10233202375980326_2619735341745960254_n-768x576.jpg 768w, https:\/\/arcampin.be\/secondaire\/wp-content\/uploads\/2023\/11\/400358308_10233202375980326_2619735341745960254_n-1536x1152.jpg 1536w, https:\/\/arcampin.be\/secondaire\/wp-content\/uploads\/2023\/11\/400358308_10233202375980326_2619735341745960254_n.jpg 2048w\" sizes=\"(max-width: 1024px) 100vw, 1024px\" \/><\/figure>\n<\/figure>\n\n\n\n<p><em>Au fil de la journ\u00e9e, nos \u00e9l\u00e8ves sont intervenus \u00e0 plusieurs reprises pour expliquer aux autres \u00e9coles pr\u00e9sentes (IPES de Tournai et Sensas de Charleroi) les informations importantes li\u00e9es \u00e0 chaque lieu m\u00e9moriel.<\/em><\/p>\n\n\n\n<figure class=\"wp-container-10 wp-block-gallery-9 wp-block-gallery has-nested-images columns-default is-cropped\">\n<figure class=\"wp-block-image size-large\"><img loading=\"lazy\" width=\"768\" height=\"1024\" data-id=\"8928\"  src=\"https:\/\/arcampin.be\/secondaire\/wp-content\/uploads\/2023\/11\/400407683_10233202375460313_5569969942183389694_n-768x1024.jpg\" alt=\"\" class=\"wp-image-8928\" srcset=\"https:\/\/arcampin.be\/secondaire\/wp-content\/uploads\/2023\/11\/400407683_10233202375460313_5569969942183389694_n-768x1024.jpg 768w, https:\/\/arcampin.be\/secondaire\/wp-content\/uploads\/2023\/11\/400407683_10233202375460313_5569969942183389694_n-225x300.jpg 225w, https:\/\/arcampin.be\/secondaire\/wp-content\/uploads\/2023\/11\/400407683_10233202375460313_5569969942183389694_n-1152x1536.jpg 1152w, https:\/\/arcampin.be\/secondaire\/wp-content\/uploads\/2023\/11\/400407683_10233202375460313_5569969942183389694_n.jpg 1536w\" sizes=\"(max-width: 768px) 100vw, 768px\" \/><\/figure>\n\n\n\n<figure class=\"wp-block-image size-large\"><img loading=\"lazy\" width=\"768\" height=\"1024\" data-id=\"8929\"  src=\"https:\/\/arcampin.be\/secondaire\/wp-content\/uploads\/2023\/11\/399488092_10233202374380286_4776084973403654965_n-768x1024.jpg\" alt=\"\" class=\"wp-image-8929\" srcset=\"https:\/\/arcampin.be\/secondaire\/wp-content\/uploads\/2023\/11\/399488092_10233202374380286_4776084973403654965_n-768x1024.jpg 768w, https:\/\/arcampin.be\/secondaire\/wp-content\/uploads\/2023\/11\/399488092_10233202374380286_4776084973403654965_n-225x300.jpg 225w, https:\/\/arcampin.be\/secondaire\/wp-content\/uploads\/2023\/11\/399488092_10233202374380286_4776084973403654965_n-1152x1536.jpg 1152w, https:\/\/arcampin.be\/secondaire\/wp-content\/uploads\/2023\/11\/399488092_10233202374380286_4776084973403654965_n.jpg 1536w\" sizes=\"(max-width: 768px) 100vw, 768px\" \/><\/figure>\n<\/figure>\n\n\n\n<p><em>Apr\u00e8s une pause de midi bien m\u00e9rit\u00e9e, nous avons pris la direction de Dixmude et du c\u00e9l\u00e8bre r\u00e9seau de tranch\u00e9es appel\u00e9 \u00ab Le Boyau de la mort \u00bb. Cet endroit strat\u00e9gique, o\u00f9 les Allemands et les Belges se faisaient face \u00e0 moins de 50 m\u00e8tres dans leurs tranch\u00e9es respectives, a permis \u00e0 nos \u00e9l\u00e8ves de comprendre le quotidien des soldats : le froid, la pluie, la boue n\u2019\u00e9taient que quelques \u00e9l\u00e9ments \u00e0 prendre en compte en sus des tirs d\u2019artillerie, de l\u2019invasion de rats ou encore des tirs de snipers.<\/em><\/p>\n\n\n\n<figure class=\"wp-container-12 wp-block-gallery-11 wp-block-gallery has-nested-images columns-2 is-cropped\">\n<figure class=\"wp-block-image size-large\"><img loading=\"lazy\" width=\"1024\" height=\"768\" data-id=\"8932\"  src=\"https:\/\/arcampin.be\/secondaire\/wp-content\/uploads\/2023\/11\/399254866_10233202373260258_3843721090683157182_n-1024x768.jpg\" alt=\"\" class=\"wp-image-8932\" srcset=\"https:\/\/arcampin.be\/secondaire\/wp-content\/uploads\/2023\/11\/399254866_10233202373260258_3843721090683157182_n-1024x768.jpg 1024w, https:\/\/arcampin.be\/secondaire\/wp-content\/uploads\/2023\/11\/399254866_10233202373260258_3843721090683157182_n-300x225.jpg 300w, https:\/\/arcampin.be\/secondaire\/wp-content\/uploads\/2023\/11\/399254866_10233202373260258_3843721090683157182_n-768x576.jpg 768w, https:\/\/arcampin.be\/secondaire\/wp-content\/uploads\/2023\/11\/399254866_10233202373260258_3843721090683157182_n-1536x1152.jpg 1536w, https:\/\/arcampin.be\/secondaire\/wp-content\/uploads\/2023\/11\/399254866_10233202373260258_3843721090683157182_n.jpg 2048w\" sizes=\"(max-width: 1024px) 100vw, 1024px\" \/><\/figure>\n\n\n\n<figure class=\"wp-block-image size-large\"><img loading=\"lazy\" width=\"1024\" height=\"768\" data-id=\"8934\"  src=\"https:\/\/arcampin.be\/secondaire\/wp-content\/uploads\/2023\/11\/399548443_10233202376180331_3678722049841741700_n-1024x768.jpg\" alt=\"\" class=\"wp-image-8934\" srcset=\"https:\/\/arcampin.be\/secondaire\/wp-content\/uploads\/2023\/11\/399548443_10233202376180331_3678722049841741700_n-1024x768.jpg 1024w, https:\/\/arcampin.be\/secondaire\/wp-content\/uploads\/2023\/11\/399548443_10233202376180331_3678722049841741700_n-300x225.jpg 300w, https:\/\/arcampin.be\/secondaire\/wp-content\/uploads\/2023\/11\/399548443_10233202376180331_3678722049841741700_n-768x576.jpg 768w, https:\/\/arcampin.be\/secondaire\/wp-content\/uploads\/2023\/11\/399548443_10233202376180331_3678722049841741700_n-1536x1152.jpg 1536w, https:\/\/arcampin.be\/secondaire\/wp-content\/uploads\/2023\/11\/399548443_10233202376180331_3678722049841741700_n.jpg 2048w\" sizes=\"(max-width: 1024px) 100vw, 1024px\" \/><\/figure>\n\n\n\n<figure class=\"wp-block-image size-large\"><img loading=\"lazy\" width=\"768\" height=\"1024\" data-id=\"8933\"  src=\"https:\/\/arcampin.be\/secondaire\/wp-content\/uploads\/2023\/11\/400380876_10233202375780321_5376845767151512274_n-768x1024.jpg\" alt=\"\" class=\"wp-image-8933\" srcset=\"https:\/\/arcampin.be\/secondaire\/wp-content\/uploads\/2023\/11\/400380876_10233202375780321_5376845767151512274_n-768x1024.jpg 768w, https:\/\/arcampin.be\/secondaire\/wp-content\/uploads\/2023\/11\/400380876_10233202375780321_5376845767151512274_n-225x300.jpg 225w, https:\/\/arcampin.be\/secondaire\/wp-content\/uploads\/2023\/11\/400380876_10233202375780321_5376845767151512274_n-1152x1536.jpg 1152w, https:\/\/arcampin.be\/secondaire\/wp-content\/uploads\/2023\/11\/400380876_10233202375780321_5376845767151512274_n.jpg 1536w\" sizes=\"(max-width: 768px) 100vw, 768px\" \/><\/figure>\n\n\n\n<figure class=\"wp-block-image size-large\"><img loading=\"lazy\" width=\"768\" height=\"1024\" data-id=\"8931\"  src=\"https:\/\/arcampin.be\/secondaire\/wp-content\/uploads\/2023\/11\/400358972_10233202374540290_8296206725041430881_n-768x1024.jpg\" alt=\"\" class=\"wp-image-8931\" srcset=\"https:\/\/arcampin.be\/secondaire\/wp-content\/uploads\/2023\/11\/400358972_10233202374540290_8296206725041430881_n-768x1024.jpg 768w, https:\/\/arcampin.be\/secondaire\/wp-content\/uploads\/2023\/11\/400358972_10233202374540290_8296206725041430881_n-225x300.jpg 225w, https:\/\/arcampin.be\/secondaire\/wp-content\/uploads\/2023\/11\/400358972_10233202374540290_8296206725041430881_n-1152x1536.jpg 1152w, https:\/\/arcampin.be\/secondaire\/wp-content\/uploads\/2023\/11\/400358972_10233202374540290_8296206725041430881_n.jpg 1536w\" sizes=\"(max-width: 768px) 100vw, 768px\" \/><\/figure>\n\n\n\n<figure class=\"wp-block-image size-large\"><img loading=\"lazy\" width=\"960\" height=\"720\" data-id=\"8930\"  src=\"https:\/\/arcampin.be\/secondaire\/wp-content\/uploads\/2023\/11\/400810451_10233202245977076_5086818592465501247_n.jpg\" alt=\"\" class=\"wp-image-8930\" srcset=\"https:\/\/arcampin.be\/secondaire\/wp-content\/uploads\/2023\/11\/400810451_10233202245977076_5086818592465501247_n.jpg 960w, https:\/\/arcampin.be\/secondaire\/wp-content\/uploads\/2023\/11\/400810451_10233202245977076_5086818592465501247_n-300x225.jpg 300w, https:\/\/arcampin.be\/secondaire\/wp-content\/uploads\/2023\/11\/400810451_10233202245977076_5086818592465501247_n-768x576.jpg 768w\" sizes=\"(max-width: 960px) 100vw, 960px\" \/><\/figure>\n<\/figure>\n\n\n\n<p><em>Durant cette journ\u00e9e sp\u00e9ciale, nos \u00e9l\u00e8ves ont d\u2019ailleurs \u00e9t\u00e9 interview\u00e9s par des journalistes de Nord \u00c9clair et de la RTBF. Un reportage vid\u00e9o \u00e0 propos de cette visite des tranch\u00e9es sera normalement diffus\u00e9 sur cette cha\u00eene nationale ce vendredi 10 novembre pour l\u2019\u00e9dition du soir (19h30), en lien avec l\u2019armistice du 11 novembre 1918. Nous avons aussi rencontr\u00e9 Madame la Ministre de La D\u00e9fense, Ludivine Dedonder, qui a ainsi pu \u00e9changer avec les jeunes pr\u00e9sents en leur rappelant le danger des extr\u00e9mismes et leur devoir de transmission : \u00ab Vous \u00eates les remparts contre la haine et la violence \u00bb.<\/em><\/p>\n\n\n\n<figure class=\"wp-container-14 wp-block-gallery-13 wp-block-gallery has-nested-images columns-default is-cropped\">\n<figure class=\"wp-block-image size-large\"><img loading=\"lazy\" width=\"1024\" height=\"768\" data-id=\"8938\"  src=\"https:\/\/arcampin.be\/secondaire\/wp-content\/uploads\/2023\/11\/399464845_10233206128754143_7947081654455730638_n-1024x768.jpg\" alt=\"\" class=\"wp-image-8938\" srcset=\"https:\/\/arcampin.be\/secondaire\/wp-content\/uploads\/2023\/11\/399464845_10233206128754143_7947081654455730638_n-1024x768.jpg 1024w, https:\/\/arcampin.be\/secondaire\/wp-content\/uploads\/2023\/11\/399464845_10233206128754143_7947081654455730638_n-300x225.jpg 300w, https:\/\/arcampin.be\/secondaire\/wp-content\/uploads\/2023\/11\/399464845_10233206128754143_7947081654455730638_n-768x576.jpg 768w, https:\/\/arcampin.be\/secondaire\/wp-content\/uploads\/2023\/11\/399464845_10233206128754143_7947081654455730638_n-1536x1152.jpg 1536w, https:\/\/arcampin.be\/secondaire\/wp-content\/uploads\/2023\/11\/399464845_10233206128754143_7947081654455730638_n.jpg 2048w\" sizes=\"(max-width: 1024px) 100vw, 1024px\" \/><\/figure>\n\n\n\n<figure class=\"wp-block-image size-large\"><img loading=\"lazy\" width=\"1024\" height=\"768\" data-id=\"8939\"  src=\"https:\/\/arcampin.be\/secondaire\/wp-content\/uploads\/2023\/11\/400487702_10233206126914097_7329759172527624307_n-1024x768.jpg\" alt=\"\" class=\"wp-image-8939\" srcset=\"https:\/\/arcampin.be\/secondaire\/wp-content\/uploads\/2023\/11\/400487702_10233206126914097_7329759172527624307_n-1024x768.jpg 1024w, https:\/\/arcampin.be\/secondaire\/wp-content\/uploads\/2023\/11\/400487702_10233206126914097_7329759172527624307_n-300x225.jpg 300w, https:\/\/arcampin.be\/secondaire\/wp-content\/uploads\/2023\/11\/400487702_10233206126914097_7329759172527624307_n-768x576.jpg 768w, https:\/\/arcampin.be\/secondaire\/wp-content\/uploads\/2023\/11\/400487702_10233206126914097_7329759172527624307_n-1536x1152.jpg 1536w, https:\/\/arcampin.be\/secondaire\/wp-content\/uploads\/2023\/11\/400487702_10233206126914097_7329759172527624307_n.jpg 2048w\" sizes=\"(max-width: 1024px) 100vw, 1024px\" \/><\/figure>\n<\/figure>\n\n\n<p><em>Voici le r\u00e9sum\u00e9 de notre dernier jour<\/em>.<\/p>\n\n\n<p><em>Ce matin, nos \u00e9l\u00e8ves ont particip\u00e9 \u00e0 un match de football sur la plage en r\u00e9f\u00e9rence \u00e0 ce moment de fraternit\u00e9 et de partage v\u00e9cu par les soldats des deux camps lors de la No\u00ebl 1914. Ce fut l\u2019occasion de voir, une fois encore, le grand talent footballistique de Mr Heyte et un tripl\u00e9 de Jules Vanthuyne, \u00e9l\u00e8ve de 6\u00e8me.<\/em><\/p>\n\n\n\n<figure class=\"wp-container-16 wp-block-gallery-15 wp-block-gallery has-nested-images columns-default is-cropped\">\n<figure class=\"wp-block-image size-large\"><img loading=\"lazy\" width=\"1024\" height=\"768\" data-id=\"8940\"  src=\"https:\/\/arcampin.be\/secondaire\/wp-content\/uploads\/2023\/11\/399317193_10233206127034100_5634294305240054290_n-1024x768.jpg\" alt=\"\" class=\"wp-image-8940\" srcset=\"https:\/\/arcampin.be\/secondaire\/wp-content\/uploads\/2023\/11\/399317193_10233206127034100_5634294305240054290_n-1024x768.jpg 1024w, https:\/\/arcampin.be\/secondaire\/wp-content\/uploads\/2023\/11\/399317193_10233206127034100_5634294305240054290_n-300x225.jpg 300w, https:\/\/arcampin.be\/secondaire\/wp-content\/uploads\/2023\/11\/399317193_10233206127034100_5634294305240054290_n-768x576.jpg 768w, https:\/\/arcampin.be\/secondaire\/wp-content\/uploads\/2023\/11\/399317193_10233206127034100_5634294305240054290_n-1536x1152.jpg 1536w, https:\/\/arcampin.be\/secondaire\/wp-content\/uploads\/2023\/11\/399317193_10233206127034100_5634294305240054290_n.jpg 2048w\" sizes=\"(max-width: 1024px) 100vw, 1024px\" \/><\/figure>\n<\/figure>\n\n\n\n<p><em>Cet apr\u00e8s-midi, nous avons visit\u00e9 les tranch\u00e9es allemandes du Bayernwald, surnomm\u00e9es ainsi car les troupes y stationnant durant les 4 ann\u00e9es de guerre \u00e9taient originaires de Bavi\u00e8re. Les amateurs de football feront d\u2019ailleurs le lien avec l\u2019\u00e9quipe du Bayern de Munich.<\/em><\/p>\n\n\n\n<p><em>Une \u00e9quipe de Not\u00e9l\u00e9 nous a accompagn\u00e9s durant toute la journ\u00e9e et un reportage sera diffus\u00e9 sur la cha\u00eene locale ce samedi vers 12h25.<\/em><\/p>\n\n\n\n<figure class=\"wp-container-18 wp-block-gallery-17 wp-block-gallery has-nested-images columns-default is-cropped\">\n<figure class=\"wp-block-image size-large\"><img loading=\"lazy\" width=\"768\" height=\"1024\" data-id=\"8942\"  src=\"https:\/\/arcampin.be\/secondaire\/wp-content\/uploads\/2023\/11\/400355585_10233206130274181_1160929809819201195_n-768x1024.jpg\" alt=\"\" class=\"wp-image-8942\" srcset=\"https:\/\/arcampin.be\/secondaire\/wp-content\/uploads\/2023\/11\/400355585_10233206130274181_1160929809819201195_n-768x1024.jpg 768w, https:\/\/arcampin.be\/secondaire\/wp-content\/uploads\/2023\/11\/400355585_10233206130274181_1160929809819201195_n-225x300.jpg 225w, https:\/\/arcampin.be\/secondaire\/wp-content\/uploads\/2023\/11\/400355585_10233206130274181_1160929809819201195_n-1152x1536.jpg 1152w, https:\/\/arcampin.be\/secondaire\/wp-content\/uploads\/2023\/11\/400355585_10233206130274181_1160929809819201195_n.jpg 1536w\" sizes=\"(max-width: 768px) 100vw, 768px\" \/><\/figure>\n\n\n\n<figure class=\"wp-block-image size-large\"><img loading=\"lazy\" width=\"768\" height=\"1024\" data-id=\"8941\"  src=\"https:\/\/arcampin.be\/secondaire\/wp-content\/uploads\/2023\/11\/400372383_10233206130514187_1913075250604988135_n-768x1024.jpg\" alt=\"\" class=\"wp-image-8941\" srcset=\"https:\/\/arcampin.be\/secondaire\/wp-content\/uploads\/2023\/11\/400372383_10233206130514187_1913075250604988135_n-768x1024.jpg 768w, https:\/\/arcampin.be\/secondaire\/wp-content\/uploads\/2023\/11\/400372383_10233206130514187_1913075250604988135_n-225x300.jpg 225w, https:\/\/arcampin.be\/secondaire\/wp-content\/uploads\/2023\/11\/400372383_10233206130514187_1913075250604988135_n-1152x1536.jpg 1152w, https:\/\/arcampin.be\/secondaire\/wp-content\/uploads\/2023\/11\/400372383_10233206130514187_1913075250604988135_n.jpg 1536w\" sizes=\"(max-width: 768px) 100vw, 768px\" \/><\/figure>\n<\/figure>\n\n\n\n<p><em>Par l\u2019interm\u00e9diaire de cette derni\u00e8re publication, nous tenons \u00e0 remercier nos chers \u00e9l\u00e8ves pour leur comportement exemplaire et leur volont\u00e9 de partager leurs connaissances, \u00e0 travers leurs diff\u00e9rentes interventions durant les visites, avec les \u00e9tudiants des autres \u00e9coles.<\/em><\/p>\n\n\n\n<p><em>Tout ceci n\u2019aurait pas \u00e9t\u00e9 possible sans la magnifique organisation de ce voyage par trois institutions : le War Heritage Institute, le service Hainaut M\u00e9moire de la Province et la CNPPA (Conf\u00e9d\u00e9ration nationale des prisonniers politiques et ayant droit). Nous les remercions chaleureusement pour avoir permis \u00e0 nos \u00e9l\u00e8ves de pouvoir vivre ces moments et en apprendre davantage. Nous esp\u00e9rons qu\u2019ils resteront grav\u00e9s dans leur m\u00e9moire, avec l\u2019espoir qu\u2019ils continuent \u00e0 transmettre l\u2019histoire aux g\u00e9n\u00e9rations suivantes.<\/em><\/p>\n\n\n\n<p><em>\u00c0 bient\u00f4t pour de prochaines aventures,<\/em><\/p>\n\n\n\n<p><em>Reportage Not\u00e9l\u00e9 : <a href=\"https:\/\/www.notele.be\/it61-media142783-des-eleves-de-tournai-heritent-de-la-memoire-de-la-grande-guerre.html\">Des \u00e9l\u00e8ves h\u00e9ritent de la m\u00e9moire de la Grande Guerre<\/a><\/em><\/p>\n\n\n\n<p><em>Reportage RTBF : <a href=\"https:\/\/auvio.rtbf.be\/media\/journal-televise-sujet-par-sujet-grande-guerre-plongee-dans-l-enfer-des-tranchees-3116777\">Grande Guerre : plong\u00e9e dans l&rsquo;enfer des tranch\u00e9es<\/a><\/em><\/p>\n\n\n<hr>","protected":false},"excerpt":{"rendered":"<p>Voici le r\u00e9sum\u00e9 de notre s\u00e9jour. Ce matin, nos \u00e9l\u00e8ves ont pris la route des Flandres afin de rejoindre Ploegsteert, village embl\u00e9matique de la premi\u00e8re guerre mondiale. Situ\u00e9e sur la ligne de front durant quatre ans, il a vu mourir des milliers de combattants des deux camps, notamment des Australiens venus creuser des galeries afin &hellip; <a href=\"https:\/\/arcampin.be\/secondaire\/archives\/8903\" class=\"more-link\">Continuer la lecture de <span class=\"screen-reader-text\">5\u00e8me et 6\u00e8me Option histoire &#8211; Comm\u00e9moration des 105 ans de l\u2019armistice<\/span> <span class=\"meta-nav\">&rarr;<\/span><\/a><\/p>\n","protected":false},"author":2,"featured_media":0,"comment_status":"closed","ping_status":"open","sticky":false,"template":"","format":"standard","meta":{"jetpack_post_was_ever_published":false},"categories":[25],"tags":[],"jetpack_featured_media_url":"","_links":{"self":[{"href":"https:\/\/arcampin.be\/secondaire\/wp-json\/wp\/v2\/posts\/8903"}],"collection":[{"href":"https:\/\/arcampin.be\/secondaire\/wp-json\/wp\/v2\/posts"}],"about":[{"href":"https:\/\/arcampin.be\/secondaire\/wp-json\/wp\/v2\/types\/post"}],"author":[{"embeddable":true,"href":"https:\/\/arcampin.be\/secondaire\/wp-json\/wp\/v2\/users\/2"}],"replies":[{"embeddable":true,"href":"https:\/\/arcampin.be\/secondaire\/wp-json\/wp\/v2\/comments?post=8903"}],"version-history":[{"count":15,"href":"https:\/\/arcampin.be\/secondaire\/wp-json\/wp\/v2\/posts\/8903\/revisions"}],"predecessor-version":[{"id":9007,"href":"https:\/\/arcampin.be\/secondaire\/wp-json\/wp\/v2\/posts\/8903\/revisions\/9007"}],"wp:attachment":[{"href":"https:\/\/arcampin.be\/secondaire\/wp-json\/wp\/v2\/media?parent=8903"}],"wp:term":[{"taxonomy":"category","embeddable":true,"href":"https:\/\/arcampin.be\/secondaire\/wp-json\/wp\/v2\/categories?post=8903"},{"taxonomy":"post_tag","embeddable":true,"href":"https:\/\/arcampin.be\/secondaire\/wp-json\/wp\/v2\/tags?post=8903"}],"curies":[{"name":"wp","href":"https:\/\/api.w.org\/{rel}","templated":true}]}}