{"id":8893,"date":"2023-10-20T13:36:00","date_gmt":"2023-10-20T12:36:00","guid":{"rendered":"https:\/\/arcampin.be\/secondaire\/?p=8893"},"modified":"2023-11-07T13:57:26","modified_gmt":"2023-11-07T12:57:26","slug":"classes-de-5eme-film-anatomie-dune-chute","status":"publish","type":"post","link":"https:\/\/arcampin.be\/secondaire\/archives\/8893","title":{"rendered":"Classes de 5\u00e8me &#8211; Film \u00ab\u00a0Anatomie d&rsquo;une chute"},"content":{"rendered":"\n<figure class=\"wp-block-image size-full\"><img loading=\"lazy\" width=\"700\" height=\"683\" src=\"https:\/\/arcampin.be\/secondaire\/wp-content\/uploads\/2023\/11\/393393764_10233118259157458_4791957200342852723_n.jpeg\" alt=\"\" class=\"wp-image-8894\" srcset=\"https:\/\/arcampin.be\/secondaire\/wp-content\/uploads\/2023\/11\/393393764_10233118259157458_4791957200342852723_n.jpeg 700w, https:\/\/arcampin.be\/secondaire\/wp-content\/uploads\/2023\/11\/393393764_10233118259157458_4791957200342852723_n-300x293.jpeg 300w\" sizes=\"(max-width: 700px) 100vw, 700px\" \/><\/figure>\n\n\n<div class=\"x1e56ztr\"><em><span class=\"x193iq5w xeuugli x13faqbe x1vvkbs xlh3980 xvmahel x1n0sxbx x6prxxf xvq8zen xo1l8bm xzsf02u\">Ce vendredi 20 octobre, dans le cadre de la s\u00e9quence consacr\u00e9e au plaidoyer et r\u00e9quisitoire (les textes prononc\u00e9s par les avocats dans un tribunal), les \u00e9l\u00e8ves de 5\u00e8me ann\u00e9e ont pu d\u00e9couvrir le film qui a remport\u00e9 la palme d&rsquo;or du dernier festival de Cannes.<\/span><\/em><\/div>\n<div class=\"x1e56ztr\">\u00a0<\/div>\n<div class=\"x1e56ztr\"><em><span class=\"x193iq5w xeuugli x13faqbe x1vvkbs xlh3980 xvmahel x1n0sxbx x6prxxf xvq8zen xo1l8bm xzsf02u\">L&rsquo;histoire se concentre sur une famille : Sandra, Samuel et leur fils malvoyant Daniel, \u00e2g\u00e9 de 11 ans vivent \u00e0 la montagne, non loin de Grenoble. Un jour, alors qu&rsquo;il revient d&rsquo;une promenade avec son chien-guide Snoopy, Daniel d\u00e9couvre le corps de son p\u00e8re. Une enqu\u00eate est ouverte et les soup\u00e7ons se tournent vers Sandra. Accus\u00e9e d&rsquo;homicide, elle d\u00e9fend pour sa part la th\u00e8se du suicide de son mari. Au travers de son proc\u00e8s, le public (et leur fils Daniel) d\u00e9couvre l&rsquo;intimit\u00e9 du couple, notamment les disputes r\u00e9currentes et violentes (autant verbalement que physiquement). Au terme de la projection, chacun peut se faire un avis quant \u00e0 la culpabilit\u00e9 de Sandra.<\/span><\/em><\/div>\n<div class=\"x1e56ztr\">\u00a0<\/div>\n<div class=\"x1e56ztr\"><em><span class=\"x193iq5w xeuugli x13faqbe x1vvkbs xlh3980 xvmahel x1n0sxbx x6prxxf xvq8zen xo1l8bm xzsf02u\">En esp\u00e9rant que cette exp\u00e9rience a \u00e9t\u00e9 des plus agr\u00e9ables,<\/span><\/em><\/div>\n<div class=\"x1e56ztr\">\u00a0<\/div>\n<div class=\"x1e56ztr\"><em><span class=\"x193iq5w xeuugli x13faqbe x1vvkbs xlh3980 xvmahel x1n0sxbx x6prxxf xvq8zen xo1l8bm xzsf02u\">Les professeurs de fran\u00e7ais du DS.<\/span><\/em><\/div>\n<div>\u00a0<\/div>\n<hr \/>","protected":false},"excerpt":{"rendered":"<p>Ce vendredi 20 octobre, dans le cadre de la s\u00e9quence consacr\u00e9e au plaidoyer et r\u00e9quisitoire (les textes prononc\u00e9s par les avocats dans un tribunal), les \u00e9l\u00e8ves de 5\u00e8me ann\u00e9e ont pu d\u00e9couvrir le film qui a remport\u00e9 la palme d&rsquo;or du dernier festival de Cannes. \u00a0 L&rsquo;histoire se concentre sur une famille : Sandra, Samuel &hellip; <a href=\"https:\/\/arcampin.be\/secondaire\/archives\/8893\" class=\"more-link\">Continuer la lecture de <span class=\"screen-reader-text\">Classes de 5\u00e8me &#8211; Film \u00ab\u00a0Anatomie d&rsquo;une chute<\/span> <span class=\"meta-nav\">&rarr;<\/span><\/a><\/p>\n","protected":false},"author":2,"featured_media":0,"comment_status":"closed","ping_status":"open","sticky":false,"template":"","format":"standard","meta":{"jetpack_post_was_ever_published":false},"categories":[16],"tags":[],"jetpack_featured_media_url":"","_links":{"self":[{"href":"https:\/\/arcampin.be\/secondaire\/wp-json\/wp\/v2\/posts\/8893"}],"collection":[{"href":"https:\/\/arcampin.be\/secondaire\/wp-json\/wp\/v2\/posts"}],"about":[{"href":"https:\/\/arcampin.be\/secondaire\/wp-json\/wp\/v2\/types\/post"}],"author":[{"embeddable":true,"href":"https:\/\/arcampin.be\/secondaire\/wp-json\/wp\/v2\/users\/2"}],"replies":[{"embeddable":true,"href":"https:\/\/arcampin.be\/secondaire\/wp-json\/wp\/v2\/comments?post=8893"}],"version-history":[{"count":2,"href":"https:\/\/arcampin.be\/secondaire\/wp-json\/wp\/v2\/posts\/8893\/revisions"}],"predecessor-version":[{"id":8901,"href":"https:\/\/arcampin.be\/secondaire\/wp-json\/wp\/v2\/posts\/8893\/revisions\/8901"}],"wp:attachment":[{"href":"https:\/\/arcampin.be\/secondaire\/wp-json\/wp\/v2\/media?parent=8893"}],"wp:term":[{"taxonomy":"category","embeddable":true,"href":"https:\/\/arcampin.be\/secondaire\/wp-json\/wp\/v2\/categories?post=8893"},{"taxonomy":"post_tag","embeddable":true,"href":"https:\/\/arcampin.be\/secondaire\/wp-json\/wp\/v2\/tags?post=8893"}],"curies":[{"name":"wp","href":"https:\/\/api.w.org\/{rel}","templated":true}]}}