{"id":8881,"date":"2023-10-20T13:29:00","date_gmt":"2023-10-20T12:29:00","guid":{"rendered":"https:\/\/arcampin.be\/secondaire\/?p=8881"},"modified":"2023-11-04T13:35:44","modified_gmt":"2023-11-04T12:35:44","slug":"visite-de-larcheosite-daubechies","status":"publish","type":"post","link":"https:\/\/arcampin.be\/secondaire\/archives\/8881","title":{"rendered":"Visite de l&rsquo;arch\u00e9osite d\u2019Aubechies"},"content":{"rendered":"<p><em>Ce vendredi 20 octobre, veille de vacances scolaires, les \u00e9l\u00e8ves de 2e E immersion se sont rendus \u00e0 l\u2019Arch\u00e9osite et Mus\u00e9e d\u2019Aubechies-Beloeil. Ce site est compos\u00e9 du plus important ensemble de reconstitutions arch\u00e9ologiques de Belgique. Apr\u00e8s le visionnage d\u2019un film, en anglais, retra\u00e7ant l\u2019histoire de l\u2019Homme, les \u00e9l\u00e8ves ont pu b\u00e9n\u00e9ficier d\u2019une visite guid\u00e9e, en anglais elle-aussi. Ils ont pu d\u00e9couvrir les fermes des premiers agriculteurs, les habitations et ateliers des \u00c2ges des m\u00e9taux, une somptueuse villa romaine ainsi qu\u2019un temple et une n\u00e9cropole antique.<\/em><\/p>\n\n\n<figure class=\"wp-container-2 wp-block-gallery-1 wp-block-gallery has-nested-images columns-2 is-cropped\">\n<figure class=\"wp-block-image size-large\"><img loading=\"lazy\" width=\"960\" height=\"720\" data-id=\"8883\"  src=\"https:\/\/arcampin.be\/secondaire\/wp-content\/uploads\/2023\/11\/392925595_10161149731382372_2304726342484520630_n.jpeg\" alt=\"\" class=\"wp-image-8883\" srcset=\"https:\/\/arcampin.be\/secondaire\/wp-content\/uploads\/2023\/11\/392925595_10161149731382372_2304726342484520630_n.jpeg 960w, https:\/\/arcampin.be\/secondaire\/wp-content\/uploads\/2023\/11\/392925595_10161149731382372_2304726342484520630_n-300x225.jpeg 300w, https:\/\/arcampin.be\/secondaire\/wp-content\/uploads\/2023\/11\/392925595_10161149731382372_2304726342484520630_n-768x576.jpeg 768w\" sizes=\"(max-width: 960px) 100vw, 960px\" \/><\/figure>\n\n\n\n<figure class=\"wp-block-image size-large\"><img loading=\"lazy\" width=\"960\" height=\"720\" data-id=\"8887\"  src=\"https:\/\/arcampin.be\/secondaire\/wp-content\/uploads\/2023\/11\/392920903_10161149729532372_1299507398741847729_n.jpeg\" alt=\"\" class=\"wp-image-8887\" srcset=\"https:\/\/arcampin.be\/secondaire\/wp-content\/uploads\/2023\/11\/392920903_10161149729532372_1299507398741847729_n.jpeg 960w, https:\/\/arcampin.be\/secondaire\/wp-content\/uploads\/2023\/11\/392920903_10161149729532372_1299507398741847729_n-300x225.jpeg 300w, https:\/\/arcampin.be\/secondaire\/wp-content\/uploads\/2023\/11\/392920903_10161149729532372_1299507398741847729_n-768x576.jpeg 768w\" sizes=\"(max-width: 960px) 100vw, 960px\" \/><\/figure>\n\n\n\n<figure class=\"wp-block-image size-large\"><img loading=\"lazy\" width=\"960\" height=\"720\" data-id=\"8882\"  src=\"https:\/\/arcampin.be\/secondaire\/wp-content\/uploads\/2023\/11\/392915099_10161149729312372_7295457363369404315_n.jpeg\" alt=\"\" class=\"wp-image-8882\" srcset=\"https:\/\/arcampin.be\/secondaire\/wp-content\/uploads\/2023\/11\/392915099_10161149729312372_7295457363369404315_n.jpeg 960w, https:\/\/arcampin.be\/secondaire\/wp-content\/uploads\/2023\/11\/392915099_10161149729312372_7295457363369404315_n-300x225.jpeg 300w, https:\/\/arcampin.be\/secondaire\/wp-content\/uploads\/2023\/11\/392915099_10161149729312372_7295457363369404315_n-768x576.jpeg 768w\" sizes=\"(max-width: 960px) 100vw, 960px\" \/><\/figure>\n\n\n\n<figure class=\"wp-block-image size-large\"><img loading=\"lazy\" width=\"960\" height=\"720\" data-id=\"8885\"  src=\"https:\/\/arcampin.be\/secondaire\/wp-content\/uploads\/2023\/11\/392893122_10161149731912372_718623426735384385_n.jpeg\" alt=\"\" class=\"wp-image-8885\" srcset=\"https:\/\/arcampin.be\/secondaire\/wp-content\/uploads\/2023\/11\/392893122_10161149731912372_718623426735384385_n.jpeg 960w, https:\/\/arcampin.be\/secondaire\/wp-content\/uploads\/2023\/11\/392893122_10161149731912372_718623426735384385_n-300x225.jpeg 300w, https:\/\/arcampin.be\/secondaire\/wp-content\/uploads\/2023\/11\/392893122_10161149731912372_718623426735384385_n-768x576.jpeg 768w\" sizes=\"(max-width: 960px) 100vw, 960px\" \/><\/figure>\n\n\n\n<figure class=\"wp-block-image size-large\"><img loading=\"lazy\" width=\"960\" height=\"720\" data-id=\"8886\"  src=\"https:\/\/arcampin.be\/secondaire\/wp-content\/uploads\/2023\/11\/391575094_10161149732782372_8201698838504822986_n.jpeg\" alt=\"\" class=\"wp-image-8886\" srcset=\"https:\/\/arcampin.be\/secondaire\/wp-content\/uploads\/2023\/11\/391575094_10161149732782372_8201698838504822986_n.jpeg 960w, https:\/\/arcampin.be\/secondaire\/wp-content\/uploads\/2023\/11\/391575094_10161149732782372_8201698838504822986_n-300x225.jpeg 300w, https:\/\/arcampin.be\/secondaire\/wp-content\/uploads\/2023\/11\/391575094_10161149732782372_8201698838504822986_n-768x576.jpeg 768w\" sizes=\"(max-width: 960px) 100vw, 960px\" \/><\/figure>\n\n\n\n<figure class=\"wp-block-image size-large\"><img loading=\"lazy\" width=\"960\" height=\"720\" data-id=\"8884\"  src=\"https:\/\/arcampin.be\/secondaire\/wp-content\/uploads\/2023\/11\/394312175_10161149730042372_1589290517250104837_n.jpeg\" alt=\"\" class=\"wp-image-8884\" srcset=\"https:\/\/arcampin.be\/secondaire\/wp-content\/uploads\/2023\/11\/394312175_10161149730042372_1589290517250104837_n.jpeg 960w, https:\/\/arcampin.be\/secondaire\/wp-content\/uploads\/2023\/11\/394312175_10161149730042372_1589290517250104837_n-300x225.jpeg 300w, https:\/\/arcampin.be\/secondaire\/wp-content\/uploads\/2023\/11\/394312175_10161149730042372_1589290517250104837_n-768x576.jpeg 768w\" sizes=\"(max-width: 960px) 100vw, 960px\" \/><\/figure>\n<\/figure>\n\n\n<p><em>Apr\u00e8s une d\u00e9monstration sur les diff\u00e9rentes techniques d\u2019allumage du feu au fil du temps et une autre pr\u00e9sentant le fonctionnement d\u2019une forge, les \u00e9l\u00e8ves se sont mis dans la peau de guerriers gaulois. Des apprentissages dynamiques et ludiques et surtout une belle partie de plaisir malgr\u00e9 la m\u00e9t\u00e9o maussade.<\/em><\/p>\n\n\n<figure class=\"wp-container-4 wp-block-gallery-3 wp-block-gallery has-nested-images columns-default is-cropped\">\n<figure class=\"wp-block-image size-large\"><img loading=\"lazy\" width=\"720\" height=\"960\" data-id=\"8890\"  src=\"https:\/\/arcampin.be\/secondaire\/wp-content\/uploads\/2023\/11\/392893096_10161149732412372_4376616202111849310_n.jpeg\" alt=\"\" class=\"wp-image-8890\" srcset=\"https:\/\/arcampin.be\/secondaire\/wp-content\/uploads\/2023\/11\/392893096_10161149732412372_4376616202111849310_n.jpeg 720w, https:\/\/arcampin.be\/secondaire\/wp-content\/uploads\/2023\/11\/392893096_10161149732412372_4376616202111849310_n-225x300.jpeg 225w\" sizes=\"(max-width: 720px) 100vw, 720px\" \/><\/figure>\n\n\n\n<figure class=\"wp-block-image size-large\"><img loading=\"lazy\" width=\"720\" height=\"960\" data-id=\"8888\"  src=\"https:\/\/arcampin.be\/secondaire\/wp-content\/uploads\/2023\/11\/392893406_10161149730662372_6404721458428906433_n.jpeg\" alt=\"\" class=\"wp-image-8888\" srcset=\"https:\/\/arcampin.be\/secondaire\/wp-content\/uploads\/2023\/11\/392893406_10161149730662372_6404721458428906433_n.jpeg 720w, https:\/\/arcampin.be\/secondaire\/wp-content\/uploads\/2023\/11\/392893406_10161149730662372_6404721458428906433_n-225x300.jpeg 225w\" sizes=\"(max-width: 720px) 100vw, 720px\" \/><\/figure>\n\n\n\n<figure class=\"wp-block-image size-large\"><img loading=\"lazy\" width=\"720\" height=\"960\" data-id=\"8889\"  src=\"https:\/\/arcampin.be\/secondaire\/wp-content\/uploads\/2023\/11\/392917112_10161149728887372_7333708922830122671_n.jpeg\" alt=\"\" class=\"wp-image-8889\" srcset=\"https:\/\/arcampin.be\/secondaire\/wp-content\/uploads\/2023\/11\/392917112_10161149728887372_7333708922830122671_n.jpeg 720w, https:\/\/arcampin.be\/secondaire\/wp-content\/uploads\/2023\/11\/392917112_10161149728887372_7333708922830122671_n-225x300.jpeg 225w\" sizes=\"(max-width: 720px) 100vw, 720px\" \/><\/figure>\n<\/figure>\n\n\n<hr \/>\n<p>\u00a0<\/p>","protected":false},"excerpt":{"rendered":"<p>Ce vendredi 20 octobre, veille de vacances scolaires, les \u00e9l\u00e8ves de 2e E immersion se sont rendus \u00e0 l\u2019Arch\u00e9osite et Mus\u00e9e d\u2019Aubechies-Beloeil. Ce site est compos\u00e9 du plus important ensemble de reconstitutions arch\u00e9ologiques de Belgique. Apr\u00e8s le visionnage d\u2019un film, en anglais, retra\u00e7ant l\u2019histoire de l\u2019Homme, les \u00e9l\u00e8ves ont pu b\u00e9n\u00e9ficier d\u2019une visite guid\u00e9e, en &hellip; <a href=\"https:\/\/arcampin.be\/secondaire\/archives\/8881\" class=\"more-link\">Continuer la lecture de <span class=\"screen-reader-text\">Visite de l&rsquo;arch\u00e9osite d\u2019Aubechies<\/span> <span class=\"meta-nav\">&rarr;<\/span><\/a><\/p>\n","protected":false},"author":2,"featured_media":0,"comment_status":"closed","ping_status":"open","sticky":false,"template":"","format":"standard","meta":{"jetpack_post_was_ever_published":false},"categories":[25],"tags":[],"jetpack_featured_media_url":"","_links":{"self":[{"href":"https:\/\/arcampin.be\/secondaire\/wp-json\/wp\/v2\/posts\/8881"}],"collection":[{"href":"https:\/\/arcampin.be\/secondaire\/wp-json\/wp\/v2\/posts"}],"about":[{"href":"https:\/\/arcampin.be\/secondaire\/wp-json\/wp\/v2\/types\/post"}],"author":[{"embeddable":true,"href":"https:\/\/arcampin.be\/secondaire\/wp-json\/wp\/v2\/users\/2"}],"replies":[{"embeddable":true,"href":"https:\/\/arcampin.be\/secondaire\/wp-json\/wp\/v2\/comments?post=8881"}],"version-history":[{"count":1,"href":"https:\/\/arcampin.be\/secondaire\/wp-json\/wp\/v2\/posts\/8881\/revisions"}],"predecessor-version":[{"id":8891,"href":"https:\/\/arcampin.be\/secondaire\/wp-json\/wp\/v2\/posts\/8881\/revisions\/8891"}],"wp:attachment":[{"href":"https:\/\/arcampin.be\/secondaire\/wp-json\/wp\/v2\/media?parent=8881"}],"wp:term":[{"taxonomy":"category","embeddable":true,"href":"https:\/\/arcampin.be\/secondaire\/wp-json\/wp\/v2\/categories?post=8881"},{"taxonomy":"post_tag","embeddable":true,"href":"https:\/\/arcampin.be\/secondaire\/wp-json\/wp\/v2\/tags?post=8881"}],"curies":[{"name":"wp","href":"https:\/\/api.w.org\/{rel}","templated":true}]}}