{"id":8877,"date":"2023-10-20T13:20:00","date_gmt":"2023-10-20T12:20:00","guid":{"rendered":"https:\/\/arcampin.be\/secondaire\/?p=8877"},"modified":"2023-11-07T13:58:39","modified_gmt":"2023-11-07T12:58:39","slug":"5c-5d-decouvrir-le-metier-davocat-et-le-systeme-judiciaire","status":"publish","type":"post","link":"https:\/\/arcampin.be\/secondaire\/archives\/8877","title":{"rendered":"5C &#038; 5D &#8211; D\u00e9couvrir le m\u00e9tier d\u2019avocat et le syst\u00e8me judiciaire"},"content":{"rendered":"\n<figure class=\"wp-container-2 wp-block-gallery-1 wp-block-gallery has-nested-images columns-default is-cropped\">\n<figure class=\"wp-block-image size-large\"><img loading=\"lazy\" width=\"2048\" height=\"1536\" data-id=\"8878\"  src=\"https:\/\/arcampin.be\/secondaire\/wp-content\/uploads\/2023\/11\/393720817_10233106886473148_8414835417802673234_n.jpeg\" alt=\"\" class=\"wp-image-8878\" srcset=\"https:\/\/arcampin.be\/secondaire\/wp-content\/uploads\/2023\/11\/393720817_10233106886473148_8414835417802673234_n.jpeg 2048w, https:\/\/arcampin.be\/secondaire\/wp-content\/uploads\/2023\/11\/393720817_10233106886473148_8414835417802673234_n-300x225.jpeg 300w, https:\/\/arcampin.be\/secondaire\/wp-content\/uploads\/2023\/11\/393720817_10233106886473148_8414835417802673234_n-1024x768.jpeg 1024w, https:\/\/arcampin.be\/secondaire\/wp-content\/uploads\/2023\/11\/393720817_10233106886473148_8414835417802673234_n-768x576.jpeg 768w, https:\/\/arcampin.be\/secondaire\/wp-content\/uploads\/2023\/11\/393720817_10233106886473148_8414835417802673234_n-1536x1152.jpeg 1536w\" sizes=\"(max-width: 2048px) 100vw, 2048px\" \/><\/figure>\n<\/figure>\n\n\n<div class=\"xdj266r x11i5rnm xat24cr x1mh8g0r x1vvkbs x126k92a\">\n<div dir=\"auto\"><em>Par l\u2019interm\u00e9diaire de la premi\u00e8re s\u00e9quence consacr\u00e9e au plaidoyer-r\u00e9quisitoire, texte prononc\u00e9 par les avocats dans un tribunal, les \u00e9l\u00e8ves de 5C et 5D ont d\u00e9couvert le m\u00e9tier d\u2019avocat, tr\u00e8s diff\u00e9rent de celui visible dans les films et s\u00e9ries am\u00e9ricaines, aupr\u00e8s de deux pointures de la r\u00e9gion : Ma\u00eetre Vandenbosche et Ma\u00eetre Poncin, inscrites toutes les deux depuis 50 ans au Barreau de Tournai.<\/em><\/div>\n<div dir=\"auto\">&nbsp;<\/div>\n<\/div>\n<div class=\"x11i5rnm xat24cr x1mh8g0r x1vvkbs xtlvy1s x126k92a\">\n<div dir=\"auto\"><em>Sp\u00e9cialis\u00e9es en droit p\u00e9nal, social, de la famille, etc., elles ont r\u00e9pondu aux diff\u00e9rentes questions pr\u00e9par\u00e9es par les \u00e9l\u00e8ves qui pourraient, pour certain(e)s vu le choix de leur option en 5eme et 6eme (sciences \u00e9conomiques, sciences sociales et Option histoire), se diriger vers le droit dans leurs \u00e9tudes sup\u00e9rieures.<\/em><\/div>\n<\/div>\n\n\n<figure class=\"wp-container-4 wp-block-gallery-3 wp-block-gallery has-nested-images columns-default is-cropped\">\n<figure class=\"wp-block-image size-large\"><img loading=\"lazy\" width=\"1024\" height=\"768\" data-id=\"8879\"  src=\"https:\/\/arcampin.be\/secondaire\/wp-content\/uploads\/2023\/11\/393849264_10233106886553150_1980257584050063713_n-1024x768.jpeg\" alt=\"\" class=\"wp-image-8879\" srcset=\"https:\/\/arcampin.be\/secondaire\/wp-content\/uploads\/2023\/11\/393849264_10233106886553150_1980257584050063713_n-1024x768.jpeg 1024w, https:\/\/arcampin.be\/secondaire\/wp-content\/uploads\/2023\/11\/393849264_10233106886553150_1980257584050063713_n-300x225.jpeg 300w, https:\/\/arcampin.be\/secondaire\/wp-content\/uploads\/2023\/11\/393849264_10233106886553150_1980257584050063713_n-768x576.jpeg 768w, https:\/\/arcampin.be\/secondaire\/wp-content\/uploads\/2023\/11\/393849264_10233106886553150_1980257584050063713_n-1536x1152.jpeg 1536w, https:\/\/arcampin.be\/secondaire\/wp-content\/uploads\/2023\/11\/393849264_10233106886553150_1980257584050063713_n.jpeg 2048w\" sizes=\"(max-width: 1024px) 100vw, 1024px\" \/><\/figure>\n<\/figure>\n\n\n<div class=\"xdj266r x11i5rnm xat24cr x1mh8g0r x1vvkbs x126k92a\">\u00a0<\/div>\n<div class=\"x11i5rnm xat24cr x1mh8g0r x1vvkbs xtlvy1s x126k92a\">\n<div dir=\"auto\"><em>Les \u00e9l\u00e8ves ont aussi particip\u00e9 \u00e0 une s\u00e9ance du tribunal correctionnel de Tournai afin de se rendre compte de la mani\u00e8re dont fonctionne vraiment le syst\u00e8me judiciaire belge. Pour rappel, toute personne majeure peut assister \u00e0 un proc\u00e8s.<\/em><\/div>\n<\/div>\n<div class=\"x11i5rnm xat24cr x1mh8g0r x1vvkbs xtlvy1s x126k92a\">\n<div dir=\"auto\">\u00a0<\/div>\n<\/div>\n<div class=\"x11i5rnm xat24cr x1mh8g0r x1vvkbs xtlvy1s x126k92a\">\n<div dir=\"auto\"><em>Pour savoir vivre dans une soci\u00e9t\u00e9 d\u00e9mocratique, il faut en conna\u00eetre les rouages et lutter pour une justice impartiale et ind\u00e9pendante de toute influence. En esp\u00e9rant que ces activit\u00e9s feront de nos \u00e9l\u00e8ves de meilleurs citoyens,<\/em><\/div>\n<div dir=\"auto\">\u00a0<\/div>\n<\/div>\n<div class=\"x11i5rnm xat24cr x1mh8g0r x1vvkbs xtlvy1s x126k92a\">\n<div dir=\"auto\"><em>Mr Baudoin, Professeur de Fran\u00e7ais.<\/em><\/div>\n<div dir=\"auto\">\u00a0<\/div>\n<\/div>\n<hr \/>","protected":false},"excerpt":{"rendered":"<p>Par l\u2019interm\u00e9diaire de la premi\u00e8re s\u00e9quence consacr\u00e9e au plaidoyer-r\u00e9quisitoire, texte prononc\u00e9 par les avocats dans un tribunal, les \u00e9l\u00e8ves de 5C et 5D ont d\u00e9couvert le m\u00e9tier d\u2019avocat, tr\u00e8s diff\u00e9rent de celui visible dans les films et s\u00e9ries am\u00e9ricaines, aupr\u00e8s de deux pointures de la r\u00e9gion : Ma\u00eetre Vandenbosche et Ma\u00eetre Poncin, inscrites toutes les &hellip; <a href=\"https:\/\/arcampin.be\/secondaire\/archives\/8877\" class=\"more-link\">Continuer la lecture de <span class=\"screen-reader-text\">5C &#038; 5D &#8211; D\u00e9couvrir le m\u00e9tier d\u2019avocat et le syst\u00e8me judiciaire<\/span> <span class=\"meta-nav\">&rarr;<\/span><\/a><\/p>\n","protected":false},"author":2,"featured_media":0,"comment_status":"closed","ping_status":"open","sticky":false,"template":"","format":"standard","meta":{"jetpack_post_was_ever_published":false},"categories":[16],"tags":[],"jetpack_featured_media_url":"","_links":{"self":[{"href":"https:\/\/arcampin.be\/secondaire\/wp-json\/wp\/v2\/posts\/8877"}],"collection":[{"href":"https:\/\/arcampin.be\/secondaire\/wp-json\/wp\/v2\/posts"}],"about":[{"href":"https:\/\/arcampin.be\/secondaire\/wp-json\/wp\/v2\/types\/post"}],"author":[{"embeddable":true,"href":"https:\/\/arcampin.be\/secondaire\/wp-json\/wp\/v2\/users\/2"}],"replies":[{"embeddable":true,"href":"https:\/\/arcampin.be\/secondaire\/wp-json\/wp\/v2\/comments?post=8877"}],"version-history":[{"count":3,"href":"https:\/\/arcampin.be\/secondaire\/wp-json\/wp\/v2\/posts\/8877\/revisions"}],"predecessor-version":[{"id":8902,"href":"https:\/\/arcampin.be\/secondaire\/wp-json\/wp\/v2\/posts\/8877\/revisions\/8902"}],"wp:attachment":[{"href":"https:\/\/arcampin.be\/secondaire\/wp-json\/wp\/v2\/media?parent=8877"}],"wp:term":[{"taxonomy":"category","embeddable":true,"href":"https:\/\/arcampin.be\/secondaire\/wp-json\/wp\/v2\/categories?post=8877"},{"taxonomy":"post_tag","embeddable":true,"href":"https:\/\/arcampin.be\/secondaire\/wp-json\/wp\/v2\/tags?post=8877"}],"curies":[{"name":"wp","href":"https:\/\/api.w.org\/{rel}","templated":true}]}}