{"id":8693,"date":"2023-06-12T15:17:51","date_gmt":"2023-06-12T14:17:51","guid":{"rendered":"https:\/\/arcampin.be\/secondaire\/?p=8693"},"modified":"2023-06-12T15:17:51","modified_gmt":"2023-06-12T14:17:51","slug":"finale-de-la-campin-league-2023","status":"publish","type":"post","link":"https:\/\/arcampin.be\/secondaire\/archives\/8693","title":{"rendered":"Finale de la Campin League 2023"},"content":{"rendered":"\n<figure class=\"wp-block-video\"><video controls src=\"https:\/\/arcampin.be\/secondaire\/wp-content\/uploads\/2023\/06\/Campin-League-2023.mp4\"><\/video><\/figure>\n\n\n<div dir=\"auto\"><strong><em>Le Bayern de Monique au bout du suspense !\u00a0<\/em><\/strong><\/div>\n<div dir=\"auto\">\u00a0<\/div>\n<div dir=\"auto\"><em>Ce vendredi 2 juin, devant un public d\u00e9cha\u00een\u00e9 avait lieu la finale tant attendue entre les \u00ab Wakanda \u00bb et le \u00ab Bayern de Monique \u00bb .<\/em><\/div>\n<div dir=\"auto\">\u00a0<\/div>\n<div dir=\"auto\"><em>Une c\u00e9r\u00e9monie d\u2019avant match r\u00e9compensait nos r\u00e9cents vainqueurs (de la cat\u00e9gorie des moins de 16 ans) lors d&rsquo;un tournoi interscolaire \u00e0 Comines.<\/em><\/div>\n<div dir=\"auto\">\u00a0<\/div>\n<div dir=\"auto\"><em>Une animation de main de ma\u00eetre par un ancien \u00e9l\u00e8ve, Andrew Hortz !\u00a0<\/em><\/div>\n<div dir=\"auto\"><em>Des supporters grim\u00e9s et habill\u00e9s aux couleurs de leurs \u00e9quipes pr\u00e9f\u00e9r\u00e9es! Une mascotte enjou\u00e9e! <\/em><em>Un spectacle incroyable, des pom-pom girls, avec en guest star notre secr\u00e9taire \u00ab Monique \u00bb\u00a0<\/em><\/div>\n<div dir=\"auto\"><em>Une finale \u00e9pique avec une s\u00e9ance de penalty interminable d\u00e9partag\u00e9e au 9\u00e8me tir au but !\u00a0<\/em><\/div>\n<div dir=\"auto\">\u00a0<\/div>\n<div dir=\"auto\"><em>Le Bayern de Monique grand vainqueur de l\u2019\u00e9dition 2023<\/em><\/div>\n<div dir=\"auto\">\u00a0<\/div>\n<div dir=\"auto\"><em>Une c\u00e9r\u00e9monie r\u00e9compensant tous les joueurs.\u00a0 Un fair-play, une sportivit\u00e9 exemplaire le tout dans une ambiance de folie ! Revivez le film de la finale de la Campin League!\u00a0<\/em><\/div>\n<div dir=\"auto\">\u00a0<\/div>\n<div dir=\"auto\"><em>Merci \u00e0 Gilian Delmer pour ces superbes images et \u00e0 Nicolas Baudart pour l&rsquo;organisation du tournoi (et de cette finale magique pour toute l&rsquo;\u00e9cole) !<\/em>\u00a0<\/div>\n<div dir=\"auto\">\u00a0<\/div>\n<hr \/>","protected":false},"excerpt":{"rendered":"<p>Le Bayern de Monique au bout du suspense !\u00a0 \u00a0 Ce vendredi 2 juin, devant un public d\u00e9cha\u00een\u00e9 avait lieu la finale tant attendue entre les \u00ab Wakanda \u00bb et le \u00ab Bayern de Monique \u00bb . \u00a0 Une c\u00e9r\u00e9monie d\u2019avant match r\u00e9compensait nos r\u00e9cents vainqueurs (de la cat\u00e9gorie des moins de 16 ans) lors &hellip; <a href=\"https:\/\/arcampin.be\/secondaire\/archives\/8693\" class=\"more-link\">Continuer la lecture de <span class=\"screen-reader-text\">Finale de la Campin League 2023<\/span> <span class=\"meta-nav\">&rarr;<\/span><\/a><\/p>\n","protected":false},"author":2,"featured_media":0,"comment_status":"closed","ping_status":"open","sticky":false,"template":"","format":"standard","meta":{"jetpack_post_was_ever_published":false},"categories":[8],"tags":[],"jetpack_featured_media_url":"","_links":{"self":[{"href":"https:\/\/arcampin.be\/secondaire\/wp-json\/wp\/v2\/posts\/8693"}],"collection":[{"href":"https:\/\/arcampin.be\/secondaire\/wp-json\/wp\/v2\/posts"}],"about":[{"href":"https:\/\/arcampin.be\/secondaire\/wp-json\/wp\/v2\/types\/post"}],"author":[{"embeddable":true,"href":"https:\/\/arcampin.be\/secondaire\/wp-json\/wp\/v2\/users\/2"}],"replies":[{"embeddable":true,"href":"https:\/\/arcampin.be\/secondaire\/wp-json\/wp\/v2\/comments?post=8693"}],"version-history":[{"count":3,"href":"https:\/\/arcampin.be\/secondaire\/wp-json\/wp\/v2\/posts\/8693\/revisions"}],"predecessor-version":[{"id":8697,"href":"https:\/\/arcampin.be\/secondaire\/wp-json\/wp\/v2\/posts\/8693\/revisions\/8697"}],"wp:attachment":[{"href":"https:\/\/arcampin.be\/secondaire\/wp-json\/wp\/v2\/media?parent=8693"}],"wp:term":[{"taxonomy":"category","embeddable":true,"href":"https:\/\/arcampin.be\/secondaire\/wp-json\/wp\/v2\/categories?post=8693"},{"taxonomy":"post_tag","embeddable":true,"href":"https:\/\/arcampin.be\/secondaire\/wp-json\/wp\/v2\/tags?post=8693"}],"curies":[{"name":"wp","href":"https:\/\/api.w.org\/{rel}","templated":true}]}}