{"id":8684,"date":"2023-06-06T09:59:12","date_gmt":"2023-06-06T08:59:12","guid":{"rendered":"https:\/\/arcampin.be\/secondaire\/?p=8684"},"modified":"2023-06-06T09:59:12","modified_gmt":"2023-06-06T08:59:12","slug":"triathlon-campin-2023","status":"publish","type":"post","link":"https:\/\/arcampin.be\/secondaire\/archives\/8684","title":{"rendered":"Triathlon Campin 2023"},"content":{"rendered":"\n<figure class=\"wp-container-2 wp-block-gallery-1 wp-block-gallery has-nested-images columns-default is-cropped\">\n<figure class=\"wp-block-image size-large\"><img loading=\"lazy\" width=\"1024\" height=\"683\" data-id=\"8685\"  src=\"https:\/\/arcampin.be\/secondaire\/wp-content\/uploads\/2023\/06\/351990653_1215660379123109_5694300357623599828_n-1024x683.jpg\" alt=\"\" class=\"wp-image-8685\" srcset=\"https:\/\/arcampin.be\/secondaire\/wp-content\/uploads\/2023\/06\/351990653_1215660379123109_5694300357623599828_n-1024x683.jpg 1024w, https:\/\/arcampin.be\/secondaire\/wp-content\/uploads\/2023\/06\/351990653_1215660379123109_5694300357623599828_n-300x200.jpg 300w, https:\/\/arcampin.be\/secondaire\/wp-content\/uploads\/2023\/06\/351990653_1215660379123109_5694300357623599828_n-768x512.jpg 768w, https:\/\/arcampin.be\/secondaire\/wp-content\/uploads\/2023\/06\/351990653_1215660379123109_5694300357623599828_n-1536x1025.jpg 1536w, https:\/\/arcampin.be\/secondaire\/wp-content\/uploads\/2023\/06\/351990653_1215660379123109_5694300357623599828_n.jpg 2048w\" sizes=\"(max-width: 1024px) 100vw, 1024px\" \/><\/figure>\n<\/figure>\n\n\n\n<p><em>Les \u00e9l\u00e8ves de 5\u00e8me et 6\u00e8me option \u00e9ducation physique ont pr\u00e9sent\u00e9 leur examen: \u00ab\u00a0Triathlon Campin 2023\u00a0\u00bb, 400\/500 m de natation en eau libre, 11 km \u00e0 v\u00e9lo et 5,5\/7,5 km en course \u00e0 pieds. Sous le soleil, l&rsquo;\u00e9preuve fut une tr\u00e8s belle r\u00e9ussite et un challenge relev\u00e9 par tout nos \u00e9l\u00e8ves&#8230; Bravo et f\u00e9licitations \u00e0 eux<\/em>.<\/p>\n\n\n\n<figure class=\"wp-container-4 wp-block-gallery-3 wp-block-gallery has-nested-images columns-default is-cropped\">\n<figure class=\"wp-block-image size-large\"><img loading=\"lazy\" width=\"1024\" height=\"683\" data-id=\"8687\"  src=\"https:\/\/arcampin.be\/secondaire\/wp-content\/uploads\/2023\/06\/351332657_953184235971866_9004261931840091103_n-1024x683.jpg\" alt=\"\" class=\"wp-image-8687\" srcset=\"https:\/\/arcampin.be\/secondaire\/wp-content\/uploads\/2023\/06\/351332657_953184235971866_9004261931840091103_n-1024x683.jpg 1024w, https:\/\/arcampin.be\/secondaire\/wp-content\/uploads\/2023\/06\/351332657_953184235971866_9004261931840091103_n-300x200.jpg 300w, https:\/\/arcampin.be\/secondaire\/wp-content\/uploads\/2023\/06\/351332657_953184235971866_9004261931840091103_n-768x512.jpg 768w, https:\/\/arcampin.be\/secondaire\/wp-content\/uploads\/2023\/06\/351332657_953184235971866_9004261931840091103_n-1536x1025.jpg 1536w, https:\/\/arcampin.be\/secondaire\/wp-content\/uploads\/2023\/06\/351332657_953184235971866_9004261931840091103_n.jpg 2048w\" sizes=\"(max-width: 1024px) 100vw, 1024px\" \/><\/figure>\n\n\n\n<figure class=\"wp-block-image size-large\"><img loading=\"lazy\" width=\"1024\" height=\"683\" data-id=\"8686\"  src=\"https:\/\/arcampin.be\/secondaire\/wp-content\/uploads\/2023\/06\/352335232_192885507055633_682522382721317307_n-1024x683.jpg\" alt=\"\" class=\"wp-image-8686\" srcset=\"https:\/\/arcampin.be\/secondaire\/wp-content\/uploads\/2023\/06\/352335232_192885507055633_682522382721317307_n-1024x683.jpg 1024w, https:\/\/arcampin.be\/secondaire\/wp-content\/uploads\/2023\/06\/352335232_192885507055633_682522382721317307_n-300x200.jpg 300w, https:\/\/arcampin.be\/secondaire\/wp-content\/uploads\/2023\/06\/352335232_192885507055633_682522382721317307_n-768x512.jpg 768w, https:\/\/arcampin.be\/secondaire\/wp-content\/uploads\/2023\/06\/352335232_192885507055633_682522382721317307_n-1536x1025.jpg 1536w, https:\/\/arcampin.be\/secondaire\/wp-content\/uploads\/2023\/06\/352335232_192885507055633_682522382721317307_n.jpg 2048w\" sizes=\"(max-width: 1024px) 100vw, 1024px\" \/><\/figure>\n<\/figure>\n\n\n<hr \/>\n<p>\u00a0<\/p>","protected":false},"excerpt":{"rendered":"<p>Les \u00e9l\u00e8ves de 5\u00e8me et 6\u00e8me option \u00e9ducation physique ont pr\u00e9sent\u00e9 leur examen: \u00ab\u00a0Triathlon Campin 2023\u00a0\u00bb, 400\/500 m de natation en eau libre, 11 km \u00e0 v\u00e9lo et 5,5\/7,5 km en course \u00e0 pieds. Sous le soleil, l&rsquo;\u00e9preuve fut une tr\u00e8s belle r\u00e9ussite et un challenge relev\u00e9 par tout nos \u00e9l\u00e8ves&#8230; Bravo et f\u00e9licitations \u00e0 &hellip; <a href=\"https:\/\/arcampin.be\/secondaire\/archives\/8684\" class=\"more-link\">Continuer la lecture de <span class=\"screen-reader-text\">Triathlon Campin 2023<\/span> <span class=\"meta-nav\">&rarr;<\/span><\/a><\/p>\n","protected":false},"author":2,"featured_media":0,"comment_status":"closed","ping_status":"open","sticky":false,"template":"","format":"standard","meta":{"jetpack_post_was_ever_published":false},"categories":[8],"tags":[],"jetpack_featured_media_url":"","_links":{"self":[{"href":"https:\/\/arcampin.be\/secondaire\/wp-json\/wp\/v2\/posts\/8684"}],"collection":[{"href":"https:\/\/arcampin.be\/secondaire\/wp-json\/wp\/v2\/posts"}],"about":[{"href":"https:\/\/arcampin.be\/secondaire\/wp-json\/wp\/v2\/types\/post"}],"author":[{"embeddable":true,"href":"https:\/\/arcampin.be\/secondaire\/wp-json\/wp\/v2\/users\/2"}],"replies":[{"embeddable":true,"href":"https:\/\/arcampin.be\/secondaire\/wp-json\/wp\/v2\/comments?post=8684"}],"version-history":[{"count":1,"href":"https:\/\/arcampin.be\/secondaire\/wp-json\/wp\/v2\/posts\/8684\/revisions"}],"predecessor-version":[{"id":8688,"href":"https:\/\/arcampin.be\/secondaire\/wp-json\/wp\/v2\/posts\/8684\/revisions\/8688"}],"wp:attachment":[{"href":"https:\/\/arcampin.be\/secondaire\/wp-json\/wp\/v2\/media?parent=8684"}],"wp:term":[{"taxonomy":"category","embeddable":true,"href":"https:\/\/arcampin.be\/secondaire\/wp-json\/wp\/v2\/categories?post=8684"},{"taxonomy":"post_tag","embeddable":true,"href":"https:\/\/arcampin.be\/secondaire\/wp-json\/wp\/v2\/tags?post=8684"}],"curies":[{"name":"wp","href":"https:\/\/api.w.org\/{rel}","templated":true}]}}