{"id":8620,"date":"2023-05-26T13:36:04","date_gmt":"2023-05-26T12:36:04","guid":{"rendered":"https:\/\/arcampin.be\/secondaire\/?p=8620"},"modified":"2023-05-26T13:44:18","modified_gmt":"2023-05-26T12:44:18","slug":"ils-ramenent-la-coupe-a-la-maison","status":"publish","type":"post","link":"https:\/\/arcampin.be\/secondaire\/archives\/8620","title":{"rendered":"Ils ram\u00e8nent la coupe \u00e0 la maison"},"content":{"rendered":"\n<figure class=\"wp-container-2 wp-block-gallery-1 wp-block-gallery has-nested-images columns-default is-cropped\">\n<figure class=\"wp-block-image size-large\"><img loading=\"lazy\" width=\"1024\" height=\"674\" data-id=\"8621\"  src=\"https:\/\/arcampin.be\/secondaire\/wp-content\/uploads\/2023\/05\/349745877_584880293625450_1465626894376493293_n-1024x674.jpg\" alt=\"\" class=\"wp-image-8621\" srcset=\"https:\/\/arcampin.be\/secondaire\/wp-content\/uploads\/2023\/05\/349745877_584880293625450_1465626894376493293_n-1024x674.jpg 1024w, https:\/\/arcampin.be\/secondaire\/wp-content\/uploads\/2023\/05\/349745877_584880293625450_1465626894376493293_n-300x197.jpg 300w, https:\/\/arcampin.be\/secondaire\/wp-content\/uploads\/2023\/05\/349745877_584880293625450_1465626894376493293_n-768x506.jpg 768w, https:\/\/arcampin.be\/secondaire\/wp-content\/uploads\/2023\/05\/349745877_584880293625450_1465626894376493293_n-1536x1011.jpg 1536w, https:\/\/arcampin.be\/secondaire\/wp-content\/uploads\/2023\/05\/349745877_584880293625450_1465626894376493293_n.jpg 2048w\" sizes=\"(max-width: 1024px) 100vw, 1024px\" \/><\/figure>\n<\/figure>\n\n\n<div dir=\"auto\"><em>F\u00e9licitations \u00e0 nos &#8211; de 16 ans qui ont remport\u00e9 ce jeudi 25 mai le 1er Tournoi de football inter scolaire des \u00e9tablissements secondaires WBE de notre zone!<\/em><\/div>\n<div dir=\"auto\">\u00a0<\/div>\n<div dir=\"auto\"><em>Nous remercions l\u2019Ath\u00e9n\u00e9e Royal F.Jacquemin de Comines de nous avoir re\u00e7us dans ses superbes installations et pour la parfaite organisation !\u00a0<\/em><\/div>\n<div dir=\"auto\"><em>F\u00e9licitations \u00e0 nos + de 16 ans qui n\u2019ont vraiment pas d\u00e9m\u00e9rit\u00e9 et se sont class\u00e9s \u00e0 une jolie 4\u00e8me place!\u00a0<\/em><\/div>\n<div dir=\"auto\">\u00a0<\/div>\n<div dir=\"auto\"><em>On retiendra pour nos deux \u00e9quipes la coh\u00e9sion sportive, le sens du collectif et la solidarit\u00e9 ! Vous avez port\u00e9 haut les couleurs de notre \u00e9tablissement avec un fair-play et une attitude exemplaire !\u00a0<\/em><\/div>\n<div dir=\"auto\">\u00a0<\/div>\n\n\n<figure class=\"wp-container-4 wp-block-gallery-3 wp-block-gallery has-nested-images columns-2 is-cropped\">\n<figure class=\"wp-block-image size-large\"><img loading=\"lazy\" width=\"1024\" height=\"774\" data-id=\"8623\"  src=\"https:\/\/arcampin.be\/secondaire\/wp-content\/uploads\/2023\/05\/349193875_952736495971191_8258264821732577090_n-1024x774.jpg\" alt=\"\" class=\"wp-image-8623\" srcset=\"https:\/\/arcampin.be\/secondaire\/wp-content\/uploads\/2023\/05\/349193875_952736495971191_8258264821732577090_n-1024x774.jpg 1024w, https:\/\/arcampin.be\/secondaire\/wp-content\/uploads\/2023\/05\/349193875_952736495971191_8258264821732577090_n-300x227.jpg 300w, https:\/\/arcampin.be\/secondaire\/wp-content\/uploads\/2023\/05\/349193875_952736495971191_8258264821732577090_n-768x581.jpg 768w, https:\/\/arcampin.be\/secondaire\/wp-content\/uploads\/2023\/05\/349193875_952736495971191_8258264821732577090_n-1536x1161.jpg 1536w, https:\/\/arcampin.be\/secondaire\/wp-content\/uploads\/2023\/05\/349193875_952736495971191_8258264821732577090_n.jpg 2048w\" sizes=\"(max-width: 1024px) 100vw, 1024px\" \/><\/figure>\n\n\n\n<figure class=\"wp-block-image size-large\"><img loading=\"lazy\" width=\"1024\" height=\"885\" data-id=\"8622\"  src=\"https:\/\/arcampin.be\/secondaire\/wp-content\/uploads\/2023\/05\/350036367_1934318123592139_9018684658498272925_n-1024x885.jpg\" alt=\"\" class=\"wp-image-8622\" srcset=\"https:\/\/arcampin.be\/secondaire\/wp-content\/uploads\/2023\/05\/350036367_1934318123592139_9018684658498272925_n-1024x885.jpg 1024w, https:\/\/arcampin.be\/secondaire\/wp-content\/uploads\/2023\/05\/350036367_1934318123592139_9018684658498272925_n-300x259.jpg 300w, https:\/\/arcampin.be\/secondaire\/wp-content\/uploads\/2023\/05\/350036367_1934318123592139_9018684658498272925_n-768x664.jpg 768w, https:\/\/arcampin.be\/secondaire\/wp-content\/uploads\/2023\/05\/350036367_1934318123592139_9018684658498272925_n-1536x1328.jpg 1536w, https:\/\/arcampin.be\/secondaire\/wp-content\/uploads\/2023\/05\/350036367_1934318123592139_9018684658498272925_n.jpg 2048w\" sizes=\"(max-width: 1024px) 100vw, 1024px\" \/><\/figure>\n\n\n\n<figure class=\"wp-block-image size-large\"><img loading=\"lazy\" width=\"1024\" height=\"768\" data-id=\"8624\"  src=\"https:\/\/arcampin.be\/secondaire\/wp-content\/uploads\/2023\/05\/349851138_146031311795384_8044116157772477461_n-1024x768.jpg\" alt=\"\" class=\"wp-image-8624\" srcset=\"https:\/\/arcampin.be\/secondaire\/wp-content\/uploads\/2023\/05\/349851138_146031311795384_8044116157772477461_n-1024x768.jpg 1024w, https:\/\/arcampin.be\/secondaire\/wp-content\/uploads\/2023\/05\/349851138_146031311795384_8044116157772477461_n-300x225.jpg 300w, https:\/\/arcampin.be\/secondaire\/wp-content\/uploads\/2023\/05\/349851138_146031311795384_8044116157772477461_n-768x576.jpg 768w, https:\/\/arcampin.be\/secondaire\/wp-content\/uploads\/2023\/05\/349851138_146031311795384_8044116157772477461_n-1536x1152.jpg 1536w, https:\/\/arcampin.be\/secondaire\/wp-content\/uploads\/2023\/05\/349851138_146031311795384_8044116157772477461_n.jpg 2048w\" sizes=\"(max-width: 1024px) 100vw, 1024px\" \/><\/figure>\n<\/figure>\n\n\n<p><em>Bravo \u00e9galement \u00e0 nos deux coachs du jour : Mrs Baudart et Tack !<\/em><\/p>\n\n<hr \/>\n<p>\u00a0<\/p>","protected":false},"excerpt":{"rendered":"<p>F\u00e9licitations \u00e0 nos &#8211; de 16 ans qui ont remport\u00e9 ce jeudi 25 mai le 1er Tournoi de football inter scolaire des \u00e9tablissements secondaires WBE de notre zone! \u00a0 Nous remercions l\u2019Ath\u00e9n\u00e9e Royal F.Jacquemin de Comines de nous avoir re\u00e7us dans ses superbes installations et pour la parfaite organisation !\u00a0 F\u00e9licitations \u00e0 nos + de &hellip; <a href=\"https:\/\/arcampin.be\/secondaire\/archives\/8620\" class=\"more-link\">Continuer la lecture de <span class=\"screen-reader-text\">Ils ram\u00e8nent la coupe \u00e0 la maison<\/span> <span class=\"meta-nav\">&rarr;<\/span><\/a><\/p>\n","protected":false},"author":2,"featured_media":0,"comment_status":"closed","ping_status":"open","sticky":false,"template":"","format":"standard","meta":{"jetpack_post_was_ever_published":false},"categories":[8],"tags":[],"jetpack_featured_media_url":"","_links":{"self":[{"href":"https:\/\/arcampin.be\/secondaire\/wp-json\/wp\/v2\/posts\/8620"}],"collection":[{"href":"https:\/\/arcampin.be\/secondaire\/wp-json\/wp\/v2\/posts"}],"about":[{"href":"https:\/\/arcampin.be\/secondaire\/wp-json\/wp\/v2\/types\/post"}],"author":[{"embeddable":true,"href":"https:\/\/arcampin.be\/secondaire\/wp-json\/wp\/v2\/users\/2"}],"replies":[{"embeddable":true,"href":"https:\/\/arcampin.be\/secondaire\/wp-json\/wp\/v2\/comments?post=8620"}],"version-history":[{"count":2,"href":"https:\/\/arcampin.be\/secondaire\/wp-json\/wp\/v2\/posts\/8620\/revisions"}],"predecessor-version":[{"id":8628,"href":"https:\/\/arcampin.be\/secondaire\/wp-json\/wp\/v2\/posts\/8620\/revisions\/8628"}],"wp:attachment":[{"href":"https:\/\/arcampin.be\/secondaire\/wp-json\/wp\/v2\/media?parent=8620"}],"wp:term":[{"taxonomy":"category","embeddable":true,"href":"https:\/\/arcampin.be\/secondaire\/wp-json\/wp\/v2\/categories?post=8620"},{"taxonomy":"post_tag","embeddable":true,"href":"https:\/\/arcampin.be\/secondaire\/wp-json\/wp\/v2\/tags?post=8620"}],"curies":[{"name":"wp","href":"https:\/\/api.w.org\/{rel}","templated":true}]}}