{"id":8597,"date":"2023-05-25T08:15:24","date_gmt":"2023-05-25T07:15:24","guid":{"rendered":"https:\/\/arcampin.be\/secondaire\/?p=8597"},"modified":"2023-05-25T08:16:17","modified_gmt":"2023-05-25T07:16:17","slug":"visite-du-musee","status":"publish","type":"post","link":"https:\/\/arcampin.be\/secondaire\/archives\/8597","title":{"rendered":"Visite du mus\u00e9e Delvaux"},"content":{"rendered":"\n<figure class=\"wp-container-2 wp-block-gallery-1 wp-block-gallery has-nested-images columns-default is-cropped\">\n<figure class=\"wp-block-image size-large\"><img loading=\"lazy\" width=\"1024\" height=\"768\" data-id=\"8602\"  src=\"https:\/\/arcampin.be\/secondaire\/wp-content\/uploads\/2023\/05\/348590633_1444861516281969_7296816310218520103_n-1024x768.jpg\" alt=\"\" class=\"wp-image-8602\" srcset=\"https:\/\/arcampin.be\/secondaire\/wp-content\/uploads\/2023\/05\/348590633_1444861516281969_7296816310218520103_n-1024x768.jpg 1024w, https:\/\/arcampin.be\/secondaire\/wp-content\/uploads\/2023\/05\/348590633_1444861516281969_7296816310218520103_n-300x225.jpg 300w, https:\/\/arcampin.be\/secondaire\/wp-content\/uploads\/2023\/05\/348590633_1444861516281969_7296816310218520103_n-768x576.jpg 768w, https:\/\/arcampin.be\/secondaire\/wp-content\/uploads\/2023\/05\/348590633_1444861516281969_7296816310218520103_n-1536x1152.jpg 1536w, https:\/\/arcampin.be\/secondaire\/wp-content\/uploads\/2023\/05\/348590633_1444861516281969_7296816310218520103_n.jpg 2048w\" sizes=\"(max-width: 1024px) 100vw, 1024px\" \/><\/figure>\n<\/figure>\n\n\n\n<figure class=\"wp-container-4 wp-block-gallery-3 wp-block-gallery has-nested-images columns-default is-cropped\">\n<figure class=\"wp-block-image size-large\"><img loading=\"lazy\" width=\"1024\" height=\"768\" data-id=\"8603\"  src=\"https:\/\/arcampin.be\/secondaire\/wp-content\/uploads\/2023\/05\/348926122_902259677739023_5861350547333917776_n-1024x768.jpg\" alt=\"\" class=\"wp-image-8603\" srcset=\"https:\/\/arcampin.be\/secondaire\/wp-content\/uploads\/2023\/05\/348926122_902259677739023_5861350547333917776_n-1024x768.jpg 1024w, https:\/\/arcampin.be\/secondaire\/wp-content\/uploads\/2023\/05\/348926122_902259677739023_5861350547333917776_n-300x225.jpg 300w, https:\/\/arcampin.be\/secondaire\/wp-content\/uploads\/2023\/05\/348926122_902259677739023_5861350547333917776_n-768x576.jpg 768w, https:\/\/arcampin.be\/secondaire\/wp-content\/uploads\/2023\/05\/348926122_902259677739023_5861350547333917776_n-1536x1152.jpg 1536w, https:\/\/arcampin.be\/secondaire\/wp-content\/uploads\/2023\/05\/348926122_902259677739023_5861350547333917776_n.jpg 2048w\" sizes=\"(max-width: 1024px) 100vw, 1024px\" \/><\/figure>\n\n\n\n<figure class=\"wp-block-image size-large\"><img loading=\"lazy\" width=\"1024\" height=\"768\" data-id=\"8604\"  src=\"https:\/\/arcampin.be\/secondaire\/wp-content\/uploads\/2023\/05\/348601246_1312236566031784_4868130259747968304_n-1024x768.jpg\" alt=\"\" class=\"wp-image-8604\" srcset=\"https:\/\/arcampin.be\/secondaire\/wp-content\/uploads\/2023\/05\/348601246_1312236566031784_4868130259747968304_n-1024x768.jpg 1024w, https:\/\/arcampin.be\/secondaire\/wp-content\/uploads\/2023\/05\/348601246_1312236566031784_4868130259747968304_n-300x225.jpg 300w, https:\/\/arcampin.be\/secondaire\/wp-content\/uploads\/2023\/05\/348601246_1312236566031784_4868130259747968304_n-768x576.jpg 768w, https:\/\/arcampin.be\/secondaire\/wp-content\/uploads\/2023\/05\/348601246_1312236566031784_4868130259747968304_n-1536x1152.jpg 1536w, https:\/\/arcampin.be\/secondaire\/wp-content\/uploads\/2023\/05\/348601246_1312236566031784_4868130259747968304_n.jpg 2048w\" sizes=\"(max-width: 1024px) 100vw, 1024px\" \/><\/figure>\n<\/figure>\n\n\n\n<p><em>Ce lundi, tous les \u00e9l\u00e8ves de 5e et leurs professeurs de fran\u00e7ais ont b\u00e9n\u00e9fici\u00e9 d&rsquo;une visite guid\u00e9e du magnifique mus\u00e9e Paul Delvaux \u00e0 la mer du Nord. Ils ont ainsi pu approfondir leurs connaissances du mouvement surr\u00e9aliste et d\u00e9couvrir l&rsquo;\u0153uvre d&rsquo;un artiste sensible et original.<\/em><\/p>\n\n\n\n<p><em>Une belle journ\u00e9e pour tout le monde<\/em>.<\/p>\n\n\n\n<figure class=\"wp-container-6 wp-block-gallery-5 wp-block-gallery has-nested-images columns-2 is-cropped\">\n<figure class=\"wp-block-image size-large\"><img loading=\"lazy\" width=\"768\" height=\"1024\" data-id=\"8598\"  src=\"https:\/\/arcampin.be\/secondaire\/wp-content\/uploads\/2023\/05\/348617606_640928811236519_5040155315782017660_n-768x1024.jpg\" alt=\"\" class=\"wp-image-8598\" srcset=\"https:\/\/arcampin.be\/secondaire\/wp-content\/uploads\/2023\/05\/348617606_640928811236519_5040155315782017660_n-768x1024.jpg 768w, https:\/\/arcampin.be\/secondaire\/wp-content\/uploads\/2023\/05\/348617606_640928811236519_5040155315782017660_n-225x300.jpg 225w, https:\/\/arcampin.be\/secondaire\/wp-content\/uploads\/2023\/05\/348617606_640928811236519_5040155315782017660_n-1152x1536.jpg 1152w, https:\/\/arcampin.be\/secondaire\/wp-content\/uploads\/2023\/05\/348617606_640928811236519_5040155315782017660_n.jpg 1536w\" sizes=\"(max-width: 768px) 100vw, 768px\" \/><\/figure>\n\n\n\n<figure class=\"wp-block-image size-large\"><img loading=\"lazy\" width=\"768\" height=\"1024\" data-id=\"8600\"  src=\"https:\/\/arcampin.be\/secondaire\/wp-content\/uploads\/2023\/05\/348842688_231894009538127_5248971825813671392_n-768x1024.jpg\" alt=\"\" class=\"wp-image-8600\" srcset=\"https:\/\/arcampin.be\/secondaire\/wp-content\/uploads\/2023\/05\/348842688_231894009538127_5248971825813671392_n-768x1024.jpg 768w, https:\/\/arcampin.be\/secondaire\/wp-content\/uploads\/2023\/05\/348842688_231894009538127_5248971825813671392_n-225x300.jpg 225w, https:\/\/arcampin.be\/secondaire\/wp-content\/uploads\/2023\/05\/348842688_231894009538127_5248971825813671392_n-1152x1536.jpg 1152w, https:\/\/arcampin.be\/secondaire\/wp-content\/uploads\/2023\/05\/348842688_231894009538127_5248971825813671392_n.jpg 1536w\" sizes=\"(max-width: 768px) 100vw, 768px\" \/><\/figure>\n\n\n\n<figure class=\"wp-block-image size-large\"><img loading=\"lazy\" width=\"768\" height=\"1024\" data-id=\"8599\"  src=\"https:\/\/arcampin.be\/secondaire\/wp-content\/uploads\/2023\/05\/348850915_6166536646767289_3143717719586800973_n-768x1024.jpg\" alt=\"\" class=\"wp-image-8599\" srcset=\"https:\/\/arcampin.be\/secondaire\/wp-content\/uploads\/2023\/05\/348850915_6166536646767289_3143717719586800973_n-768x1024.jpg 768w, https:\/\/arcampin.be\/secondaire\/wp-content\/uploads\/2023\/05\/348850915_6166536646767289_3143717719586800973_n-225x300.jpg 225w, https:\/\/arcampin.be\/secondaire\/wp-content\/uploads\/2023\/05\/348850915_6166536646767289_3143717719586800973_n-1152x1536.jpg 1152w, https:\/\/arcampin.be\/secondaire\/wp-content\/uploads\/2023\/05\/348850915_6166536646767289_3143717719586800973_n.jpg 1536w\" sizes=\"(max-width: 768px) 100vw, 768px\" \/><\/figure>\n\n\n\n<figure class=\"wp-block-image size-large\"><img loading=\"lazy\" width=\"768\" height=\"1024\" data-id=\"8601\"  src=\"https:\/\/arcampin.be\/secondaire\/wp-content\/uploads\/2023\/05\/348855995_1958577661175213_1614776790710135100_n-768x1024.jpg\" alt=\"\" class=\"wp-image-8601\" srcset=\"https:\/\/arcampin.be\/secondaire\/wp-content\/uploads\/2023\/05\/348855995_1958577661175213_1614776790710135100_n-768x1024.jpg 768w, https:\/\/arcampin.be\/secondaire\/wp-content\/uploads\/2023\/05\/348855995_1958577661175213_1614776790710135100_n-225x300.jpg 225w, https:\/\/arcampin.be\/secondaire\/wp-content\/uploads\/2023\/05\/348855995_1958577661175213_1614776790710135100_n-1152x1536.jpg 1152w, https:\/\/arcampin.be\/secondaire\/wp-content\/uploads\/2023\/05\/348855995_1958577661175213_1614776790710135100_n.jpg 1536w\" sizes=\"(max-width: 768px) 100vw, 768px\" \/><\/figure>\n<\/figure>\n\n\n\n<figure class=\"wp-container-8 wp-block-gallery-7 wp-block-gallery has-nested-images columns-default is-cropped\">\n<figure class=\"wp-block-image size-large\"><img loading=\"lazy\" width=\"1024\" height=\"768\" data-id=\"8605\"  src=\"https:\/\/arcampin.be\/secondaire\/wp-content\/uploads\/2023\/05\/348850370_221994610591112_2933870598834186662_n-1024x768.jpg\" alt=\"\" class=\"wp-image-8605\" srcset=\"https:\/\/arcampin.be\/secondaire\/wp-content\/uploads\/2023\/05\/348850370_221994610591112_2933870598834186662_n-1024x768.jpg 1024w, https:\/\/arcampin.be\/secondaire\/wp-content\/uploads\/2023\/05\/348850370_221994610591112_2933870598834186662_n-300x225.jpg 300w, https:\/\/arcampin.be\/secondaire\/wp-content\/uploads\/2023\/05\/348850370_221994610591112_2933870598834186662_n-768x576.jpg 768w, https:\/\/arcampin.be\/secondaire\/wp-content\/uploads\/2023\/05\/348850370_221994610591112_2933870598834186662_n-1536x1152.jpg 1536w, https:\/\/arcampin.be\/secondaire\/wp-content\/uploads\/2023\/05\/348850370_221994610591112_2933870598834186662_n.jpg 2048w\" sizes=\"(max-width: 1024px) 100vw, 1024px\" \/><\/figure>\n\n\n\n<figure class=\"wp-block-image size-large\"><img loading=\"lazy\" width=\"1024\" height=\"768\" data-id=\"8606\"  src=\"https:\/\/arcampin.be\/secondaire\/wp-content\/uploads\/2023\/05\/348966899_1381695666020113_7599486959947090699_n-1024x768.jpg\" alt=\"\" class=\"wp-image-8606\" srcset=\"https:\/\/arcampin.be\/secondaire\/wp-content\/uploads\/2023\/05\/348966899_1381695666020113_7599486959947090699_n-1024x768.jpg 1024w, https:\/\/arcampin.be\/secondaire\/wp-content\/uploads\/2023\/05\/348966899_1381695666020113_7599486959947090699_n-300x225.jpg 300w, https:\/\/arcampin.be\/secondaire\/wp-content\/uploads\/2023\/05\/348966899_1381695666020113_7599486959947090699_n-768x576.jpg 768w, https:\/\/arcampin.be\/secondaire\/wp-content\/uploads\/2023\/05\/348966899_1381695666020113_7599486959947090699_n-1536x1152.jpg 1536w, https:\/\/arcampin.be\/secondaire\/wp-content\/uploads\/2023\/05\/348966899_1381695666020113_7599486959947090699_n.jpg 2048w\" sizes=\"(max-width: 1024px) 100vw, 1024px\" \/><\/figure>\n<\/figure>\n\n\n<hr \/>\n<p>\u00a0<\/p>","protected":false},"excerpt":{"rendered":"<p>Ce lundi, tous les \u00e9l\u00e8ves de 5e et leurs professeurs de fran\u00e7ais ont b\u00e9n\u00e9fici\u00e9 d&rsquo;une visite guid\u00e9e du magnifique mus\u00e9e Paul Delvaux \u00e0 la mer du Nord. Ils ont ainsi pu approfondir leurs connaissances du mouvement surr\u00e9aliste et d\u00e9couvrir l&rsquo;\u0153uvre d&rsquo;un artiste sensible et original. Une belle journ\u00e9e pour tout le monde. \u00a0<\/p>\n","protected":false},"author":2,"featured_media":0,"comment_status":"closed","ping_status":"open","sticky":false,"template":"","format":"standard","meta":{"jetpack_post_was_ever_published":false},"categories":[25],"tags":[],"jetpack_featured_media_url":"","_links":{"self":[{"href":"https:\/\/arcampin.be\/secondaire\/wp-json\/wp\/v2\/posts\/8597"}],"collection":[{"href":"https:\/\/arcampin.be\/secondaire\/wp-json\/wp\/v2\/posts"}],"about":[{"href":"https:\/\/arcampin.be\/secondaire\/wp-json\/wp\/v2\/types\/post"}],"author":[{"embeddable":true,"href":"https:\/\/arcampin.be\/secondaire\/wp-json\/wp\/v2\/users\/2"}],"replies":[{"embeddable":true,"href":"https:\/\/arcampin.be\/secondaire\/wp-json\/wp\/v2\/comments?post=8597"}],"version-history":[{"count":2,"href":"https:\/\/arcampin.be\/secondaire\/wp-json\/wp\/v2\/posts\/8597\/revisions"}],"predecessor-version":[{"id":8608,"href":"https:\/\/arcampin.be\/secondaire\/wp-json\/wp\/v2\/posts\/8597\/revisions\/8608"}],"wp:attachment":[{"href":"https:\/\/arcampin.be\/secondaire\/wp-json\/wp\/v2\/media?parent=8597"}],"wp:term":[{"taxonomy":"category","embeddable":true,"href":"https:\/\/arcampin.be\/secondaire\/wp-json\/wp\/v2\/categories?post=8597"},{"taxonomy":"post_tag","embeddable":true,"href":"https:\/\/arcampin.be\/secondaire\/wp-json\/wp\/v2\/tags?post=8597"}],"curies":[{"name":"wp","href":"https:\/\/api.w.org\/{rel}","templated":true}]}}