{"id":8594,"date":"2023-05-30T09:35:45","date_gmt":"2023-05-30T08:35:45","guid":{"rendered":"https:\/\/arcampin.be\/secondaire\/?p=8594"},"modified":"2023-09-12T09:26:16","modified_gmt":"2023-09-12T08:26:16","slug":"planning-de-fin-dannee-2023","status":"publish","type":"post","link":"https:\/\/arcampin.be\/secondaire\/archives\/8594","title":{"rendered":"Planning de la fin d&rsquo;ann\u00e9e scolaire et de la rentr\u00e9e"},"content":{"rendered":"<h3><strong>Planning de la fin d&rsquo;ann\u00e9e scolaire :<\/strong><\/h3>\n\n\n<figure class=\"wp-block-table is-style-stripes\"><table class=\"has-dark-gray-color has-white-background-color has-text-color has-background\"><tbody><tr><td><strong>Jeudi 29\/06 :<\/strong><\/td><td><em>Affichage des r\u00e9sultats : 3\u00e8me et 4\u00e8me secondaire<\/em><\/td><td>13h<\/td><\/tr><tr><td><strong>Jeudi 29\/06 :<\/strong><\/td><td><em>Affichage des r\u00e9sultats : 5\u00e8me et 6\u00e8me secondaire<\/em><\/td><td>17h<\/td><\/tr><tr><td><strong>Vendredi 30\/06 :<\/strong><\/td><td><em>Affichage des r\u00e9sultats : 1\u00e8re et 2\u00e8me secondaire<\/em><\/td><td>13h<\/td><\/tr><tr><td><strong>Vendredi 30\/06 :<\/strong><\/td><td><em>Consultation des copies d&rsquo;examens<\/em><\/td><td>De 15h \u00e0 17h<\/td><\/tr><tr><td><strong>Lundi 03\/07 :<\/strong><\/td><td><em>Recours interne<\/em><\/td><td>De 8h \u00e0 15h<\/td><\/tr><tr><td><strong>Mardi 04\/07 :<\/strong><\/td><td><em>Recours interne<\/em><\/td><td>De 8h \u00e0 15h<\/td><\/tr><tr><td><strong>Jeudi 06\/07 :<\/strong><\/td><td><em>Remise des bulletins + mati\u00e8re d&rsquo;examens de passage<\/em><\/td><td>De 9h \u00e0 12h<\/td><\/tr><tr><td><strong>Jeudi 06\/07 :<\/strong><\/td><td><em>Proclamation des rh\u00e9tos<\/em><\/td><td>18h<\/td><\/tr><\/tbody><\/table><\/figure>\n\n\n<h3><strong>Planning de la rentr\u00e9e scolaire 2023 :<\/strong><\/h3>\n\n\n<figure class=\"wp-block-table is-style-stripes\"><table class=\"has-dark-gray-color has-white-background-color has-text-color has-background\"><tbody><tr><td><strong>Lundi 28 ao\u00fbt<\/strong><\/td><td><em>Rentr\u00e9e des classes &#8211; 1\u00e8re ann\u00e9e<\/em><\/td><td>De 8h10 \u00e0 11h50<\/td><\/tr><tr><td><strong>Lundi 28 ao\u00fbt<\/strong><\/td><td><em>Examens de 2\u00e8me session<\/em><\/td><td><a href=\"https:\/\/arcampin.be\/secondaire\/wp-content\/uploads\/2023\/07\/Horaires-Examens-de-passage-aout-2023.pdf\" target=\"_blank\" rel=\"noreferrer noopener\">Voir horaire dans le bulletin ou ci-joint<\/a><\/td><\/tr><tr><td><strong>Mardi 29 ao\u00fbt<\/strong><\/td><td><em>Examens de 2\u00e8me session<\/em><\/td><td><a rel=\"noreferrer noopener\" href=\"https:\/\/arcampin.be\/secondaire\/wp-content\/uploads\/2023\/07\/Horaires-Examens-de-passage-aout-2023.pdf\" target=\"_blank\">Voir horaire dans le bulletin ou ci-joint<\/a><\/td><\/tr><tr><td><strong>Mercredi 30 ao\u00fbt<\/strong><\/td><td><em>Affichage des r\u00e9sultats de 2\u00e8me session<br>2\u00e8me et 3\u00e8me ann\u00e9e<\/em><\/td><td>De 14h \u00e0 15h<\/td><\/tr><tr><td><strong>Mercredi 30 ao\u00fbt<\/strong><\/td><td><em>Affichage des r\u00e9sultats de 2\u00e8me session<br>4\u00e8me, 5\u00e8me et 6\u00e8me ann\u00e9e<\/em><\/td><td>De 12h30 \u00e0 13h30<\/td><\/tr><tr><td><strong>Mercredi 30 ao\u00fbt<\/strong><\/td><td><em>Consultation des copies<\/em><\/td><td>De 14h \u00e0 15h30<\/td><\/tr><tr><td><strong>Jeudi 31 ao\u00fbt<\/strong><\/td><td><em>Rentr\u00e9e des classes &#8211; 2\u00e8me et 3\u00e8me ann\u00e9e<\/em><\/td><td>8h10<\/td><\/tr><tr><td><strong>Jeudi 31 ao\u00fbt<\/strong><\/td><td><em>Recours<\/em><\/td><td>De 8h \u00e0 15h<\/td><\/tr><tr><td><strong>Jeudi 31 ao\u00fbt<\/strong><\/td><td><em>Rentr\u00e9e des classes &#8211;<\/em> <em>4\u00e8me, 5\u00e8me et 6\u00e8me ann\u00e9e<\/em><\/td><td>9h00<\/td><\/tr><tr><td><strong>Vendredi 1er septembre<\/strong><\/td><td><em>Recours<\/em> <\/td><td>De 8h \u00e0 15h<\/td><\/tr><\/tbody><\/table><\/figure>\n\n\n\n<p><em>Le 31 ao\u00fbt, les cours se termineront selon l&rsquo;horaire \u00e0 15h55 au plus tard.<\/em><\/p>\n","protected":false},"excerpt":{"rendered":"<p>Planning de la fin d&rsquo;ann\u00e9e scolaire : Jeudi 29\/06 : Affichage des r\u00e9sultats : 3\u00e8me et 4\u00e8me secondaire 13h Jeudi 29\/06 : Affichage des r\u00e9sultats : 5\u00e8me et 6\u00e8me secondaire 17h Vendredi 30\/06 : Affichage des r\u00e9sultats : 1\u00e8re et 2\u00e8me secondaire 13h Vendredi 30\/06 : Consultation des copies d&rsquo;examens De 15h \u00e0 17h Lundi &hellip; <a href=\"https:\/\/arcampin.be\/secondaire\/archives\/8594\" class=\"more-link\">Continuer la lecture de <span class=\"screen-reader-text\">Planning de la fin d&rsquo;ann\u00e9e scolaire et de la rentr\u00e9e<\/span> <span class=\"meta-nav\">&rarr;<\/span><\/a><\/p>\n","protected":false},"author":2,"featured_media":2334,"comment_status":"closed","ping_status":"open","sticky":false,"template":"","format":"standard","meta":{"jetpack_post_was_ever_published":false},"categories":[6],"tags":[],"jetpack_featured_media_url":"https:\/\/arcampin.be\/secondaire\/wp-content\/uploads\/2017\/06\/Agenda.jpg","_links":{"self":[{"href":"https:\/\/arcampin.be\/secondaire\/wp-json\/wp\/v2\/posts\/8594"}],"collection":[{"href":"https:\/\/arcampin.be\/secondaire\/wp-json\/wp\/v2\/posts"}],"about":[{"href":"https:\/\/arcampin.be\/secondaire\/wp-json\/wp\/v2\/types\/post"}],"author":[{"embeddable":true,"href":"https:\/\/arcampin.be\/secondaire\/wp-json\/wp\/v2\/users\/2"}],"replies":[{"embeddable":true,"href":"https:\/\/arcampin.be\/secondaire\/wp-json\/wp\/v2\/comments?post=8594"}],"version-history":[{"count":20,"href":"https:\/\/arcampin.be\/secondaire\/wp-json\/wp\/v2\/posts\/8594\/revisions"}],"predecessor-version":[{"id":8774,"href":"https:\/\/arcampin.be\/secondaire\/wp-json\/wp\/v2\/posts\/8594\/revisions\/8774"}],"wp:featuredmedia":[{"embeddable":true,"href":"https:\/\/arcampin.be\/secondaire\/wp-json\/wp\/v2\/media\/2334"}],"wp:attachment":[{"href":"https:\/\/arcampin.be\/secondaire\/wp-json\/wp\/v2\/media?parent=8594"}],"wp:term":[{"taxonomy":"category","embeddable":true,"href":"https:\/\/arcampin.be\/secondaire\/wp-json\/wp\/v2\/categories?post=8594"},{"taxonomy":"post_tag","embeddable":true,"href":"https:\/\/arcampin.be\/secondaire\/wp-json\/wp\/v2\/tags?post=8594"}],"curies":[{"name":"wp","href":"https:\/\/api.w.org\/{rel}","templated":true}]}}