{"id":8544,"date":"2023-05-15T07:53:27","date_gmt":"2023-05-15T06:53:27","guid":{"rendered":"https:\/\/arcampin.be\/secondaire\/?p=8544"},"modified":"2023-05-15T07:53:27","modified_gmt":"2023-05-15T06:53:27","slug":"piece-de-theatre-de-thomas-delvaux-boule-de-berlin","status":"publish","type":"post","link":"https:\/\/arcampin.be\/secondaire\/archives\/8544","title":{"rendered":"Pi\u00e8ce de th\u00e9\u00e2tre de Thomas Delvaux \u00ab\u00a0Boule de Berlin\u00a0\u00bb"},"content":{"rendered":"\n<figure class=\"wp-block-image size-large\"><img loading=\"lazy\" width=\"1024\" height=\"768\" src=\"https:\/\/arcampin.be\/secondaire\/wp-content\/uploads\/2023\/05\/343466952_852978713155278_5156936665627075784_n-1024x768.jpg\" alt=\"\" class=\"wp-image-8545\" srcset=\"https:\/\/arcampin.be\/secondaire\/wp-content\/uploads\/2023\/05\/343466952_852978713155278_5156936665627075784_n-1024x768.jpg 1024w, https:\/\/arcampin.be\/secondaire\/wp-content\/uploads\/2023\/05\/343466952_852978713155278_5156936665627075784_n-300x225.jpg 300w, https:\/\/arcampin.be\/secondaire\/wp-content\/uploads\/2023\/05\/343466952_852978713155278_5156936665627075784_n-768x576.jpg 768w, https:\/\/arcampin.be\/secondaire\/wp-content\/uploads\/2023\/05\/343466952_852978713155278_5156936665627075784_n-1536x1152.jpg 1536w, https:\/\/arcampin.be\/secondaire\/wp-content\/uploads\/2023\/05\/343466952_852978713155278_5156936665627075784_n.jpg 2048w\" sizes=\"(max-width: 1024px) 100vw, 1024px\" \/><\/figure>\n\n\n<p><em>Ce vendredi 28 avril, les \u00e9l\u00e8ves de 1\u00e8re secondaire ont pu assister \u00e0 la pi\u00e8ce de th\u00e9\u00e2tre de Thomas Delvaux, \u00ab\u00a0Boule de Berlin\u00a0\u00bb. Ils ont ainsi fait l&rsquo;exp\u00e9rience du th\u00e9\u00e2tre tout en approfondissant leurs connaissances sur les contes. Les rires \u00e9taient au rendez-vous en cette veille de vacances. <\/em><\/p>\n\n<hr \/>\n<p>\u00a0<\/p>","protected":false},"excerpt":{"rendered":"<p>Ce vendredi 28 avril, les \u00e9l\u00e8ves de 1\u00e8re secondaire ont pu assister \u00e0 la pi\u00e8ce de th\u00e9\u00e2tre de Thomas Delvaux, \u00ab\u00a0Boule de Berlin\u00a0\u00bb. Ils ont ainsi fait l&rsquo;exp\u00e9rience du th\u00e9\u00e2tre tout en approfondissant leurs connaissances sur les contes. Les rires \u00e9taient au rendez-vous en cette veille de vacances. \u00a0<\/p>\n","protected":false},"author":2,"featured_media":0,"comment_status":"closed","ping_status":"open","sticky":false,"template":"","format":"standard","meta":{"jetpack_post_was_ever_published":false},"categories":[16],"tags":[],"jetpack_featured_media_url":"","_links":{"self":[{"href":"https:\/\/arcampin.be\/secondaire\/wp-json\/wp\/v2\/posts\/8544"}],"collection":[{"href":"https:\/\/arcampin.be\/secondaire\/wp-json\/wp\/v2\/posts"}],"about":[{"href":"https:\/\/arcampin.be\/secondaire\/wp-json\/wp\/v2\/types\/post"}],"author":[{"embeddable":true,"href":"https:\/\/arcampin.be\/secondaire\/wp-json\/wp\/v2\/users\/2"}],"replies":[{"embeddable":true,"href":"https:\/\/arcampin.be\/secondaire\/wp-json\/wp\/v2\/comments?post=8544"}],"version-history":[{"count":1,"href":"https:\/\/arcampin.be\/secondaire\/wp-json\/wp\/v2\/posts\/8544\/revisions"}],"predecessor-version":[{"id":8546,"href":"https:\/\/arcampin.be\/secondaire\/wp-json\/wp\/v2\/posts\/8544\/revisions\/8546"}],"wp:attachment":[{"href":"https:\/\/arcampin.be\/secondaire\/wp-json\/wp\/v2\/media?parent=8544"}],"wp:term":[{"taxonomy":"category","embeddable":true,"href":"https:\/\/arcampin.be\/secondaire\/wp-json\/wp\/v2\/categories?post=8544"},{"taxonomy":"post_tag","embeddable":true,"href":"https:\/\/arcampin.be\/secondaire\/wp-json\/wp\/v2\/tags?post=8544"}],"curies":[{"name":"wp","href":"https:\/\/api.w.org\/{rel}","templated":true}]}}