{"id":8282,"date":"2023-04-24T06:44:24","date_gmt":"2023-04-24T05:44:24","guid":{"rendered":"https:\/\/arcampin.be\/secondaire\/?p=8282"},"modified":"2023-05-15T07:34:17","modified_gmt":"2023-05-15T06:34:17","slug":"a-la-rencontre-du-benin","status":"publish","type":"post","link":"https:\/\/arcampin.be\/secondaire\/archives\/8282","title":{"rendered":"\u00c0 la rencontre du B\u00e9nin"},"content":{"rendered":"\n<figure class=\"wp-container-2 wp-block-gallery-1 wp-block-gallery has-nested-images columns-default is-cropped\">\n<figure class=\"wp-block-image size-large\"><img loading=\"lazy\" width=\"1024\" height=\"577\" data-id=\"8283\"  src=\"https:\/\/arcampin.be\/secondaire\/wp-content\/uploads\/2023\/04\/339299138_1200253197319493_3330515174101255809_n-1024x577.jpg\" alt=\"\" class=\"wp-image-8283\" srcset=\"https:\/\/arcampin.be\/secondaire\/wp-content\/uploads\/2023\/04\/339299138_1200253197319493_3330515174101255809_n-1024x577.jpg 1024w, https:\/\/arcampin.be\/secondaire\/wp-content\/uploads\/2023\/04\/339299138_1200253197319493_3330515174101255809_n-300x169.jpg 300w, https:\/\/arcampin.be\/secondaire\/wp-content\/uploads\/2023\/04\/339299138_1200253197319493_3330515174101255809_n-768x433.jpg 768w, https:\/\/arcampin.be\/secondaire\/wp-content\/uploads\/2023\/04\/339299138_1200253197319493_3330515174101255809_n-1536x866.jpg 1536w, https:\/\/arcampin.be\/secondaire\/wp-content\/uploads\/2023\/04\/339299138_1200253197319493_3330515174101255809_n.jpg 2048w\" sizes=\"(max-width: 1024px) 100vw, 1024px\" \/><\/figure>\n<\/figure>\n\n\n<div class=\"x11i5rnm xat24cr x1mh8g0r x1vvkbs xdj266r x126k92a\">\n<div dir=\"auto\"><em>C\u2019est le jour J pour nos 17 \u00e9tudiants de 5\u00e8me et 6\u00e8me secondaire, Mesdames Castel, Chapitre et Monsieur Baudart.<\/em><\/div>\n<div dir=\"auto\">&nbsp;<\/div>\n<\/div>\n<div class=\"x11i5rnm xat24cr x1mh8g0r x1vvkbs xtlvy1s x126k92a\">\n<div dir=\"auto\"><em>Dans le cadre du projet Move With Africa et accompagn\u00e9s par l\u2019ONG Iles de paix, ils s\u2019envolent ce midi pour le sud du B\u00e9nin !<\/em><\/div>\n<div dir=\"auto\">&nbsp;<\/div>\n<\/div>\n<div class=\"x11i5rnm xat24cr x1mh8g0r x1vvkbs xtlvy1s x126k92a\">\n<div dir=\"auto\"><em>Un voyage de 10 jours \u00e0 la rencontre des habitants et de leur culture\u2026 &nbsp;Une immersion afin de sensibiliser nos jeunes \u00e0 la probl\u00e9matique des relations nord-sud !<\/em><\/div>\n<\/div>\n<div class=\"x11i5rnm xat24cr x1mh8g0r x1vvkbs xtlvy1s x126k92a\">\n<div dir=\"auto\"><em>Un \u00e9change interculturel et une exp\u00e9rience unique pour nos \u00e9l\u00e8ves dans le contexte de la citoyennet\u00e9 mondiale et solidaire.<\/em><\/div>\n<div dir=\"auto\">&nbsp;<\/div>\n<\/div>\n<div class=\"x11i5rnm xat24cr x1mh8g0r x1vvkbs xtlvy1s x126k92a\">\n<div dir=\"auto\"><em>Sachez d\u00e9j\u00e0 qu\u2019une mini-exposition de notre voyage sera pr\u00e9sent\u00e9e lors de nos portes ouvertes le samedi 03 juin.<\/em><\/div>\n<div dir=\"auto\">&nbsp;<\/div>\n<\/div>\n<div class=\"x11i5rnm xat24cr x1mh8g0r x1vvkbs xtlvy1s x126k92a\">\n<div dir=\"auto\"><em>Que l\u2019aventure commence\u2026 Bon voyage et belle immersion \u00e0 tous !<\/em><\/div>\n<div dir=\"auto\">&nbsp;<\/div>\n<\/div>\n\n\n<figure class=\"wp-container-4 wp-block-gallery-3 wp-block-gallery has-nested-images columns-1 is-cropped\">\n<figure class=\"wp-block-image size-large\"><img loading=\"lazy\" width=\"1024\" height=\"768\" data-id=\"8284\"  src=\"https:\/\/arcampin.be\/secondaire\/wp-content\/uploads\/2023\/04\/342613033_622144139394243_571962437383094739_n-1024x768.jpg\" alt=\"\" class=\"wp-image-8284\" srcset=\"https:\/\/arcampin.be\/secondaire\/wp-content\/uploads\/2023\/04\/342613033_622144139394243_571962437383094739_n-1024x768.jpg 1024w, https:\/\/arcampin.be\/secondaire\/wp-content\/uploads\/2023\/04\/342613033_622144139394243_571962437383094739_n-300x225.jpg 300w, https:\/\/arcampin.be\/secondaire\/wp-content\/uploads\/2023\/04\/342613033_622144139394243_571962437383094739_n-768x576.jpg 768w, https:\/\/arcampin.be\/secondaire\/wp-content\/uploads\/2023\/04\/342613033_622144139394243_571962437383094739_n-1536x1152.jpg 1536w, https:\/\/arcampin.be\/secondaire\/wp-content\/uploads\/2023\/04\/342613033_622144139394243_571962437383094739_n.jpg 2048w\" sizes=\"(max-width: 1024px) 100vw, 1024px\" \/><\/figure>\n\n\n\n<figure class=\"wp-block-image size-large\"><img loading=\"lazy\" width=\"1024\" height=\"768\" data-id=\"8285\"  src=\"https:\/\/arcampin.be\/secondaire\/wp-content\/uploads\/2023\/04\/342650686_3498397923762709_6488542870825843686_n-1024x768.jpg\" alt=\"\" class=\"wp-image-8285\" srcset=\"https:\/\/arcampin.be\/secondaire\/wp-content\/uploads\/2023\/04\/342650686_3498397923762709_6488542870825843686_n-1024x768.jpg 1024w, https:\/\/arcampin.be\/secondaire\/wp-content\/uploads\/2023\/04\/342650686_3498397923762709_6488542870825843686_n-300x225.jpg 300w, https:\/\/arcampin.be\/secondaire\/wp-content\/uploads\/2023\/04\/342650686_3498397923762709_6488542870825843686_n-768x576.jpg 768w, https:\/\/arcampin.be\/secondaire\/wp-content\/uploads\/2023\/04\/342650686_3498397923762709_6488542870825843686_n-1536x1152.jpg 1536w, https:\/\/arcampin.be\/secondaire\/wp-content\/uploads\/2023\/04\/342650686_3498397923762709_6488542870825843686_n.jpg 2048w\" sizes=\"(max-width: 1024px) 100vw, 1024px\" \/><\/figure>\n<\/figure>\n\n\n\n<figure class=\"wp-container-6 wp-block-gallery-5 wp-block-gallery has-nested-images columns-default is-cropped\">\n<figure class=\"wp-block-image size-large\"><img loading=\"lazy\" width=\"1024\" height=\"768\" data-id=\"8378\"  src=\"https:\/\/arcampin.be\/secondaire\/wp-content\/uploads\/2023\/04\/342738428_252319300605930_4174638879641834811_n-1024x768.jpg\" alt=\"\" class=\"wp-image-8378\" srcset=\"https:\/\/arcampin.be\/secondaire\/wp-content\/uploads\/2023\/04\/342738428_252319300605930_4174638879641834811_n-1024x768.jpg 1024w, https:\/\/arcampin.be\/secondaire\/wp-content\/uploads\/2023\/04\/342738428_252319300605930_4174638879641834811_n-300x225.jpg 300w, https:\/\/arcampin.be\/secondaire\/wp-content\/uploads\/2023\/04\/342738428_252319300605930_4174638879641834811_n-768x576.jpg 768w, https:\/\/arcampin.be\/secondaire\/wp-content\/uploads\/2023\/04\/342738428_252319300605930_4174638879641834811_n-1536x1152.jpg 1536w, https:\/\/arcampin.be\/secondaire\/wp-content\/uploads\/2023\/04\/342738428_252319300605930_4174638879641834811_n.jpg 2048w\" sizes=\"(max-width: 1024px) 100vw, 1024px\" \/><\/figure>\n<\/figure>\n\n\n<div class=\"x11i5rnm xat24cr x1mh8g0r x1vvkbs xtlvy1s x126k92a\">\n<div dir=\"auto\"><em>Depuis deux jours, nous d\u00e9couvrons la vall\u00e9e du Sitatunga! Nous sommes all\u00e9s \u00e0 la rencontre de l\u2019ONG CREDI (Centre r\u00e9gional de recherche pour un d\u00e9veloppement int\u00e9gr\u00e9) qui nous a fait conna\u00eetre ses projets agricoles, animaliers et durables. De riches \u00e9changes en ont d\u00e9coul\u00e9!<\/em><\/div>\n<div dir=\"auto\">&nbsp;<\/div>\n<\/div>\n\n\n<figure class=\"wp-container-8 wp-block-gallery-7 wp-block-gallery has-nested-images columns-default is-cropped\">\n<figure class=\"wp-block-image size-large\"><img loading=\"lazy\" width=\"768\" height=\"1024\" data-id=\"8381\"  src=\"https:\/\/arcampin.be\/secondaire\/wp-content\/uploads\/2023\/04\/342843863_174398092212450_1448715719530437274_n-768x1024.jpg\" alt=\"\" class=\"wp-image-8381\" srcset=\"https:\/\/arcampin.be\/secondaire\/wp-content\/uploads\/2023\/04\/342843863_174398092212450_1448715719530437274_n-768x1024.jpg 768w, https:\/\/arcampin.be\/secondaire\/wp-content\/uploads\/2023\/04\/342843863_174398092212450_1448715719530437274_n-225x300.jpg 225w, https:\/\/arcampin.be\/secondaire\/wp-content\/uploads\/2023\/04\/342843863_174398092212450_1448715719530437274_n-1152x1536.jpg 1152w, https:\/\/arcampin.be\/secondaire\/wp-content\/uploads\/2023\/04\/342843863_174398092212450_1448715719530437274_n.jpg 1536w\" sizes=\"(max-width: 768px) 100vw, 768px\" \/><\/figure>\n\n\n\n<figure class=\"wp-block-image size-large\"><img loading=\"lazy\" width=\"768\" height=\"1024\" data-id=\"8383\"  src=\"https:\/\/arcampin.be\/secondaire\/wp-content\/uploads\/2023\/04\/342859200_189830900540399_3459996373347790190_n-768x1024.jpg\" alt=\"\" class=\"wp-image-8383\" srcset=\"https:\/\/arcampin.be\/secondaire\/wp-content\/uploads\/2023\/04\/342859200_189830900540399_3459996373347790190_n-768x1024.jpg 768w, https:\/\/arcampin.be\/secondaire\/wp-content\/uploads\/2023\/04\/342859200_189830900540399_3459996373347790190_n-225x300.jpg 225w, https:\/\/arcampin.be\/secondaire\/wp-content\/uploads\/2023\/04\/342859200_189830900540399_3459996373347790190_n-1152x1536.jpg 1152w, https:\/\/arcampin.be\/secondaire\/wp-content\/uploads\/2023\/04\/342859200_189830900540399_3459996373347790190_n.jpg 1536w\" sizes=\"(max-width: 768px) 100vw, 768px\" \/><\/figure>\n\n\n\n<figure class=\"wp-block-image size-large\"><img loading=\"lazy\" width=\"768\" height=\"1024\" data-id=\"8379\"  src=\"https:\/\/arcampin.be\/secondaire\/wp-content\/uploads\/2023\/04\/342738428_550805750596973_4667635386483582416_n-768x1024.jpg\" alt=\"\" class=\"wp-image-8379\" srcset=\"https:\/\/arcampin.be\/secondaire\/wp-content\/uploads\/2023\/04\/342738428_550805750596973_4667635386483582416_n-768x1024.jpg 768w, https:\/\/arcampin.be\/secondaire\/wp-content\/uploads\/2023\/04\/342738428_550805750596973_4667635386483582416_n-225x300.jpg 225w, https:\/\/arcampin.be\/secondaire\/wp-content\/uploads\/2023\/04\/342738428_550805750596973_4667635386483582416_n-1152x1536.jpg 1152w, https:\/\/arcampin.be\/secondaire\/wp-content\/uploads\/2023\/04\/342738428_550805750596973_4667635386483582416_n.jpg 1536w\" sizes=\"(max-width: 768px) 100vw, 768px\" \/><\/figure>\n\n\n\n<figure class=\"wp-block-image size-large\"><img loading=\"lazy\" width=\"824\" height=\"1024\" data-id=\"8382\"  src=\"https:\/\/arcampin.be\/secondaire\/wp-content\/uploads\/2023\/04\/342845032_636834598313620_7322296617574311535_n-824x1024.jpg\" alt=\"\" class=\"wp-image-8382\" srcset=\"https:\/\/arcampin.be\/secondaire\/wp-content\/uploads\/2023\/04\/342845032_636834598313620_7322296617574311535_n-824x1024.jpg 824w, https:\/\/arcampin.be\/secondaire\/wp-content\/uploads\/2023\/04\/342845032_636834598313620_7322296617574311535_n-241x300.jpg 241w, https:\/\/arcampin.be\/secondaire\/wp-content\/uploads\/2023\/04\/342845032_636834598313620_7322296617574311535_n-768x954.jpg 768w, https:\/\/arcampin.be\/secondaire\/wp-content\/uploads\/2023\/04\/342845032_636834598313620_7322296617574311535_n-1236x1536.jpg 1236w, https:\/\/arcampin.be\/secondaire\/wp-content\/uploads\/2023\/04\/342845032_636834598313620_7322296617574311535_n.jpg 1648w\" sizes=\"(max-width: 824px) 100vw, 824px\" \/><\/figure>\n\n\n\n<figure class=\"wp-block-image size-large\"><img loading=\"lazy\" width=\"768\" height=\"1024\" data-id=\"8380\"  src=\"https:\/\/arcampin.be\/secondaire\/wp-content\/uploads\/2023\/04\/342784550_620241926328407_4880140093196271238_n-768x1024.jpg\" alt=\"\" class=\"wp-image-8380\" srcset=\"https:\/\/arcampin.be\/secondaire\/wp-content\/uploads\/2023\/04\/342784550_620241926328407_4880140093196271238_n-768x1024.jpg 768w, https:\/\/arcampin.be\/secondaire\/wp-content\/uploads\/2023\/04\/342784550_620241926328407_4880140093196271238_n-225x300.jpg 225w, https:\/\/arcampin.be\/secondaire\/wp-content\/uploads\/2023\/04\/342784550_620241926328407_4880140093196271238_n-1152x1536.jpg 1152w, https:\/\/arcampin.be\/secondaire\/wp-content\/uploads\/2023\/04\/342784550_620241926328407_4880140093196271238_n.jpg 1536w\" sizes=\"(max-width: 768px) 100vw, 768px\" \/><\/figure>\n<\/figure>\n\n\n<div class=\"x11i5rnm xat24cr x1mh8g0r x1vvkbs xtlvy1s x126k92a\">\n<div dir=\"auto\"><em>Le lendemain, le long de la rivi\u00e8re So, une pirogue nous a emmen\u00e9s \u00e0 Ganvi\u00e9, une ville de 45.00 habitants construite sur pilotis qui vit essentiellement de la p\u00eache et de l\u2019agriculture. Leur mode de vie nous a surpris par la diversit\u00e9 des activit\u00e9s organis\u00e9es sur l\u2019eau. Notre derni\u00e8re \u00e9tape nous a amen\u00e9s au si\u00e8ge d\u2019OBEPAB, l\u2019organisation b\u00e9ninoise pour la promotion de l\u2019agriculture biologique! Gr\u00e2ce \u00e0 eux, nous avons pu voir ce qu\u2019ils mettent en place sur le terrain avec la visite d\u2019une ferme-\u00e9cole.<\/em><\/div>\n<div dir=\"auto\">&nbsp;<\/div>\n<\/div>\n\n\n<figure class=\"wp-container-10 wp-block-gallery-9 wp-block-gallery has-nested-images columns-default is-cropped\">\n<figure class=\"wp-block-image size-large\"><img loading=\"lazy\" width=\"1024\" height=\"768\" data-id=\"8384\"  src=\"https:\/\/arcampin.be\/secondaire\/wp-content\/uploads\/2023\/04\/342734814_1173597826492827_5058710536970613558_n-1024x768.jpg\" alt=\"\" class=\"wp-image-8384\" srcset=\"https:\/\/arcampin.be\/secondaire\/wp-content\/uploads\/2023\/04\/342734814_1173597826492827_5058710536970613558_n-1024x768.jpg 1024w, https:\/\/arcampin.be\/secondaire\/wp-content\/uploads\/2023\/04\/342734814_1173597826492827_5058710536970613558_n-300x225.jpg 300w, https:\/\/arcampin.be\/secondaire\/wp-content\/uploads\/2023\/04\/342734814_1173597826492827_5058710536970613558_n-768x576.jpg 768w, https:\/\/arcampin.be\/secondaire\/wp-content\/uploads\/2023\/04\/342734814_1173597826492827_5058710536970613558_n-1536x1152.jpg 1536w, https:\/\/arcampin.be\/secondaire\/wp-content\/uploads\/2023\/04\/342734814_1173597826492827_5058710536970613558_n.jpg 2048w\" sizes=\"(max-width: 1024px) 100vw, 1024px\" \/><\/figure>\n\n\n\n<figure class=\"wp-block-image size-large\"><img loading=\"lazy\" width=\"986\" height=\"1024\" data-id=\"8385\"  src=\"https:\/\/arcampin.be\/secondaire\/wp-content\/uploads\/2023\/04\/343598958_6068263443257459_5511219667676361502_n-986x1024.jpg\" alt=\"\" class=\"wp-image-8385\" srcset=\"https:\/\/arcampin.be\/secondaire\/wp-content\/uploads\/2023\/04\/343598958_6068263443257459_5511219667676361502_n-986x1024.jpg 986w, https:\/\/arcampin.be\/secondaire\/wp-content\/uploads\/2023\/04\/343598958_6068263443257459_5511219667676361502_n-289x300.jpg 289w, https:\/\/arcampin.be\/secondaire\/wp-content\/uploads\/2023\/04\/343598958_6068263443257459_5511219667676361502_n-768x798.jpg 768w, https:\/\/arcampin.be\/secondaire\/wp-content\/uploads\/2023\/04\/343598958_6068263443257459_5511219667676361502_n-1479x1536.jpg 1479w, https:\/\/arcampin.be\/secondaire\/wp-content\/uploads\/2023\/04\/343598958_6068263443257459_5511219667676361502_n.jpg 1972w\" sizes=\"(max-width: 986px) 100vw, 986px\" \/><\/figure>\n<\/figure>\n\n\n<div class=\"x11i5rnm xat24cr x1mh8g0r x1vvkbs xtlvy1s x126k92a\">\n<div dir=\"auto\"><em>Depuis notre arriv\u00e9e, la d\u00e9couverte d\u2019une autre r\u00e9alit\u00e9 nous a d\u00e9j\u00e0 d\u00e9pays\u00e9s et enrichis! Chaque soir, les d\u00e9briefings permettent \u00e0 chacun d\u2019exprimer son ressenti, ses \u00e9motions et ses r\u00e9flexions!<\/em><\/div>\n<\/div>\n<div class=\"x11i5rnm xat24cr x1mh8g0r x1vvkbs xtlvy1s x126k92a\">\n<div dir=\"auto\"><em>Nous avons h\u00e2te de voir la suite, cette fois-ci du c\u00f4t\u00e9 de Com\u00e9 o\u00f9 nous serons accueillis dans une maison de jeunesse.<\/em><\/div>\n<\/div>\n\n\n<figure class=\"wp-container-12 wp-block-gallery-11 wp-block-gallery has-nested-images columns-default is-cropped\">\n<figure class=\"wp-block-image size-large\"><img loading=\"lazy\" width=\"1024\" height=\"768\" data-id=\"8513\"  src=\"https:\/\/arcampin.be\/secondaire\/wp-content\/uploads\/2023\/05\/345019635_184242061227760_196534529597917939_n-1024x768.jpg\" alt=\"\" class=\"wp-image-8513\" srcset=\"https:\/\/arcampin.be\/secondaire\/wp-content\/uploads\/2023\/05\/345019635_184242061227760_196534529597917939_n-1024x768.jpg 1024w, https:\/\/arcampin.be\/secondaire\/wp-content\/uploads\/2023\/05\/345019635_184242061227760_196534529597917939_n-300x225.jpg 300w, https:\/\/arcampin.be\/secondaire\/wp-content\/uploads\/2023\/05\/345019635_184242061227760_196534529597917939_n-768x576.jpg 768w, https:\/\/arcampin.be\/secondaire\/wp-content\/uploads\/2023\/05\/345019635_184242061227760_196534529597917939_n-1536x1152.jpg 1536w, https:\/\/arcampin.be\/secondaire\/wp-content\/uploads\/2023\/05\/345019635_184242061227760_196534529597917939_n.jpg 2048w\" sizes=\"(max-width: 1024px) 100vw, 1024px\" \/><\/figure>\n<\/figure>\n\n\n<div class=\"xdj266r x11i5rnm xat24cr x1mh8g0r x1vvkbs x126k92a\">\n<div dir=\"auto\"><em>Notre s\u00e9jour en maison de jeunesse a \u00e9t\u00e9 riche en \u00e9motions puisque nous y avons rencontr\u00e9 les correspondants de nos \u00e9l\u00e8ves. Ils ont partag\u00e9 diff\u00e9rentes activit\u00e9s avec eux comme un speed dating sur leurs diff\u00e9rences culturelles, des jeux de soci\u00e9t\u00e9, une journ\u00e9e immersion des m\u00e9tiers, une d\u00e9couverte du culte vodoun suivie d\u2019une c\u00e9r\u00e9monie, une excursion \u00e0 Grand Popo et finalement une soir\u00e9e plus que dansante\u2026<\/em><\/div>\n<div dir=\"auto\">\u00a0<\/div>\n<\/div>\n\n\n<figure class=\"wp-container-14 wp-block-gallery-13 wp-block-gallery has-nested-images columns-2 is-cropped\">\n<figure class=\"wp-block-image size-large\"><img loading=\"lazy\" width=\"1024\" height=\"768\" data-id=\"8514\"  src=\"https:\/\/arcampin.be\/secondaire\/wp-content\/uploads\/2023\/05\/344800641_567593702219912_1310961955677265247_n-1024x768.jpg\" alt=\"\" class=\"wp-image-8514\" srcset=\"https:\/\/arcampin.be\/secondaire\/wp-content\/uploads\/2023\/05\/344800641_567593702219912_1310961955677265247_n-1024x768.jpg 1024w, https:\/\/arcampin.be\/secondaire\/wp-content\/uploads\/2023\/05\/344800641_567593702219912_1310961955677265247_n-300x225.jpg 300w, https:\/\/arcampin.be\/secondaire\/wp-content\/uploads\/2023\/05\/344800641_567593702219912_1310961955677265247_n-768x576.jpg 768w, https:\/\/arcampin.be\/secondaire\/wp-content\/uploads\/2023\/05\/344800641_567593702219912_1310961955677265247_n-1536x1152.jpg 1536w, https:\/\/arcampin.be\/secondaire\/wp-content\/uploads\/2023\/05\/344800641_567593702219912_1310961955677265247_n.jpg 2048w\" sizes=\"(max-width: 1024px) 100vw, 1024px\" \/><\/figure>\n\n\n\n<figure class=\"wp-block-image size-large\"><img loading=\"lazy\" width=\"1024\" height=\"768\" data-id=\"8516\"  src=\"https:\/\/arcampin.be\/secondaire\/wp-content\/uploads\/2023\/05\/344855094_774664110680261_8515896622708399227_n-1024x768.jpg\" alt=\"\" class=\"wp-image-8516\" srcset=\"https:\/\/arcampin.be\/secondaire\/wp-content\/uploads\/2023\/05\/344855094_774664110680261_8515896622708399227_n-1024x768.jpg 1024w, https:\/\/arcampin.be\/secondaire\/wp-content\/uploads\/2023\/05\/344855094_774664110680261_8515896622708399227_n-300x225.jpg 300w, https:\/\/arcampin.be\/secondaire\/wp-content\/uploads\/2023\/05\/344855094_774664110680261_8515896622708399227_n-768x576.jpg 768w, https:\/\/arcampin.be\/secondaire\/wp-content\/uploads\/2023\/05\/344855094_774664110680261_8515896622708399227_n-1536x1152.jpg 1536w, https:\/\/arcampin.be\/secondaire\/wp-content\/uploads\/2023\/05\/344855094_774664110680261_8515896622708399227_n.jpg 2048w\" sizes=\"(max-width: 1024px) 100vw, 1024px\" \/><\/figure>\n\n\n\n<figure class=\"wp-block-image size-large\"><img loading=\"lazy\" width=\"768\" height=\"1024\" data-id=\"8515\"  src=\"https:\/\/arcampin.be\/secondaire\/wp-content\/uploads\/2023\/05\/345026606_168911969142323_1080032099902646060_n-768x1024.jpg\" alt=\"\" class=\"wp-image-8515\" srcset=\"https:\/\/arcampin.be\/secondaire\/wp-content\/uploads\/2023\/05\/345026606_168911969142323_1080032099902646060_n-768x1024.jpg 768w, https:\/\/arcampin.be\/secondaire\/wp-content\/uploads\/2023\/05\/345026606_168911969142323_1080032099902646060_n-225x300.jpg 225w, https:\/\/arcampin.be\/secondaire\/wp-content\/uploads\/2023\/05\/345026606_168911969142323_1080032099902646060_n-1152x1536.jpg 1152w, https:\/\/arcampin.be\/secondaire\/wp-content\/uploads\/2023\/05\/345026606_168911969142323_1080032099902646060_n.jpg 1536w\" sizes=\"(max-width: 768px) 100vw, 768px\" \/><\/figure>\n\n\n\n<figure class=\"wp-block-image size-large\"><img loading=\"lazy\" width=\"768\" height=\"1024\" data-id=\"8517\"  src=\"https:\/\/arcampin.be\/secondaire\/wp-content\/uploads\/2023\/05\/345033812_227057610017632_6321185499912506243_n-768x1024.jpg\" alt=\"\" class=\"wp-image-8517\" srcset=\"https:\/\/arcampin.be\/secondaire\/wp-content\/uploads\/2023\/05\/345033812_227057610017632_6321185499912506243_n-768x1024.jpg 768w, https:\/\/arcampin.be\/secondaire\/wp-content\/uploads\/2023\/05\/345033812_227057610017632_6321185499912506243_n-225x300.jpg 225w, https:\/\/arcampin.be\/secondaire\/wp-content\/uploads\/2023\/05\/345033812_227057610017632_6321185499912506243_n-1152x1536.jpg 1152w, https:\/\/arcampin.be\/secondaire\/wp-content\/uploads\/2023\/05\/345033812_227057610017632_6321185499912506243_n.jpg 1536w\" sizes=\"(max-width: 768px) 100vw, 768px\" \/><\/figure>\n<\/figure>\n\n\n<div class=\"x11i5rnm xat24cr x1mh8g0r x1vvkbs xtlvy1s x126k92a\">\n<div dir=\"auto\"><em>Ensuite, nous avons pris la direction de Ouidah o\u00f9 nous avons parcouru les derniers kilom\u00e8tres de la route des esclaves. Ce fut encore un moment intense.<\/em><\/div>\n<\/div>\n<div class=\"x11i5rnm xat24cr x1mh8g0r x1vvkbs xtlvy1s x126k92a\">\n<div dir=\"auto\"><em>Enfin, nous avons termin\u00e9 notre p\u00e9riple \u00e0 Cotonou avec la visite du centre Songhai, un centre agro\u00e9cologique tourn\u00e9 vers le futur.<\/em><\/div>\n<\/div>\n<div class=\"x11i5rnm xat24cr x1mh8g0r x1vvkbs xtlvy1s x126k92a\">\n<div dir=\"auto\"><em>Le dernier jour a \u00e9t\u00e9 l\u2019occasion de visiter les march\u00e9s locaux afin de ramener quelques souvenirs.<\/em><\/div>\n<div dir=\"auto\">\u00a0<\/div>\n<\/div>\n\n\n<figure class=\"wp-container-16 wp-block-gallery-15 wp-block-gallery has-nested-images columns-2 is-cropped\">\n<figure class=\"wp-block-image size-large\"><img loading=\"lazy\" width=\"768\" height=\"1024\" data-id=\"8521\"  src=\"https:\/\/arcampin.be\/secondaire\/wp-content\/uploads\/2023\/05\/344954111_1613868245707157_6494511278721717367_n-768x1024.jpg\" alt=\"\" class=\"wp-image-8521\" srcset=\"https:\/\/arcampin.be\/secondaire\/wp-content\/uploads\/2023\/05\/344954111_1613868245707157_6494511278721717367_n-768x1024.jpg 768w, https:\/\/arcampin.be\/secondaire\/wp-content\/uploads\/2023\/05\/344954111_1613868245707157_6494511278721717367_n-225x300.jpg 225w, https:\/\/arcampin.be\/secondaire\/wp-content\/uploads\/2023\/05\/344954111_1613868245707157_6494511278721717367_n-1152x1536.jpg 1152w, https:\/\/arcampin.be\/secondaire\/wp-content\/uploads\/2023\/05\/344954111_1613868245707157_6494511278721717367_n.jpg 1536w\" sizes=\"(max-width: 768px) 100vw, 768px\" \/><\/figure>\n\n\n\n<figure class=\"wp-block-image size-large\"><img loading=\"lazy\" width=\"768\" height=\"1024\" data-id=\"8519\"  src=\"https:\/\/arcampin.be\/secondaire\/wp-content\/uploads\/2023\/05\/345067861_155370420831807_3629411048830329033_n-768x1024.jpg\" alt=\"\" class=\"wp-image-8519\" srcset=\"https:\/\/arcampin.be\/secondaire\/wp-content\/uploads\/2023\/05\/345067861_155370420831807_3629411048830329033_n-768x1024.jpg 768w, https:\/\/arcampin.be\/secondaire\/wp-content\/uploads\/2023\/05\/345067861_155370420831807_3629411048830329033_n-225x300.jpg 225w, https:\/\/arcampin.be\/secondaire\/wp-content\/uploads\/2023\/05\/345067861_155370420831807_3629411048830329033_n-1152x1536.jpg 1152w, https:\/\/arcampin.be\/secondaire\/wp-content\/uploads\/2023\/05\/345067861_155370420831807_3629411048830329033_n.jpg 1536w\" sizes=\"(max-width: 768px) 100vw, 768px\" \/><\/figure>\n\n\n\n<figure class=\"wp-block-image size-large\"><img loading=\"lazy\" width=\"1024\" height=\"768\" data-id=\"8518\"  src=\"https:\/\/arcampin.be\/secondaire\/wp-content\/uploads\/2023\/05\/344865716_618040517036483_1647460020191921469_n-1024x768.jpg\" alt=\"\" class=\"wp-image-8518\" srcset=\"https:\/\/arcampin.be\/secondaire\/wp-content\/uploads\/2023\/05\/344865716_618040517036483_1647460020191921469_n-1024x768.jpg 1024w, https:\/\/arcampin.be\/secondaire\/wp-content\/uploads\/2023\/05\/344865716_618040517036483_1647460020191921469_n-300x225.jpg 300w, https:\/\/arcampin.be\/secondaire\/wp-content\/uploads\/2023\/05\/344865716_618040517036483_1647460020191921469_n-768x576.jpg 768w, https:\/\/arcampin.be\/secondaire\/wp-content\/uploads\/2023\/05\/344865716_618040517036483_1647460020191921469_n-1536x1152.jpg 1536w, https:\/\/arcampin.be\/secondaire\/wp-content\/uploads\/2023\/05\/344865716_618040517036483_1647460020191921469_n.jpg 2048w\" sizes=\"(max-width: 1024px) 100vw, 1024px\" \/><\/figure>\n\n\n\n<figure class=\"wp-block-image size-large\"><img loading=\"lazy\" width=\"1024\" height=\"768\" data-id=\"8520\"  src=\"https:\/\/arcampin.be\/secondaire\/wp-content\/uploads\/2023\/05\/345167337_608075214708573_8598369383374688229_n-1024x768.jpg\" alt=\"\" class=\"wp-image-8520\" srcset=\"https:\/\/arcampin.be\/secondaire\/wp-content\/uploads\/2023\/05\/345167337_608075214708573_8598369383374688229_n-1024x768.jpg 1024w, https:\/\/arcampin.be\/secondaire\/wp-content\/uploads\/2023\/05\/345167337_608075214708573_8598369383374688229_n-300x225.jpg 300w, https:\/\/arcampin.be\/secondaire\/wp-content\/uploads\/2023\/05\/345167337_608075214708573_8598369383374688229_n-768x576.jpg 768w, https:\/\/arcampin.be\/secondaire\/wp-content\/uploads\/2023\/05\/345167337_608075214708573_8598369383374688229_n-1536x1152.jpg 1536w, https:\/\/arcampin.be\/secondaire\/wp-content\/uploads\/2023\/05\/345167337_608075214708573_8598369383374688229_n.jpg 2048w\" sizes=\"(max-width: 1024px) 100vw, 1024px\" \/><\/figure>\n<\/figure>\n\n\n<div class=\"x11i5rnm xat24cr x1mh8g0r x1vvkbs xtlvy1s x126k92a\">\n<div dir=\"auto\"><em>Dans quelques minutes, nous arriverons en gare de Tournai la t\u00eate remplie de merveilleux souvenirs de cette exp\u00e9rience qui aura marqu\u00e9 nos \u00e9l\u00e8ves \u00e0 vie.<\/em><\/div>\n<\/div>\n<div class=\"x11i5rnm xat24cr x1mh8g0r x1vvkbs xtlvy1s x126k92a\">\n<div dir=\"auto\"><em>Nous remercions du fond du c\u0153ur notre fabuleuse \u00e9quipe d\u2019\u00celes de paix, Audrey, Tha\u00efssa et Katie ainsi que notre journaliste pr\u00e9f\u00e9r\u00e9 de La Libre, Valentin.<\/em><\/div>\n<\/div>\n<div class=\"x11i5rnm xat24cr x1mh8g0r x1vvkbs xtlvy1s x126k92a\">\n<div dir=\"auto\"><em>Nous tenions \u00e9galement \u00e0 remercier toutes les personnes investies que nous avons rencontr\u00e9es sur place et plus particuli\u00e8rement Mathieu, notre guide local, ainsi que nos trois autres accompagnateurs b\u00e9ninois, Kadri, Romain et Jo\u00ebl.<\/em><\/div>\n<\/div>\n<div class=\"x11i5rnm xat24cr x1mh8g0r x1vvkbs xtlvy1s x126k92a\">\n<div dir=\"auto\"><em>Nous vous donnons rendez-vous le jour de nos portes ouvertes, le samedi 3 juin de 10h \u00e0 17h, pour venir d\u00e9couvrir nos aventures en photos et en vid\u00e9os.<\/em><\/div>\n<div dir=\"auto\">\u00a0<\/div>\n<\/div>\n\n\n<figure class=\"wp-block-image size-large\"><img loading=\"lazy\" width=\"1024\" height=\"768\" src=\"https:\/\/arcampin.be\/secondaire\/wp-content\/uploads\/2023\/05\/344730311_1005566453767354_1876906282043925388_n-1024x768.jpg\" alt=\"\" class=\"wp-image-8522\" srcset=\"https:\/\/arcampin.be\/secondaire\/wp-content\/uploads\/2023\/05\/344730311_1005566453767354_1876906282043925388_n-1024x768.jpg 1024w, https:\/\/arcampin.be\/secondaire\/wp-content\/uploads\/2023\/05\/344730311_1005566453767354_1876906282043925388_n-300x225.jpg 300w, https:\/\/arcampin.be\/secondaire\/wp-content\/uploads\/2023\/05\/344730311_1005566453767354_1876906282043925388_n-768x576.jpg 768w, https:\/\/arcampin.be\/secondaire\/wp-content\/uploads\/2023\/05\/344730311_1005566453767354_1876906282043925388_n-1536x1152.jpg 1536w, https:\/\/arcampin.be\/secondaire\/wp-content\/uploads\/2023\/05\/344730311_1005566453767354_1876906282043925388_n.jpg 2048w\" sizes=\"(max-width: 1024px) 100vw, 1024px\" \/><\/figure>\n\n\n<hr \/>\n<p>\u00a0<\/p>","protected":false},"excerpt":{"rendered":"<p>C\u2019est le jour J pour nos 17 \u00e9tudiants de 5\u00e8me et 6\u00e8me secondaire, Mesdames Castel, Chapitre et Monsieur Baudart. &nbsp; Dans le cadre du projet Move With Africa et accompagn\u00e9s par l\u2019ONG Iles de paix, ils s\u2019envolent ce midi pour le sud du B\u00e9nin ! &nbsp; Un voyage de 10 jours \u00e0 la rencontre des &hellip; <a href=\"https:\/\/arcampin.be\/secondaire\/archives\/8282\" class=\"more-link\">Continuer la lecture de <span class=\"screen-reader-text\">\u00c0 la rencontre du B\u00e9nin<\/span> <span class=\"meta-nav\">&rarr;<\/span><\/a><\/p>\n","protected":false},"author":2,"featured_media":0,"comment_status":"closed","ping_status":"open","sticky":false,"template":"","format":"standard","meta":{"jetpack_post_was_ever_published":false},"categories":[25],"tags":[],"jetpack_featured_media_url":"","_links":{"self":[{"href":"https:\/\/arcampin.be\/secondaire\/wp-json\/wp\/v2\/posts\/8282"}],"collection":[{"href":"https:\/\/arcampin.be\/secondaire\/wp-json\/wp\/v2\/posts"}],"about":[{"href":"https:\/\/arcampin.be\/secondaire\/wp-json\/wp\/v2\/types\/post"}],"author":[{"embeddable":true,"href":"https:\/\/arcampin.be\/secondaire\/wp-json\/wp\/v2\/users\/2"}],"replies":[{"embeddable":true,"href":"https:\/\/arcampin.be\/secondaire\/wp-json\/wp\/v2\/comments?post=8282"}],"version-history":[{"count":8,"href":"https:\/\/arcampin.be\/secondaire\/wp-json\/wp\/v2\/posts\/8282\/revisions"}],"predecessor-version":[{"id":8523,"href":"https:\/\/arcampin.be\/secondaire\/wp-json\/wp\/v2\/posts\/8282\/revisions\/8523"}],"wp:attachment":[{"href":"https:\/\/arcampin.be\/secondaire\/wp-json\/wp\/v2\/media?parent=8282"}],"wp:term":[{"taxonomy":"category","embeddable":true,"href":"https:\/\/arcampin.be\/secondaire\/wp-json\/wp\/v2\/categories?post=8282"},{"taxonomy":"post_tag","embeddable":true,"href":"https:\/\/arcampin.be\/secondaire\/wp-json\/wp\/v2\/tags?post=8282"}],"curies":[{"name":"wp","href":"https:\/\/api.w.org\/{rel}","templated":true}]}}