{"id":8164,"date":"2023-04-20T07:35:16","date_gmt":"2023-04-20T06:35:16","guid":{"rendered":"https:\/\/arcampin.be\/secondaire\/?p=8164"},"modified":"2023-04-20T10:25:35","modified_gmt":"2023-04-20T09:25:35","slug":"voyage-option-histoire-5e-et-6e-devoir-de-memoire","status":"publish","type":"post","link":"https:\/\/arcampin.be\/secondaire\/archives\/8164","title":{"rendered":"Voyage des options Histoire"},"content":{"rendered":"\n<figure class=\"wp-block-image size-large\"><img loading=\"lazy\" width=\"1024\" height=\"736\" src=\"https:\/\/arcampin.be\/secondaire\/wp-content\/uploads\/2023\/04\/336907970_1080264352785181_48131346254078508_n-1-1024x736.jpg\" alt=\"\" class=\"wp-image-8166\" srcset=\"https:\/\/arcampin.be\/secondaire\/wp-content\/uploads\/2023\/04\/336907970_1080264352785181_48131346254078508_n-1-1024x736.jpg 1024w, https:\/\/arcampin.be\/secondaire\/wp-content\/uploads\/2023\/04\/336907970_1080264352785181_48131346254078508_n-1-300x216.jpg 300w, https:\/\/arcampin.be\/secondaire\/wp-content\/uploads\/2023\/04\/336907970_1080264352785181_48131346254078508_n-1-768x552.jpg 768w, https:\/\/arcampin.be\/secondaire\/wp-content\/uploads\/2023\/04\/336907970_1080264352785181_48131346254078508_n-1-1536x1105.jpg 1536w, https:\/\/arcampin.be\/secondaire\/wp-content\/uploads\/2023\/04\/336907970_1080264352785181_48131346254078508_n-1.jpg 1663w\" sizes=\"(max-width: 1024px) 100vw, 1024px\" \/><\/figure>\n\n\n<div class=\"x11i5rnm xat24cr x1mh8g0r x1vvkbs xtlvy1s x126k92a\">\n<div dir=\"auto\"><em>Organis\u00e9 par Mr Heyte, professeur responsable de l\u2019option \u00ab Option de Base Histoire \u00bb, ce voyage a pour but de rendre concr\u00e8te la mati\u00e8re vue en classe, le but \u00e9tant de faire de nos \u00e9l\u00e8ves des citoyens critiques et responsables afin que les erreurs du pass\u00e9 ne se reproduisent plus.<\/em><\/div>\n<div dir=\"auto\">&nbsp;<\/div>\n<\/div>\n<div class=\"x11i5rnm xat24cr x1mh8g0r x1vvkbs xtlvy1s x126k92a\">\n<div dir=\"auto\"><em>Nous avons pris le d\u00e9part ce matin pour Bastogne et le World War Museum, ensuite nous prendrons la direction de l\u2019Alsace !<\/em><\/div>\n<\/div>\n<div class=\"x11i5rnm xat24cr x1mh8g0r x1vvkbs xtlvy1s x126k92a\">\n<div dir=\"auto\"><em>Demain, nous visiterons le camp de concentration du Struthof et le M\u00e9morial de l\u2019Alsace Moselle.<\/em><\/div>\n<div dir=\"auto\">&nbsp;<\/div>\n<\/div>\n<div class=\"x11i5rnm xat24cr x1mh8g0r x1vvkbs xtlvy1s x126k92a\">\n<div dir=\"auto\"><em>Mercredi, nous parcourons les rues de Strasbourg et les trav\u00e9es du Parlement europ\u00e9en.<\/em><\/div>\n<\/div>\n<div class=\"x11i5rnm xat24cr x1mh8g0r x1vvkbs xtlvy1s x126k92a\">\n<div dir=\"auto\"><em>Nous vous tiendrons au courant chaque soir avec des photos du jour.<\/em><\/div>\n<\/div>\n<div class=\"x11i5rnm xat24cr x1mh8g0r x1vvkbs xtlvy1s x126k92a\">\n<div dir=\"auto\"><em>Bonne journ\u00e9e \u00e0 tous !<\/em><\/div>\n<div dir=\"auto\">&nbsp;<\/div>\n<\/div>\n\n\n<figure class=\"wp-block-image size-large\"><img loading=\"lazy\" width=\"1024\" height=\"768\" src=\"https:\/\/arcampin.be\/secondaire\/wp-content\/uploads\/2023\/04\/337289945_736736741417265_6165906721763508971_n-1024x768.jpg\" alt=\"\" class=\"wp-image-8193\" srcset=\"https:\/\/arcampin.be\/secondaire\/wp-content\/uploads\/2023\/04\/337289945_736736741417265_6165906721763508971_n-1024x768.jpg 1024w, https:\/\/arcampin.be\/secondaire\/wp-content\/uploads\/2023\/04\/337289945_736736741417265_6165906721763508971_n-300x225.jpg 300w, https:\/\/arcampin.be\/secondaire\/wp-content\/uploads\/2023\/04\/337289945_736736741417265_6165906721763508971_n-768x576.jpg 768w, https:\/\/arcampin.be\/secondaire\/wp-content\/uploads\/2023\/04\/337289945_736736741417265_6165906721763508971_n-1536x1152.jpg 1536w, https:\/\/arcampin.be\/secondaire\/wp-content\/uploads\/2023\/04\/337289945_736736741417265_6165906721763508971_n.jpg 2048w\" sizes=\"(max-width: 1024px) 100vw, 1024px\" \/><\/figure>\n\n\n<div class=\"x11i5rnm xat24cr x1mh8g0r x1vvkbs xtlvy1s x126k92a\">\n<div dir=\"auto\"><em>Fin de la premi\u00e8re journ\u00e9e et d\u00e9j\u00e0 de beaux souvenirs en t\u00eate !<\/em><\/div>\n<div dir=\"auto\">&nbsp;<\/div>\n<\/div>\n<div class=\"x11i5rnm xat24cr x1mh8g0r x1vvkbs xtlvy1s x126k92a\">\n<div dir=\"auto\"><em>Le matin, nous avons visit\u00e9 le mus\u00e9e du War Mus\u00e9um \u00e0 Bastogne et appris \u00e9norm\u00e9ment sur la r\u00e9sistance h\u00e9ro\u00efque des soldats am\u00e9ricains lors de la contre-offensive des Allemands pendant l\u2019hiver 1944.<\/em><\/div>\n<div dir=\"auto\">&nbsp;<\/div>\n<div dir=\"auto\"><em>\u00c0 travers les histoires d\u2019un enfant de Bastogne, d\u2019une r\u00e9sistante de la r\u00e9gion et de deux soldats (un Am\u00e9ricain et un Allemand), les \u00e9l\u00e8ves ont \u00e9t\u00e9 immerg\u00e9s dans l\u2019Histoire avec un grand H.<\/em><\/div>\n<div dir=\"auto\">&nbsp;<\/div>\n<\/div>\n\n\n<figure class=\"wp-container-2 wp-block-gallery-1 wp-block-gallery has-nested-images columns-2 is-cropped\">\n<figure class=\"wp-block-image size-large\"><img loading=\"lazy\" width=\"1024\" height=\"768\" data-id=\"8190\"  src=\"https:\/\/arcampin.be\/secondaire\/wp-content\/uploads\/2023\/04\/336916617_259489129761330_6741958181685371383_n-1024x768.jpg\" alt=\"\" class=\"wp-image-8190\" srcset=\"https:\/\/arcampin.be\/secondaire\/wp-content\/uploads\/2023\/04\/336916617_259489129761330_6741958181685371383_n-1024x768.jpg 1024w, https:\/\/arcampin.be\/secondaire\/wp-content\/uploads\/2023\/04\/336916617_259489129761330_6741958181685371383_n-300x225.jpg 300w, https:\/\/arcampin.be\/secondaire\/wp-content\/uploads\/2023\/04\/336916617_259489129761330_6741958181685371383_n-768x576.jpg 768w, https:\/\/arcampin.be\/secondaire\/wp-content\/uploads\/2023\/04\/336916617_259489129761330_6741958181685371383_n-1536x1152.jpg 1536w, https:\/\/arcampin.be\/secondaire\/wp-content\/uploads\/2023\/04\/336916617_259489129761330_6741958181685371383_n.jpg 2048w\" sizes=\"(max-width: 1024px) 100vw, 1024px\" \/><\/figure>\n\n\n\n<figure class=\"wp-block-image size-large\"><img loading=\"lazy\" width=\"1024\" height=\"768\" data-id=\"8192\"  src=\"https:\/\/arcampin.be\/secondaire\/wp-content\/uploads\/2023\/04\/337162567_980048049829001_4770896832287867284_n-1024x768.jpg\" alt=\"\" class=\"wp-image-8192\" srcset=\"https:\/\/arcampin.be\/secondaire\/wp-content\/uploads\/2023\/04\/337162567_980048049829001_4770896832287867284_n-1024x768.jpg 1024w, https:\/\/arcampin.be\/secondaire\/wp-content\/uploads\/2023\/04\/337162567_980048049829001_4770896832287867284_n-300x225.jpg 300w, https:\/\/arcampin.be\/secondaire\/wp-content\/uploads\/2023\/04\/337162567_980048049829001_4770896832287867284_n-768x576.jpg 768w, https:\/\/arcampin.be\/secondaire\/wp-content\/uploads\/2023\/04\/337162567_980048049829001_4770896832287867284_n-1536x1152.jpg 1536w, https:\/\/arcampin.be\/secondaire\/wp-content\/uploads\/2023\/04\/337162567_980048049829001_4770896832287867284_n.jpg 2048w\" sizes=\"(max-width: 1024px) 100vw, 1024px\" \/><\/figure>\n\n\n\n<figure class=\"wp-block-image size-large\"><img loading=\"lazy\" width=\"1024\" height=\"768\" data-id=\"8191\"  src=\"https:\/\/arcampin.be\/secondaire\/wp-content\/uploads\/2023\/04\/341337628_905922577348662_6340918796532957925_n-1024x768.jpg\" alt=\"\" class=\"wp-image-8191\" srcset=\"https:\/\/arcampin.be\/secondaire\/wp-content\/uploads\/2023\/04\/341337628_905922577348662_6340918796532957925_n-1024x768.jpg 1024w, https:\/\/arcampin.be\/secondaire\/wp-content\/uploads\/2023\/04\/341337628_905922577348662_6340918796532957925_n-300x225.jpg 300w, https:\/\/arcampin.be\/secondaire\/wp-content\/uploads\/2023\/04\/341337628_905922577348662_6340918796532957925_n-768x576.jpg 768w, https:\/\/arcampin.be\/secondaire\/wp-content\/uploads\/2023\/04\/341337628_905922577348662_6340918796532957925_n-1536x1152.jpg 1536w, https:\/\/arcampin.be\/secondaire\/wp-content\/uploads\/2023\/04\/341337628_905922577348662_6340918796532957925_n.jpg 2048w\" sizes=\"(max-width: 1024px) 100vw, 1024px\" \/><\/figure>\n<\/figure>\n\n\n<div class=\"x11i5rnm xat24cr x1mh8g0r x1vvkbs xtlvy1s x126k92a\">\n<div dir=\"auto\"><em>Cet apr\u00e8s-midi, nous avons pris la route de l\u2019Alsace et nous sommes arriv\u00e9s \u00e0 \u00ab L\u2019Ecrin de Verdure \u00bb, une magnifique auberge entour\u00e9e de bois. Le premier repas s\u2019est d\u00e9roul\u00e9 dans une tr\u00e8s bonne ambiance et annonce de tr\u00e8s chouettes moments pour les deux jours restants<\/em><em>.<\/em><\/div>\n<\/div>\n<div class=\"x11i5rnm xat24cr x1mh8g0r x1vvkbs xtlvy1s x126k92a\">\n<div dir=\"auto\">&nbsp;<\/div>\n<\/div>\n\n\n<figure class=\"wp-container-4 wp-block-gallery-3 wp-block-gallery has-nested-images columns-2 is-cropped\">\n<figure class=\"wp-block-image size-large\"><img loading=\"lazy\" width=\"1024\" height=\"768\" data-id=\"8196\"  src=\"https:\/\/arcampin.be\/secondaire\/wp-content\/uploads\/2023\/04\/337306354_994306464901074_6901387285658270893_n-1024x768.jpg\" alt=\"\" class=\"wp-image-8196\" srcset=\"https:\/\/arcampin.be\/secondaire\/wp-content\/uploads\/2023\/04\/337306354_994306464901074_6901387285658270893_n-1024x768.jpg 1024w, https:\/\/arcampin.be\/secondaire\/wp-content\/uploads\/2023\/04\/337306354_994306464901074_6901387285658270893_n-300x225.jpg 300w, https:\/\/arcampin.be\/secondaire\/wp-content\/uploads\/2023\/04\/337306354_994306464901074_6901387285658270893_n-768x576.jpg 768w, https:\/\/arcampin.be\/secondaire\/wp-content\/uploads\/2023\/04\/337306354_994306464901074_6901387285658270893_n-1536x1152.jpg 1536w, https:\/\/arcampin.be\/secondaire\/wp-content\/uploads\/2023\/04\/337306354_994306464901074_6901387285658270893_n.jpg 2048w\" sizes=\"(max-width: 1024px) 100vw, 1024px\" \/><\/figure>\n\n\n\n<figure class=\"wp-block-image size-large\"><img loading=\"lazy\" width=\"1024\" height=\"768\" data-id=\"8194\"  src=\"https:\/\/arcampin.be\/secondaire\/wp-content\/uploads\/2023\/04\/337556658_559096003071909_3133520871741326833_n-1024x768.jpg\" alt=\"\" class=\"wp-image-8194\" srcset=\"https:\/\/arcampin.be\/secondaire\/wp-content\/uploads\/2023\/04\/337556658_559096003071909_3133520871741326833_n-1024x768.jpg 1024w, https:\/\/arcampin.be\/secondaire\/wp-content\/uploads\/2023\/04\/337556658_559096003071909_3133520871741326833_n-300x225.jpg 300w, https:\/\/arcampin.be\/secondaire\/wp-content\/uploads\/2023\/04\/337556658_559096003071909_3133520871741326833_n-768x576.jpg 768w, https:\/\/arcampin.be\/secondaire\/wp-content\/uploads\/2023\/04\/337556658_559096003071909_3133520871741326833_n-1536x1152.jpg 1536w, https:\/\/arcampin.be\/secondaire\/wp-content\/uploads\/2023\/04\/337556658_559096003071909_3133520871741326833_n.jpg 2048w\" sizes=\"(max-width: 1024px) 100vw, 1024px\" \/><\/figure>\n\n\n\n<figure class=\"wp-block-image size-large\"><img loading=\"lazy\" width=\"1024\" height=\"768\" data-id=\"8195\"  src=\"https:\/\/arcampin.be\/secondaire\/wp-content\/uploads\/2023\/04\/337557220_1329158717680197_2156870938007994332_n-1024x768.jpg\" alt=\"\" class=\"wp-image-8195\" srcset=\"https:\/\/arcampin.be\/secondaire\/wp-content\/uploads\/2023\/04\/337557220_1329158717680197_2156870938007994332_n-1024x768.jpg 1024w, https:\/\/arcampin.be\/secondaire\/wp-content\/uploads\/2023\/04\/337557220_1329158717680197_2156870938007994332_n-300x225.jpg 300w, https:\/\/arcampin.be\/secondaire\/wp-content\/uploads\/2023\/04\/337557220_1329158717680197_2156870938007994332_n-768x576.jpg 768w, https:\/\/arcampin.be\/secondaire\/wp-content\/uploads\/2023\/04\/337557220_1329158717680197_2156870938007994332_n-1536x1152.jpg 1536w, https:\/\/arcampin.be\/secondaire\/wp-content\/uploads\/2023\/04\/337557220_1329158717680197_2156870938007994332_n.jpg 2048w\" sizes=\"(max-width: 1024px) 100vw, 1024px\" \/><\/figure>\n\n\n\n<figure class=\"wp-block-image\"><img src=\"https:\/\/arcampin.be\/secondaire\/wp-content\/uploads\/2023\/04\/337290106_533409265629746_4641587340412864167_n-1024x768.jpg\" alt=\"L\u2019attribut alt de cette image est vide, son nom de fichier est 337290106_533409265629746_4641587340412864167_n-1024x768.jpg.\"\/><\/figure>\n<\/figure>\n\n\n<p><em>Il est maintenant temps de s\u2019endormir avant la visite demain du camp de concentration du Struthof, du M\u00e9morial de l\u2019Alsace-Moselle et de la ville d\u2019Obernay.<\/em><\/p>\n\n\n<figure class=\"wp-block-image size-large\"><img loading=\"lazy\" width=\"1024\" height=\"768\" src=\"https:\/\/arcampin.be\/secondaire\/wp-content\/uploads\/2023\/04\/337885649_160870893281413_6091743757709537977_n-1024x768.jpg\" alt=\"\" class=\"wp-image-8206\" srcset=\"https:\/\/arcampin.be\/secondaire\/wp-content\/uploads\/2023\/04\/337885649_160870893281413_6091743757709537977_n-1024x768.jpg 1024w, https:\/\/arcampin.be\/secondaire\/wp-content\/uploads\/2023\/04\/337885649_160870893281413_6091743757709537977_n-300x225.jpg 300w, https:\/\/arcampin.be\/secondaire\/wp-content\/uploads\/2023\/04\/337885649_160870893281413_6091743757709537977_n-768x576.jpg 768w, https:\/\/arcampin.be\/secondaire\/wp-content\/uploads\/2023\/04\/337885649_160870893281413_6091743757709537977_n-1536x1152.jpg 1536w, https:\/\/arcampin.be\/secondaire\/wp-content\/uploads\/2023\/04\/337885649_160870893281413_6091743757709537977_n.jpg 2048w\" sizes=\"(max-width: 1024px) 100vw, 1024px\" \/><\/figure>\n\n\n\n<figure class=\"wp-container-6 wp-block-gallery-5 wp-block-gallery has-nested-images columns-2 is-cropped\">\n<figure class=\"wp-block-image size-large\"><img loading=\"lazy\" width=\"1024\" height=\"768\" data-id=\"8203\"  src=\"https:\/\/arcampin.be\/secondaire\/wp-content\/uploads\/2023\/04\/342193314_1100270928042656_6254556991478199890_n-1024x768.jpg\" alt=\"\" class=\"wp-image-8203\" srcset=\"https:\/\/arcampin.be\/secondaire\/wp-content\/uploads\/2023\/04\/342193314_1100270928042656_6254556991478199890_n-1024x768.jpg 1024w, https:\/\/arcampin.be\/secondaire\/wp-content\/uploads\/2023\/04\/342193314_1100270928042656_6254556991478199890_n-300x225.jpg 300w, https:\/\/arcampin.be\/secondaire\/wp-content\/uploads\/2023\/04\/342193314_1100270928042656_6254556991478199890_n-768x576.jpg 768w, https:\/\/arcampin.be\/secondaire\/wp-content\/uploads\/2023\/04\/342193314_1100270928042656_6254556991478199890_n-1536x1152.jpg 1536w, https:\/\/arcampin.be\/secondaire\/wp-content\/uploads\/2023\/04\/342193314_1100270928042656_6254556991478199890_n.jpg 2048w\" sizes=\"(max-width: 1024px) 100vw, 1024px\" \/><\/figure>\n\n\n\n<figure class=\"wp-block-image size-large\"><img loading=\"lazy\" width=\"1024\" height=\"768\" data-id=\"8204\"  src=\"https:\/\/arcampin.be\/secondaire\/wp-content\/uploads\/2023\/04\/342205520_2198550343682891_1493114011793310426_n-1024x768.jpg\" alt=\"\" class=\"wp-image-8204\" srcset=\"https:\/\/arcampin.be\/secondaire\/wp-content\/uploads\/2023\/04\/342205520_2198550343682891_1493114011793310426_n-1024x768.jpg 1024w, https:\/\/arcampin.be\/secondaire\/wp-content\/uploads\/2023\/04\/342205520_2198550343682891_1493114011793310426_n-300x225.jpg 300w, https:\/\/arcampin.be\/secondaire\/wp-content\/uploads\/2023\/04\/342205520_2198550343682891_1493114011793310426_n-768x576.jpg 768w, https:\/\/arcampin.be\/secondaire\/wp-content\/uploads\/2023\/04\/342205520_2198550343682891_1493114011793310426_n-1536x1152.jpg 1536w, https:\/\/arcampin.be\/secondaire\/wp-content\/uploads\/2023\/04\/342205520_2198550343682891_1493114011793310426_n.jpg 2048w\" sizes=\"(max-width: 1024px) 100vw, 1024px\" \/><\/figure>\n\n\n\n<figure class=\"wp-block-image size-large\"><img loading=\"lazy\" width=\"1024\" height=\"768\" data-id=\"8205\"  src=\"https:\/\/arcampin.be\/secondaire\/wp-content\/uploads\/2023\/04\/342210219_3414745425503197_3533030673564400658_n-1024x768.jpg\" alt=\"\" class=\"wp-image-8205\" srcset=\"https:\/\/arcampin.be\/secondaire\/wp-content\/uploads\/2023\/04\/342210219_3414745425503197_3533030673564400658_n-1024x768.jpg 1024w, https:\/\/arcampin.be\/secondaire\/wp-content\/uploads\/2023\/04\/342210219_3414745425503197_3533030673564400658_n-300x225.jpg 300w, https:\/\/arcampin.be\/secondaire\/wp-content\/uploads\/2023\/04\/342210219_3414745425503197_3533030673564400658_n-768x576.jpg 768w, https:\/\/arcampin.be\/secondaire\/wp-content\/uploads\/2023\/04\/342210219_3414745425503197_3533030673564400658_n-1536x1152.jpg 1536w, https:\/\/arcampin.be\/secondaire\/wp-content\/uploads\/2023\/04\/342210219_3414745425503197_3533030673564400658_n.jpg 2048w\" sizes=\"(max-width: 1024px) 100vw, 1024px\" \/><\/figure>\n<\/figure>\n\n\n<div class=\"x11i5rnm xat24cr x1mh8g0r x1vvkbs xtlvy1s x126k92a\">\n<div dir=\"auto\"><em>Ce matin, \u00e0 travers la brume, le froid et la pluie, les \u00e9l\u00e8ves ont pu d\u00e9couvrir l\u2019histoire du Struthof, seul camp de concentration \u00e9rig\u00e9 en France, et les conditions r\u00e9elles de d\u00e9tention des d\u00e9port\u00e9s. L\u2019ambiance \u00e9tait parfois lourde en raison de l\u2019histoire v\u00e9cue en ce lieu.<\/em><\/div>\n<div dir=\"auto\">&nbsp;<\/div>\n<\/div>\n\n\n<figure class=\"wp-container-8 wp-block-gallery-7 wp-block-gallery has-nested-images columns-2 is-cropped\">\n<figure class=\"wp-block-image size-large\"><img loading=\"lazy\" width=\"1024\" height=\"768\" data-id=\"8209\"  src=\"https:\/\/arcampin.be\/secondaire\/wp-content\/uploads\/2023\/04\/341383488_1876376592736097_5147404877915904980_n-1024x768.jpg\" alt=\"\" class=\"wp-image-8209\" srcset=\"https:\/\/arcampin.be\/secondaire\/wp-content\/uploads\/2023\/04\/341383488_1876376592736097_5147404877915904980_n-1024x768.jpg 1024w, https:\/\/arcampin.be\/secondaire\/wp-content\/uploads\/2023\/04\/341383488_1876376592736097_5147404877915904980_n-300x225.jpg 300w, https:\/\/arcampin.be\/secondaire\/wp-content\/uploads\/2023\/04\/341383488_1876376592736097_5147404877915904980_n-768x576.jpg 768w, https:\/\/arcampin.be\/secondaire\/wp-content\/uploads\/2023\/04\/341383488_1876376592736097_5147404877915904980_n-1536x1152.jpg 1536w, https:\/\/arcampin.be\/secondaire\/wp-content\/uploads\/2023\/04\/341383488_1876376592736097_5147404877915904980_n.jpg 2048w\" sizes=\"(max-width: 1024px) 100vw, 1024px\" \/><\/figure>\n\n\n\n<figure class=\"wp-block-image size-large\"><img loading=\"lazy\" width=\"1024\" height=\"768\" data-id=\"8208\"  src=\"https:\/\/arcampin.be\/secondaire\/wp-content\/uploads\/2023\/04\/342219231_561541619441781_5147363792813831249_n-1024x768.jpg\" alt=\"\" class=\"wp-image-8208\" srcset=\"https:\/\/arcampin.be\/secondaire\/wp-content\/uploads\/2023\/04\/342219231_561541619441781_5147363792813831249_n-1024x768.jpg 1024w, https:\/\/arcampin.be\/secondaire\/wp-content\/uploads\/2023\/04\/342219231_561541619441781_5147363792813831249_n-300x225.jpg 300w, https:\/\/arcampin.be\/secondaire\/wp-content\/uploads\/2023\/04\/342219231_561541619441781_5147363792813831249_n-768x576.jpg 768w, https:\/\/arcampin.be\/secondaire\/wp-content\/uploads\/2023\/04\/342219231_561541619441781_5147363792813831249_n-1536x1152.jpg 1536w, https:\/\/arcampin.be\/secondaire\/wp-content\/uploads\/2023\/04\/342219231_561541619441781_5147363792813831249_n.jpg 2048w\" sizes=\"(max-width: 1024px) 100vw, 1024px\" \/><\/figure>\n\n\n\n<figure class=\"wp-block-image size-large\"><img loading=\"lazy\" width=\"1024\" height=\"768\" data-id=\"8207\"  src=\"https:\/\/arcampin.be\/secondaire\/wp-content\/uploads\/2023\/04\/337902035_596650909062836_6236094953804522850_n-1024x768.jpg\" alt=\"\" class=\"wp-image-8207\" srcset=\"https:\/\/arcampin.be\/secondaire\/wp-content\/uploads\/2023\/04\/337902035_596650909062836_6236094953804522850_n-1024x768.jpg 1024w, https:\/\/arcampin.be\/secondaire\/wp-content\/uploads\/2023\/04\/337902035_596650909062836_6236094953804522850_n-300x225.jpg 300w, https:\/\/arcampin.be\/secondaire\/wp-content\/uploads\/2023\/04\/337902035_596650909062836_6236094953804522850_n-768x576.jpg 768w, https:\/\/arcampin.be\/secondaire\/wp-content\/uploads\/2023\/04\/337902035_596650909062836_6236094953804522850_n-1536x1152.jpg 1536w, https:\/\/arcampin.be\/secondaire\/wp-content\/uploads\/2023\/04\/337902035_596650909062836_6236094953804522850_n.jpg 2048w\" sizes=\"(max-width: 1024px) 100vw, 1024px\" \/><\/figure>\n<\/figure>\n\n\n\n<figure class=\"wp-container-10 wp-block-gallery-9 wp-block-gallery has-nested-images columns-2 is-cropped\">\n<figure class=\"wp-block-image size-large\"><img loading=\"lazy\" width=\"768\" height=\"1024\" data-id=\"8212\"  src=\"https:\/\/arcampin.be\/secondaire\/wp-content\/uploads\/2023\/04\/337728246_211441594921632_5147399892777506538_n-768x1024.jpg\" alt=\"\" class=\"wp-image-8212\" srcset=\"https:\/\/arcampin.be\/secondaire\/wp-content\/uploads\/2023\/04\/337728246_211441594921632_5147399892777506538_n-768x1024.jpg 768w, https:\/\/arcampin.be\/secondaire\/wp-content\/uploads\/2023\/04\/337728246_211441594921632_5147399892777506538_n-225x300.jpg 225w, https:\/\/arcampin.be\/secondaire\/wp-content\/uploads\/2023\/04\/337728246_211441594921632_5147399892777506538_n-1152x1536.jpg 1152w, https:\/\/arcampin.be\/secondaire\/wp-content\/uploads\/2023\/04\/337728246_211441594921632_5147399892777506538_n.jpg 1536w\" sizes=\"(max-width: 768px) 100vw, 768px\" \/><\/figure>\n\n\n\n<figure class=\"wp-block-image size-large\"><img loading=\"lazy\" width=\"768\" height=\"1024\" data-id=\"8210\"  src=\"https:\/\/arcampin.be\/secondaire\/wp-content\/uploads\/2023\/04\/337904785_121687864225474_61671111998289504_n-768x1024.jpg\" alt=\"\" class=\"wp-image-8210\" srcset=\"https:\/\/arcampin.be\/secondaire\/wp-content\/uploads\/2023\/04\/337904785_121687864225474_61671111998289504_n-768x1024.jpg 768w, https:\/\/arcampin.be\/secondaire\/wp-content\/uploads\/2023\/04\/337904785_121687864225474_61671111998289504_n-225x300.jpg 225w, https:\/\/arcampin.be\/secondaire\/wp-content\/uploads\/2023\/04\/337904785_121687864225474_61671111998289504_n-1152x1536.jpg 1152w, https:\/\/arcampin.be\/secondaire\/wp-content\/uploads\/2023\/04\/337904785_121687864225474_61671111998289504_n.jpg 1536w\" sizes=\"(max-width: 768px) 100vw, 768px\" \/><\/figure>\n\n\n\n<figure class=\"wp-block-image size-large\"><img loading=\"lazy\" width=\"1024\" height=\"768\" data-id=\"8211\"  src=\"https:\/\/arcampin.be\/secondaire\/wp-content\/uploads\/2023\/04\/337899530_971879553973116_4785429193468995848_n-1024x768.jpg\" alt=\"\" class=\"wp-image-8211\" srcset=\"https:\/\/arcampin.be\/secondaire\/wp-content\/uploads\/2023\/04\/337899530_971879553973116_4785429193468995848_n-1024x768.jpg 1024w, https:\/\/arcampin.be\/secondaire\/wp-content\/uploads\/2023\/04\/337899530_971879553973116_4785429193468995848_n-300x225.jpg 300w, https:\/\/arcampin.be\/secondaire\/wp-content\/uploads\/2023\/04\/337899530_971879553973116_4785429193468995848_n-768x576.jpg 768w, https:\/\/arcampin.be\/secondaire\/wp-content\/uploads\/2023\/04\/337899530_971879553973116_4785429193468995848_n-1536x1152.jpg 1536w, https:\/\/arcampin.be\/secondaire\/wp-content\/uploads\/2023\/04\/337899530_971879553973116_4785429193468995848_n.jpg 2048w\" sizes=\"(max-width: 1024px) 100vw, 1024px\" \/><\/figure>\n<\/figure>\n\n\n<div class=\"x11i5rnm xat24cr x1mh8g0r x1vvkbs xtlvy1s x126k92a\">\n<div dir=\"auto\"><em>L\u2019apr\u00e8s-midi \u00e9tait consacr\u00e9e \u00e0 la visite du M\u00e9morial d\u2019Alsace-Moselle o\u00f9 \u00e9tait expliqu\u00e9e l\u2019histoire de cette r\u00e9gion particuli\u00e8re, balanc\u00e9e entre la France et l\u2019Allemagne selon les \u00e9poques de l\u2019histoire.<\/em><\/div>\n<div dir=\"auto\">&nbsp;<\/div>\n<div dir=\"auto\"><em>Immerg\u00e9s dans des salles tr\u00e8s r\u00e9alistes, les \u00e9l\u00e8ves ont ainsi pu comprendre la situation particuli\u00e8re de cette r\u00e9gion.<\/em><\/div>\n<div dir=\"auto\">&nbsp;<\/div>\n<\/div>\n\n\n<figure class=\"wp-container-12 wp-block-gallery-11 wp-block-gallery has-nested-images columns-2 is-cropped\">\n<figure class=\"wp-block-image size-large\"><img loading=\"lazy\" width=\"1024\" height=\"768\" data-id=\"8215\"  src=\"https:\/\/arcampin.be\/secondaire\/wp-content\/uploads\/2023\/04\/337700274_582280767298539_5238632569009436784_n-1024x768.jpg\" alt=\"\" class=\"wp-image-8215\" srcset=\"https:\/\/arcampin.be\/secondaire\/wp-content\/uploads\/2023\/04\/337700274_582280767298539_5238632569009436784_n-1024x768.jpg 1024w, https:\/\/arcampin.be\/secondaire\/wp-content\/uploads\/2023\/04\/337700274_582280767298539_5238632569009436784_n-300x225.jpg 300w, https:\/\/arcampin.be\/secondaire\/wp-content\/uploads\/2023\/04\/337700274_582280767298539_5238632569009436784_n-768x576.jpg 768w, https:\/\/arcampin.be\/secondaire\/wp-content\/uploads\/2023\/04\/337700274_582280767298539_5238632569009436784_n-1536x1152.jpg 1536w, https:\/\/arcampin.be\/secondaire\/wp-content\/uploads\/2023\/04\/337700274_582280767298539_5238632569009436784_n.jpg 2048w\" sizes=\"(max-width: 1024px) 100vw, 1024px\" \/><\/figure>\n\n\n\n<figure class=\"wp-block-image size-large\"><img loading=\"lazy\" width=\"960\" height=\"720\" data-id=\"8214\"  src=\"https:\/\/arcampin.be\/secondaire\/wp-content\/uploads\/2023\/04\/337883638_982805166020990_3225295365524457325_n.jpg\" alt=\"\" class=\"wp-image-8214\" srcset=\"https:\/\/arcampin.be\/secondaire\/wp-content\/uploads\/2023\/04\/337883638_982805166020990_3225295365524457325_n.jpg 960w, https:\/\/arcampin.be\/secondaire\/wp-content\/uploads\/2023\/04\/337883638_982805166020990_3225295365524457325_n-300x225.jpg 300w, https:\/\/arcampin.be\/secondaire\/wp-content\/uploads\/2023\/04\/337883638_982805166020990_3225295365524457325_n-768x576.jpg 768w\" sizes=\"(max-width: 960px) 100vw, 960px\" \/><\/figure>\n\n\n\n<figure class=\"wp-block-image size-large\"><img loading=\"lazy\" width=\"960\" height=\"720\" data-id=\"8213\"  src=\"https:\/\/arcampin.be\/secondaire\/wp-content\/uploads\/2023\/04\/337711017_1679654755802585_5750785132592210530_n.jpg\" alt=\"\" class=\"wp-image-8213\" srcset=\"https:\/\/arcampin.be\/secondaire\/wp-content\/uploads\/2023\/04\/337711017_1679654755802585_5750785132592210530_n.jpg 960w, https:\/\/arcampin.be\/secondaire\/wp-content\/uploads\/2023\/04\/337711017_1679654755802585_5750785132592210530_n-300x225.jpg 300w, https:\/\/arcampin.be\/secondaire\/wp-content\/uploads\/2023\/04\/337711017_1679654755802585_5750785132592210530_n-768x576.jpg 768w\" sizes=\"(max-width: 960px) 100vw, 960px\" \/><\/figure>\n\n\n\n<figure class=\"wp-block-image size-large\"><img loading=\"lazy\" width=\"1024\" height=\"768\" data-id=\"8217\"  src=\"https:\/\/arcampin.be\/secondaire\/wp-content\/uploads\/2023\/04\/342332810_220075027379020_9062955106862252341_n-1024x768.jpg\" alt=\"\" class=\"wp-image-8217\" srcset=\"https:\/\/arcampin.be\/secondaire\/wp-content\/uploads\/2023\/04\/342332810_220075027379020_9062955106862252341_n-1024x768.jpg 1024w, https:\/\/arcampin.be\/secondaire\/wp-content\/uploads\/2023\/04\/342332810_220075027379020_9062955106862252341_n-300x225.jpg 300w, https:\/\/arcampin.be\/secondaire\/wp-content\/uploads\/2023\/04\/342332810_220075027379020_9062955106862252341_n-768x576.jpg 768w, https:\/\/arcampin.be\/secondaire\/wp-content\/uploads\/2023\/04\/342332810_220075027379020_9062955106862252341_n-1536x1152.jpg 1536w, https:\/\/arcampin.be\/secondaire\/wp-content\/uploads\/2023\/04\/342332810_220075027379020_9062955106862252341_n.jpg 2048w\" sizes=\"(max-width: 1024px) 100vw, 1024px\" \/><\/figure>\n<\/figure>\n\n\n<div class=\"x11i5rnm xat24cr x1mh8g0r x1vvkbs xtlvy1s x126k92a\">\n<div dir=\"auto\"><em>La journ\u00e9e s\u2019est termin\u00e9e par la visite libre de la ville d\u2019Obernai avec son architecture alsacienne typique.<\/em><\/div>\n<div dir=\"auto\">&nbsp;<\/div>\n<\/div>\n\n\n<figure class=\"wp-container-14 wp-block-gallery-13 wp-block-gallery has-nested-images columns-2 is-cropped\">\n<figure class=\"wp-block-image size-large\"><img loading=\"lazy\" width=\"768\" height=\"1024\" data-id=\"8218\"  src=\"https:\/\/arcampin.be\/secondaire\/wp-content\/uploads\/2023\/04\/337877389_1215622849092761_5243863924266408287_n-768x1024.jpg\" alt=\"\" class=\"wp-image-8218\" srcset=\"https:\/\/arcampin.be\/secondaire\/wp-content\/uploads\/2023\/04\/337877389_1215622849092761_5243863924266408287_n-768x1024.jpg 768w, https:\/\/arcampin.be\/secondaire\/wp-content\/uploads\/2023\/04\/337877389_1215622849092761_5243863924266408287_n-225x300.jpg 225w, https:\/\/arcampin.be\/secondaire\/wp-content\/uploads\/2023\/04\/337877389_1215622849092761_5243863924266408287_n-1152x1536.jpg 1152w, https:\/\/arcampin.be\/secondaire\/wp-content\/uploads\/2023\/04\/337877389_1215622849092761_5243863924266408287_n.jpg 1536w\" sizes=\"(max-width: 768px) 100vw, 768px\" \/><\/figure>\n\n\n\n<figure class=\"wp-block-image size-large\"><img loading=\"lazy\" width=\"1024\" height=\"768\" data-id=\"8219\"  src=\"https:\/\/arcampin.be\/secondaire\/wp-content\/uploads\/2023\/04\/341355734_1440637300075145_595239298928005293_n-1024x768.jpg\" alt=\"\" class=\"wp-image-8219\" srcset=\"https:\/\/arcampin.be\/secondaire\/wp-content\/uploads\/2023\/04\/341355734_1440637300075145_595239298928005293_n-1024x768.jpg 1024w, https:\/\/arcampin.be\/secondaire\/wp-content\/uploads\/2023\/04\/341355734_1440637300075145_595239298928005293_n-300x225.jpg 300w, https:\/\/arcampin.be\/secondaire\/wp-content\/uploads\/2023\/04\/341355734_1440637300075145_595239298928005293_n-768x576.jpg 768w, https:\/\/arcampin.be\/secondaire\/wp-content\/uploads\/2023\/04\/341355734_1440637300075145_595239298928005293_n-1536x1152.jpg 1536w, https:\/\/arcampin.be\/secondaire\/wp-content\/uploads\/2023\/04\/341355734_1440637300075145_595239298928005293_n.jpg 2048w\" sizes=\"(max-width: 1024px) 100vw, 1024px\" \/><\/figure>\n<\/figure>\n\n\n<p><em>Direction maintenant l\u2019auberge o\u00f9 nous attend un dernier repas chaleureux. Demain, nous prendrons la direction de Strasbourg pour visiter la ville et le Parlement europ\u00e9en avant de prendre la route du retour vers la Belgique.<\/em><\/p>\n\n\n<figure class=\"wp-block-image size-large\"><img loading=\"lazy\" width=\"1024\" height=\"768\" src=\"https:\/\/arcampin.be\/secondaire\/wp-content\/uploads\/2023\/04\/341344146_235581982347461_2710785967031517653_n-1024x768.jpg\" alt=\"\" class=\"wp-image-8261\" srcset=\"https:\/\/arcampin.be\/secondaire\/wp-content\/uploads\/2023\/04\/341344146_235581982347461_2710785967031517653_n-1024x768.jpg 1024w, https:\/\/arcampin.be\/secondaire\/wp-content\/uploads\/2023\/04\/341344146_235581982347461_2710785967031517653_n-300x225.jpg 300w, https:\/\/arcampin.be\/secondaire\/wp-content\/uploads\/2023\/04\/341344146_235581982347461_2710785967031517653_n-768x576.jpg 768w, https:\/\/arcampin.be\/secondaire\/wp-content\/uploads\/2023\/04\/341344146_235581982347461_2710785967031517653_n-1536x1152.jpg 1536w, https:\/\/arcampin.be\/secondaire\/wp-content\/uploads\/2023\/04\/341344146_235581982347461_2710785967031517653_n.jpg 2048w\" sizes=\"(max-width: 1024px) 100vw, 1024px\" \/><\/figure>\n\n\n<div class=\"x11i5rnm xat24cr x1mh8g0r x1vvkbs xtlvy1s x126k92a\">\n<div dir=\"auto\"><em>Comme dit le proverbe, toute bonne chose a une fin. <\/em><em>Cette derni\u00e8re journ\u00e9e \u00e9tait consacr\u00e9e \u00e0 la visite libre de la magnifique ville de Strasbourg et de sa somptueuse cath\u00e9drale\u2026 Fl\u00e2ner sur les quais du Rhin, sous le soleil et en admirant l\u2019architecture typique de la r\u00e9gion alsacienne, \u00e9tait un v\u00e9ritable plaisir.<\/em><\/div>\n<\/div>\n<div class=\"x11i5rnm xat24cr x1mh8g0r x1vvkbs xtlvy1s x126k92a\">\n<div dir=\"auto\">&nbsp;<\/div>\n<\/div>\n<div class=\"x11i5rnm xat24cr x1mh8g0r x1vvkbs xtlvy1s x126k92a\">&nbsp;<\/div>\n\n\n<figure class=\"wp-container-16 wp-block-gallery-15 wp-block-gallery has-nested-images columns-default is-cropped\">\n<figure class=\"wp-block-image size-large\"><img loading=\"lazy\" width=\"1024\" height=\"768\" data-id=\"8264\"  src=\"https:\/\/arcampin.be\/secondaire\/wp-content\/uploads\/2023\/04\/342332607_730977125490696_1625541270283998628_n-1024x768.jpg\" alt=\"\" class=\"wp-image-8264\" srcset=\"https:\/\/arcampin.be\/secondaire\/wp-content\/uploads\/2023\/04\/342332607_730977125490696_1625541270283998628_n-1024x768.jpg 1024w, https:\/\/arcampin.be\/secondaire\/wp-content\/uploads\/2023\/04\/342332607_730977125490696_1625541270283998628_n-300x225.jpg 300w, https:\/\/arcampin.be\/secondaire\/wp-content\/uploads\/2023\/04\/342332607_730977125490696_1625541270283998628_n-768x576.jpg 768w, https:\/\/arcampin.be\/secondaire\/wp-content\/uploads\/2023\/04\/342332607_730977125490696_1625541270283998628_n-1536x1152.jpg 1536w, https:\/\/arcampin.be\/secondaire\/wp-content\/uploads\/2023\/04\/342332607_730977125490696_1625541270283998628_n.jpg 2048w\" sizes=\"(max-width: 1024px) 100vw, 1024px\" \/><\/figure>\n\n\n\n<figure class=\"wp-block-image size-large\"><img loading=\"lazy\" width=\"1024\" height=\"768\" data-id=\"8263\"  src=\"https:\/\/arcampin.be\/secondaire\/wp-content\/uploads\/2023\/04\/342336337_2186344834891309_513548063055432089_n-1024x768.jpg\" alt=\"\" class=\"wp-image-8263\" srcset=\"https:\/\/arcampin.be\/secondaire\/wp-content\/uploads\/2023\/04\/342336337_2186344834891309_513548063055432089_n-1024x768.jpg 1024w, https:\/\/arcampin.be\/secondaire\/wp-content\/uploads\/2023\/04\/342336337_2186344834891309_513548063055432089_n-300x225.jpg 300w, https:\/\/arcampin.be\/secondaire\/wp-content\/uploads\/2023\/04\/342336337_2186344834891309_513548063055432089_n-768x576.jpg 768w, https:\/\/arcampin.be\/secondaire\/wp-content\/uploads\/2023\/04\/342336337_2186344834891309_513548063055432089_n-1536x1152.jpg 1536w, https:\/\/arcampin.be\/secondaire\/wp-content\/uploads\/2023\/04\/342336337_2186344834891309_513548063055432089_n.jpg 2048w\" sizes=\"(max-width: 1024px) 100vw, 1024px\" \/><\/figure>\n<\/figure>\n\n\n<div class=\"x11i5rnm xat24cr x1mh8g0r x1vvkbs xtlvy1s x126k92a\">\n<div dir=\"auto\"><em>Nous tenons \u00e0 remercier le War Heritage Institute, le service \u00ab Hainaut M\u00e9moire \u00bb et la CNPPA (Conf\u00e9d\u00e9ration nationale des prisonniers politiques et ayant droits de Belgique) pour le s\u00e9jour de qualit\u00e9 propos\u00e9 et l\u2019auberge de jeunesse \u00ab L\u2019Ecrin de verdure \u00bb pour l\u2019accueil chaleureux.<\/em><\/div>\n<\/div>\n<div class=\"x11i5rnm xat24cr x1mh8g0r x1vvkbs xtlvy1s x126k92a\">\n<div dir=\"auto\"><em>Durant 3 jours, nos \u00e9l\u00e8ves ont pu partager diverses activit\u00e9s et visites avec les \u00e9l\u00e8ves de l\u2019Institut d\u2019enseignement sp\u00e9cialis\u00e9 de Ghlin et de l\u2019ASBL \u00ab Sen-Sas \u00bb (service d\u2019accrochage scolaire) de Charleroi. Malgr\u00e9 leurs diff\u00e9rences, le comportement de chacun envers l\u2019autre a \u00e9t\u00e9 irr\u00e9prochable.<\/em><\/div>\n<div dir=\"auto\">&nbsp;<\/div>\n<\/div>\n\n\n<figure class=\"wp-container-18 wp-block-gallery-17 wp-block-gallery has-nested-images columns-default is-cropped\">\n<figure class=\"wp-block-image size-large\"><img loading=\"lazy\" width=\"768\" height=\"1024\" data-id=\"8265\"  src=\"https:\/\/arcampin.be\/secondaire\/wp-content\/uploads\/2023\/04\/341337549_614283700571756_1555408168555468352_n-768x1024.jpg\" alt=\"\" class=\"wp-image-8265\" srcset=\"https:\/\/arcampin.be\/secondaire\/wp-content\/uploads\/2023\/04\/341337549_614283700571756_1555408168555468352_n-768x1024.jpg 768w, https:\/\/arcampin.be\/secondaire\/wp-content\/uploads\/2023\/04\/341337549_614283700571756_1555408168555468352_n-225x300.jpg 225w, https:\/\/arcampin.be\/secondaire\/wp-content\/uploads\/2023\/04\/341337549_614283700571756_1555408168555468352_n-1152x1536.jpg 1152w, https:\/\/arcampin.be\/secondaire\/wp-content\/uploads\/2023\/04\/341337549_614283700571756_1555408168555468352_n.jpg 1536w\" sizes=\"(max-width: 768px) 100vw, 768px\" \/><\/figure>\n\n\n\n<figure class=\"wp-block-image size-large\"><img loading=\"lazy\" width=\"768\" height=\"1024\" data-id=\"8267\"  src=\"https:\/\/arcampin.be\/secondaire\/wp-content\/uploads\/2023\/04\/342200657_3364054657176961_8343203605110092358_n-768x1024.jpg\" alt=\"\" class=\"wp-image-8267\" srcset=\"https:\/\/arcampin.be\/secondaire\/wp-content\/uploads\/2023\/04\/342200657_3364054657176961_8343203605110092358_n-768x1024.jpg 768w, https:\/\/arcampin.be\/secondaire\/wp-content\/uploads\/2023\/04\/342200657_3364054657176961_8343203605110092358_n-225x300.jpg 225w, https:\/\/arcampin.be\/secondaire\/wp-content\/uploads\/2023\/04\/342200657_3364054657176961_8343203605110092358_n-1152x1536.jpg 1152w, https:\/\/arcampin.be\/secondaire\/wp-content\/uploads\/2023\/04\/342200657_3364054657176961_8343203605110092358_n.jpg 1536w\" sizes=\"(max-width: 768px) 100vw, 768px\" \/><\/figure>\n\n\n\n<figure class=\"wp-block-image size-large\"><img loading=\"lazy\" width=\"768\" height=\"1024\" data-id=\"8268\"  src=\"https:\/\/arcampin.be\/secondaire\/wp-content\/uploads\/2023\/04\/342338354_556914402986498_870966282001979620_n-768x1024.jpg\" alt=\"\" class=\"wp-image-8268\" srcset=\"https:\/\/arcampin.be\/secondaire\/wp-content\/uploads\/2023\/04\/342338354_556914402986498_870966282001979620_n-768x1024.jpg 768w, https:\/\/arcampin.be\/secondaire\/wp-content\/uploads\/2023\/04\/342338354_556914402986498_870966282001979620_n-225x300.jpg 225w, https:\/\/arcampin.be\/secondaire\/wp-content\/uploads\/2023\/04\/342338354_556914402986498_870966282001979620_n-1152x1536.jpg 1152w, https:\/\/arcampin.be\/secondaire\/wp-content\/uploads\/2023\/04\/342338354_556914402986498_870966282001979620_n.jpg 1536w\" sizes=\"(max-width: 768px) 100vw, 768px\" \/><\/figure>\n\n\n\n<figure class=\"wp-block-image size-large\"><img loading=\"lazy\" width=\"768\" height=\"1024\" data-id=\"8266\"  src=\"https:\/\/arcampin.be\/secondaire\/wp-content\/uploads\/2023\/04\/342370649_1192878771270551_3710408618133175312_n-768x1024.jpg\" alt=\"\" class=\"wp-image-8266\" srcset=\"https:\/\/arcampin.be\/secondaire\/wp-content\/uploads\/2023\/04\/342370649_1192878771270551_3710408618133175312_n-768x1024.jpg 768w, https:\/\/arcampin.be\/secondaire\/wp-content\/uploads\/2023\/04\/342370649_1192878771270551_3710408618133175312_n-225x300.jpg 225w, https:\/\/arcampin.be\/secondaire\/wp-content\/uploads\/2023\/04\/342370649_1192878771270551_3710408618133175312_n-1152x1536.jpg 1152w, https:\/\/arcampin.be\/secondaire\/wp-content\/uploads\/2023\/04\/342370649_1192878771270551_3710408618133175312_n.jpg 1536w\" sizes=\"(max-width: 768px) 100vw, 768px\" \/><\/figure>\n\n\n\n<figure class=\"wp-block-image size-large\"><img loading=\"lazy\" width=\"768\" height=\"1024\" data-id=\"8269\"  src=\"https:\/\/arcampin.be\/secondaire\/wp-content\/uploads\/2023\/04\/342493300_2456740397836506_1696748860318901216_n-768x1024.jpg\" alt=\"\" class=\"wp-image-8269\" srcset=\"https:\/\/arcampin.be\/secondaire\/wp-content\/uploads\/2023\/04\/342493300_2456740397836506_1696748860318901216_n-768x1024.jpg 768w, https:\/\/arcampin.be\/secondaire\/wp-content\/uploads\/2023\/04\/342493300_2456740397836506_1696748860318901216_n-225x300.jpg 225w, https:\/\/arcampin.be\/secondaire\/wp-content\/uploads\/2023\/04\/342493300_2456740397836506_1696748860318901216_n-1152x1536.jpg 1152w, https:\/\/arcampin.be\/secondaire\/wp-content\/uploads\/2023\/04\/342493300_2456740397836506_1696748860318901216_n.jpg 1536w\" sizes=\"(max-width: 768px) 100vw, 768px\" \/><\/figure>\n<\/figure>\n\n\n<div class=\"x11i5rnm xat24cr x1mh8g0r x1vvkbs xtlvy1s x126k92a\">\n<div dir=\"auto\"><em>Nous esp\u00e9rons que tous garderont ce voyage en m\u00e9moire, comme les devoirs qui leur incomberont en tant que citoyens (apr\u00e8s avoir vu les horreurs de la barbarie nazie et d\u2019un r\u00e9gime totalitaire). Nous croyons en eux comme de futurs d\u00e9fenseurs de la d\u00e9mocratie.<\/em><\/div>\n<\/div>\n<div class=\"x11i5rnm xat24cr x1mh8g0r x1vvkbs xtlvy1s x126k92a\">\n<div dir=\"auto\"><em>Pour finir, nous remercions nos \u00e9l\u00e8ves pour leur enthousiasme, leur curiosit\u00e9, leur respect des lieux de m\u00e9moire et leur attitude tout au long du voyage.<\/em><\/div>\n<div dir=\"auto\">&nbsp;<\/div>\n<\/div>\n\n\n<figure class=\"wp-block-image size-large\"><img loading=\"lazy\" width=\"1024\" height=\"768\" src=\"https:\/\/arcampin.be\/secondaire\/wp-content\/uploads\/2023\/04\/342338122_1390713411706464_4319208107130348885_n-1024x768.jpg\" alt=\"\" class=\"wp-image-8270\" srcset=\"https:\/\/arcampin.be\/secondaire\/wp-content\/uploads\/2023\/04\/342338122_1390713411706464_4319208107130348885_n-1024x768.jpg 1024w, https:\/\/arcampin.be\/secondaire\/wp-content\/uploads\/2023\/04\/342338122_1390713411706464_4319208107130348885_n-300x225.jpg 300w, https:\/\/arcampin.be\/secondaire\/wp-content\/uploads\/2023\/04\/342338122_1390713411706464_4319208107130348885_n-768x576.jpg 768w, https:\/\/arcampin.be\/secondaire\/wp-content\/uploads\/2023\/04\/342338122_1390713411706464_4319208107130348885_n-1536x1152.jpg 1536w, https:\/\/arcampin.be\/secondaire\/wp-content\/uploads\/2023\/04\/342338122_1390713411706464_4319208107130348885_n.jpg 2048w\" sizes=\"(max-width: 1024px) 100vw, 1024px\" \/><\/figure>\n\n\n<hr>","protected":false},"excerpt":{"rendered":"<p>Organis\u00e9 par Mr Heyte, professeur responsable de l\u2019option \u00ab Option de Base Histoire \u00bb, ce voyage a pour but de rendre concr\u00e8te la mati\u00e8re vue en classe, le but \u00e9tant de faire de nos \u00e9l\u00e8ves des citoyens critiques et responsables afin que les erreurs du pass\u00e9 ne se reproduisent plus. &nbsp; Nous avons pris le &hellip; <a href=\"https:\/\/arcampin.be\/secondaire\/archives\/8164\" class=\"more-link\">Continuer la lecture de <span class=\"screen-reader-text\">Voyage des options Histoire<\/span> <span class=\"meta-nav\">&rarr;<\/span><\/a><\/p>\n","protected":false},"author":2,"featured_media":0,"comment_status":"closed","ping_status":"open","sticky":false,"template":"","format":"standard","meta":{"jetpack_post_was_ever_published":false},"categories":[25],"tags":[],"jetpack_featured_media_url":"","_links":{"self":[{"href":"https:\/\/arcampin.be\/secondaire\/wp-json\/wp\/v2\/posts\/8164"}],"collection":[{"href":"https:\/\/arcampin.be\/secondaire\/wp-json\/wp\/v2\/posts"}],"about":[{"href":"https:\/\/arcampin.be\/secondaire\/wp-json\/wp\/v2\/types\/post"}],"author":[{"embeddable":true,"href":"https:\/\/arcampin.be\/secondaire\/wp-json\/wp\/v2\/users\/2"}],"replies":[{"embeddable":true,"href":"https:\/\/arcampin.be\/secondaire\/wp-json\/wp\/v2\/comments?post=8164"}],"version-history":[{"count":12,"href":"https:\/\/arcampin.be\/secondaire\/wp-json\/wp\/v2\/posts\/8164\/revisions"}],"predecessor-version":[{"id":8280,"href":"https:\/\/arcampin.be\/secondaire\/wp-json\/wp\/v2\/posts\/8164\/revisions\/8280"}],"wp:attachment":[{"href":"https:\/\/arcampin.be\/secondaire\/wp-json\/wp\/v2\/media?parent=8164"}],"wp:term":[{"taxonomy":"category","embeddable":true,"href":"https:\/\/arcampin.be\/secondaire\/wp-json\/wp\/v2\/categories?post=8164"},{"taxonomy":"post_tag","embeddable":true,"href":"https:\/\/arcampin.be\/secondaire\/wp-json\/wp\/v2\/tags?post=8164"}],"curies":[{"name":"wp","href":"https:\/\/api.w.org\/{rel}","templated":true}]}}