{"id":8144,"date":"2023-04-11T07:45:35","date_gmt":"2023-04-11T06:45:35","guid":{"rendered":"https:\/\/arcampin.be\/secondaire\/?p=8144"},"modified":"2023-04-11T08:57:29","modified_gmt":"2023-04-11T07:57:29","slug":"devoir-de-memoire-2","status":"publish","type":"post","link":"https:\/\/arcampin.be\/secondaire\/archives\/8144","title":{"rendered":"Devoir de m\u00e9moire"},"content":{"rendered":"\n<figure class=\"wp-block-image size-large\"><img loading=\"lazy\" width=\"1024\" height=\"768\" src=\"https:\/\/arcampin.be\/secondaire\/wp-content\/uploads\/2023\/04\/340084833_748036093530912_970486445896132324_n-1024x768.jpg\" alt=\"\" class=\"wp-image-8145\" srcset=\"https:\/\/arcampin.be\/secondaire\/wp-content\/uploads\/2023\/04\/340084833_748036093530912_970486445896132324_n-1024x768.jpg 1024w, https:\/\/arcampin.be\/secondaire\/wp-content\/uploads\/2023\/04\/340084833_748036093530912_970486445896132324_n-300x225.jpg 300w, https:\/\/arcampin.be\/secondaire\/wp-content\/uploads\/2023\/04\/340084833_748036093530912_970486445896132324_n-768x576.jpg 768w, https:\/\/arcampin.be\/secondaire\/wp-content\/uploads\/2023\/04\/340084833_748036093530912_970486445896132324_n-1536x1152.jpg 1536w, https:\/\/arcampin.be\/secondaire\/wp-content\/uploads\/2023\/04\/340084833_748036093530912_970486445896132324_n.jpg 2048w\" sizes=\"(max-width: 1024px) 100vw, 1024px\" \/><\/figure>\n\n\n<div dir=\"auto\"><em>Parce que le devoir de m\u00e9moire est indispensable si nous voulons \u00e9viter que les horreurs du pass\u00e9 ne se reproduisent, les \u00e9l\u00e8ves de l&rsquo;option histoire ont partag\u00e9 leurs connaissances et ont permis aux \u00e9l\u00e8ves de 2C de mieux comprendre le g\u00e9nocide qui a ravag\u00e9 le Rwanda en 1994.<\/em><\/div>\n<div dir=\"auto\">\u00a0<\/div>\n<div dir=\"auto\"><em>Merci \u00e0 Monsieur Heyte pour ce beau projet. Et merci aux \u00e9l\u00e8ves pour leur attitude irr\u00e9prochable.<\/em><\/div>\n<div dir=\"auto\">\u00a0<\/div>\n\n<hr \/>\n<p>\u00a0<\/p>","protected":false},"excerpt":{"rendered":"<p>Parce que le devoir de m\u00e9moire est indispensable si nous voulons \u00e9viter que les horreurs du pass\u00e9 ne se reproduisent, les \u00e9l\u00e8ves de l&rsquo;option histoire ont partag\u00e9 leurs connaissances et ont permis aux \u00e9l\u00e8ves de 2C de mieux comprendre le g\u00e9nocide qui a ravag\u00e9 le Rwanda en 1994. \u00a0 Merci \u00e0 Monsieur Heyte pour ce &hellip; <a href=\"https:\/\/arcampin.be\/secondaire\/archives\/8144\" class=\"more-link\">Continuer la lecture de <span class=\"screen-reader-text\">Devoir de m\u00e9moire<\/span> <span class=\"meta-nav\">&rarr;<\/span><\/a><\/p>\n","protected":false},"author":2,"featured_media":0,"comment_status":"closed","ping_status":"open","sticky":false,"template":"","format":"standard","meta":{"jetpack_post_was_ever_published":false},"categories":[16],"tags":[],"jetpack_featured_media_url":"","_links":{"self":[{"href":"https:\/\/arcampin.be\/secondaire\/wp-json\/wp\/v2\/posts\/8144"}],"collection":[{"href":"https:\/\/arcampin.be\/secondaire\/wp-json\/wp\/v2\/posts"}],"about":[{"href":"https:\/\/arcampin.be\/secondaire\/wp-json\/wp\/v2\/types\/post"}],"author":[{"embeddable":true,"href":"https:\/\/arcampin.be\/secondaire\/wp-json\/wp\/v2\/users\/2"}],"replies":[{"embeddable":true,"href":"https:\/\/arcampin.be\/secondaire\/wp-json\/wp\/v2\/comments?post=8144"}],"version-history":[{"count":2,"href":"https:\/\/arcampin.be\/secondaire\/wp-json\/wp\/v2\/posts\/8144\/revisions"}],"predecessor-version":[{"id":8148,"href":"https:\/\/arcampin.be\/secondaire\/wp-json\/wp\/v2\/posts\/8144\/revisions\/8148"}],"wp:attachment":[{"href":"https:\/\/arcampin.be\/secondaire\/wp-json\/wp\/v2\/media?parent=8144"}],"wp:term":[{"taxonomy":"category","embeddable":true,"href":"https:\/\/arcampin.be\/secondaire\/wp-json\/wp\/v2\/categories?post=8144"},{"taxonomy":"post_tag","embeddable":true,"href":"https:\/\/arcampin.be\/secondaire\/wp-json\/wp\/v2\/tags?post=8144"}],"curies":[{"name":"wp","href":"https:\/\/api.w.org\/{rel}","templated":true}]}}