{"id":8141,"date":"2023-04-11T06:44:24","date_gmt":"2023-04-11T05:44:24","guid":{"rendered":"https:\/\/arcampin.be\/secondaire\/?p=8141"},"modified":"2023-04-17T09:19:02","modified_gmt":"2023-04-17T08:19:02","slug":"operation-pieces-rouges-3","status":"publish","type":"post","link":"https:\/\/arcampin.be\/secondaire\/archives\/8141","title":{"rendered":"Op\u00e9ration Pi\u00e8ces Rouges"},"content":{"rendered":"\n<figure class=\"wp-block-image size-large\"><img loading=\"lazy\" width=\"768\" height=\"1024\" src=\"https:\/\/arcampin.be\/secondaire\/wp-content\/uploads\/2023\/04\/340220907_1566114897199815_8356189665373440541_n-768x1024.jpg\" alt=\"\" class=\"wp-image-8142\" srcset=\"https:\/\/arcampin.be\/secondaire\/wp-content\/uploads\/2023\/04\/340220907_1566114897199815_8356189665373440541_n-768x1024.jpg 768w, https:\/\/arcampin.be\/secondaire\/wp-content\/uploads\/2023\/04\/340220907_1566114897199815_8356189665373440541_n-225x300.jpg 225w, https:\/\/arcampin.be\/secondaire\/wp-content\/uploads\/2023\/04\/340220907_1566114897199815_8356189665373440541_n.jpg 1125w\" sizes=\"(max-width: 768px) 100vw, 768px\" \/><\/figure>\n\n\n<div dir=\"auto\"><em>Agr\u00e9able matin\u00e9e avec les animateurs de Bel RTL et de l\u2019op\u00e9ration pi\u00e8ces rouges.<\/em><\/div>\n<div dir=\"auto\"><em>Bravo \u00e0 nos danseurs qui ont assur\u00e9 l\u2019ambiance et surtout merci \u00e0 tous pour ce bel \u00e9lan de solidarit\u00e9\u2026 <\/em><\/div>\n<h3 dir=\"auto\" style=\"text-align: center;\"><strong><em>90 kg de pi\u00e8ces r\u00e9colt\u00e9es !<\/em><\/strong><\/h3>\n<div dir=\"auto\" style=\"text-align: left;\"><em>(<a href=\"https:\/\/www.facebook.com\/groups\/arcampin\/\" target=\"_blank\" rel=\"noopener\">Davantage de photos sur le compte Facebook de l&rsquo;Ath\u00e9n\u00e9e<\/a>) <\/em><em>Leon Lebouchon <a class=\"x1i10hfl xjbqb8w x6umtig x1b1mbwd xaqea5y xav7gou x9f619 x1ypdohk xt0psk2 xe8uvvx xdj266r x11i5rnm xat24cr x1mh8g0r xexx8yu x4uap5 x18d9i69 xkhd6sd x16tdsg8 x1hl2dhg xggy1nq x1a2a7pz xt0b8zv x1qq9wsj xo1l8bm\" tabindex=\"0\" role=\"link\" href=\"https:\/\/www.facebook.com\/groups\/lesamisdopr\/?__cft__[0]=AZUH_09ww97Qln6uRSxYp4ejHMnLqEum2Gs5OgsaHt98dMoOJwCWx3tsXw6Kbnm7oIwE0llgfPr4_W9JJq7E3Xh3jjwrMFfUbfc0_YxmVcMhaQFTeAzp5NffuEfN80tfoNU2QxnGBCHtJ7lUgrwfJjW6npoKx-on_VL2nfppCZ8epQO9NdMlbtWidP8mwrKKfXbktwdSlTYOFQkhWNYn9gadS36R5KKpytprYHH5H3g3yXXIzXSEawH2pJE8QwA-Y0k&amp;__tn__=-UK-R\">Les amis d&rsquo;OPR<\/a> RTL TVI T\u00e9l\u00e9vie B\u00e9r\u00e9nice Bourgueil.<\/em><\/div>\n<div dir=\"auto\">\u00a0<\/div>\n<div dir=\"auto\">\u00a0<\/div>\n<hr \/>","protected":false},"excerpt":{"rendered":"<p>Agr\u00e9able matin\u00e9e avec les animateurs de Bel RTL et de l\u2019op\u00e9ration pi\u00e8ces rouges. Bravo \u00e0 nos danseurs qui ont assur\u00e9 l\u2019ambiance et surtout merci \u00e0 tous pour ce bel \u00e9lan de solidarit\u00e9\u2026 90 kg de pi\u00e8ces r\u00e9colt\u00e9es ! (Davantage de photos sur le compte Facebook de l&rsquo;Ath\u00e9n\u00e9e) Leon Lebouchon Les amis d&rsquo;OPR RTL TVI T\u00e9l\u00e9vie &hellip; <a href=\"https:\/\/arcampin.be\/secondaire\/archives\/8141\" class=\"more-link\">Continuer la lecture de <span class=\"screen-reader-text\">Op\u00e9ration Pi\u00e8ces Rouges<\/span> <span class=\"meta-nav\">&rarr;<\/span><\/a><\/p>\n","protected":false},"author":2,"featured_media":0,"comment_status":"closed","ping_status":"open","sticky":false,"template":"","format":"standard","meta":{"jetpack_post_was_ever_published":false},"categories":[16],"tags":[],"jetpack_featured_media_url":"","_links":{"self":[{"href":"https:\/\/arcampin.be\/secondaire\/wp-json\/wp\/v2\/posts\/8141"}],"collection":[{"href":"https:\/\/arcampin.be\/secondaire\/wp-json\/wp\/v2\/posts"}],"about":[{"href":"https:\/\/arcampin.be\/secondaire\/wp-json\/wp\/v2\/types\/post"}],"author":[{"embeddable":true,"href":"https:\/\/arcampin.be\/secondaire\/wp-json\/wp\/v2\/users\/2"}],"replies":[{"embeddable":true,"href":"https:\/\/arcampin.be\/secondaire\/wp-json\/wp\/v2\/comments?post=8141"}],"version-history":[{"count":6,"href":"https:\/\/arcampin.be\/secondaire\/wp-json\/wp\/v2\/posts\/8141\/revisions"}],"predecessor-version":[{"id":8172,"href":"https:\/\/arcampin.be\/secondaire\/wp-json\/wp\/v2\/posts\/8141\/revisions\/8172"}],"wp:attachment":[{"href":"https:\/\/arcampin.be\/secondaire\/wp-json\/wp\/v2\/media?parent=8141"}],"wp:term":[{"taxonomy":"category","embeddable":true,"href":"https:\/\/arcampin.be\/secondaire\/wp-json\/wp\/v2\/categories?post=8141"},{"taxonomy":"post_tag","embeddable":true,"href":"https:\/\/arcampin.be\/secondaire\/wp-json\/wp\/v2\/tags?post=8141"}],"curies":[{"name":"wp","href":"https:\/\/api.w.org\/{rel}","templated":true}]}}