{"id":8122,"date":"2023-04-06T08:57:41","date_gmt":"2023-04-06T07:57:41","guid":{"rendered":"https:\/\/arcampin.be\/secondaire\/?p=8122"},"modified":"2023-04-06T13:38:36","modified_gmt":"2023-04-06T12:38:36","slug":"100-jours-des-rhetos-2","status":"publish","type":"post","link":"https:\/\/arcampin.be\/secondaire\/archives\/8122","title":{"rendered":"100 jours des rh\u00e9tos"},"content":{"rendered":"\n<figure class=\"wp-block-image size-large\"><img loading=\"lazy\" width=\"1024\" height=\"768\" src=\"https:\/\/arcampin.be\/secondaire\/wp-content\/uploads\/2023\/04\/336213473_232360989276933_4663728053508595715_n-1024x768.jpg\" alt=\"\" class=\"wp-image-8124\" srcset=\"https:\/\/arcampin.be\/secondaire\/wp-content\/uploads\/2023\/04\/336213473_232360989276933_4663728053508595715_n-1024x768.jpg 1024w, https:\/\/arcampin.be\/secondaire\/wp-content\/uploads\/2023\/04\/336213473_232360989276933_4663728053508595715_n-300x225.jpg 300w, https:\/\/arcampin.be\/secondaire\/wp-content\/uploads\/2023\/04\/336213473_232360989276933_4663728053508595715_n-768x576.jpg 768w, https:\/\/arcampin.be\/secondaire\/wp-content\/uploads\/2023\/04\/336213473_232360989276933_4663728053508595715_n-1536x1152.jpg 1536w, https:\/\/arcampin.be\/secondaire\/wp-content\/uploads\/2023\/04\/336213473_232360989276933_4663728053508595715_n.jpg 2048w\" sizes=\"(max-width: 1024px) 100vw, 1024px\" \/><\/figure>\n\n\n<div class=\"x11i5rnm xat24cr x1mh8g0r x1vvkbs xdj266r x126k92a\">\n<div dir=\"auto\">L\u2019\u00e9cole en f\u00eate, des sourires sur les visages de tous nos \u00e9l\u00e8ves, les rhetos ont r\u00e9ussi leur coup et marqu\u00e9 de leur empreinte leurs 100 derniers jours symboliques avant la fin de l\u2019ann\u00e9e scolaire.<\/div>\n<\/div>\n<div class=\"x11i5rnm xat24cr x1mh8g0r x1vvkbs xtlvy1s x126k92a\">\n<div dir=\"auto\">Plus qu\u2019une derni\u00e8re ligne droite !<\/div>\n<div dir=\"auto\">&nbsp;<\/div>\n<\/div>\n<div class=\"x11i5rnm xat24cr x1mh8g0r x1vvkbs xtlvy1s x126k92a\">\n<div dir=\"auto\">Merci \u00e0 tous pour votre bonne humeur g\u00e9n\u00e9rale durant ce jour particulier !<\/div>\n<\/div>\n<div dir=\"auto\">&nbsp;<\/div>\n\n\n<figure class=\"wp-container-2 wp-block-gallery-1 wp-block-gallery has-nested-images columns-default is-cropped\">\n<figure class=\"wp-block-image size-large\"><img loading=\"lazy\" width=\"2048\" height=\"1536\" data-id=\"8126\"  src=\"https:\/\/arcampin.be\/secondaire\/wp-content\/uploads\/2023\/04\/336667282_753787639689776_2075869140048330168_n.jpg\" alt=\"\" class=\"wp-image-8126\" srcset=\"https:\/\/arcampin.be\/secondaire\/wp-content\/uploads\/2023\/04\/336667282_753787639689776_2075869140048330168_n.jpg 2048w, https:\/\/arcampin.be\/secondaire\/wp-content\/uploads\/2023\/04\/336667282_753787639689776_2075869140048330168_n-300x225.jpg 300w, https:\/\/arcampin.be\/secondaire\/wp-content\/uploads\/2023\/04\/336667282_753787639689776_2075869140048330168_n-1024x768.jpg 1024w, https:\/\/arcampin.be\/secondaire\/wp-content\/uploads\/2023\/04\/336667282_753787639689776_2075869140048330168_n-768x576.jpg 768w, https:\/\/arcampin.be\/secondaire\/wp-content\/uploads\/2023\/04\/336667282_753787639689776_2075869140048330168_n-1536x1152.jpg 1536w\" sizes=\"(max-width: 2048px) 100vw, 2048px\" \/><\/figure>\n\n\n\n<figure class=\"wp-block-image size-large\"><img loading=\"lazy\" width=\"1536\" height=\"2048\" data-id=\"8125\"  src=\"https:\/\/arcampin.be\/secondaire\/wp-content\/uploads\/2023\/04\/336289389_267786118904761_7094630238653395503_n-1.jpg\" alt=\"\" class=\"wp-image-8125\" srcset=\"https:\/\/arcampin.be\/secondaire\/wp-content\/uploads\/2023\/04\/336289389_267786118904761_7094630238653395503_n-1.jpg 1536w, https:\/\/arcampin.be\/secondaire\/wp-content\/uploads\/2023\/04\/336289389_267786118904761_7094630238653395503_n-1-225x300.jpg 225w, https:\/\/arcampin.be\/secondaire\/wp-content\/uploads\/2023\/04\/336289389_267786118904761_7094630238653395503_n-1-768x1024.jpg 768w, https:\/\/arcampin.be\/secondaire\/wp-content\/uploads\/2023\/04\/336289389_267786118904761_7094630238653395503_n-1-1152x1536.jpg 1152w\" sizes=\"(max-width: 1536px) 100vw, 1536px\" \/><\/figure>\n<\/figure>\n\n\n<hr>","protected":false},"excerpt":{"rendered":"<p>L\u2019\u00e9cole en f\u00eate, des sourires sur les visages de tous nos \u00e9l\u00e8ves, les rhetos ont r\u00e9ussi leur coup et marqu\u00e9 de leur empreinte leurs 100 derniers jours symboliques avant la fin de l\u2019ann\u00e9e scolaire. Plus qu\u2019une derni\u00e8re ligne droite ! &nbsp; Merci \u00e0 tous pour votre bonne humeur g\u00e9n\u00e9rale durant ce jour particulier ! &nbsp;<\/p>\n","protected":false},"author":2,"featured_media":0,"comment_status":"closed","ping_status":"open","sticky":false,"template":"","format":"standard","meta":{"jetpack_post_was_ever_published":false},"categories":[16],"tags":[],"jetpack_featured_media_url":"","_links":{"self":[{"href":"https:\/\/arcampin.be\/secondaire\/wp-json\/wp\/v2\/posts\/8122"}],"collection":[{"href":"https:\/\/arcampin.be\/secondaire\/wp-json\/wp\/v2\/posts"}],"about":[{"href":"https:\/\/arcampin.be\/secondaire\/wp-json\/wp\/v2\/types\/post"}],"author":[{"embeddable":true,"href":"https:\/\/arcampin.be\/secondaire\/wp-json\/wp\/v2\/users\/2"}],"replies":[{"embeddable":true,"href":"https:\/\/arcampin.be\/secondaire\/wp-json\/wp\/v2\/comments?post=8122"}],"version-history":[{"count":3,"href":"https:\/\/arcampin.be\/secondaire\/wp-json\/wp\/v2\/posts\/8122\/revisions"}],"predecessor-version":[{"id":8135,"href":"https:\/\/arcampin.be\/secondaire\/wp-json\/wp\/v2\/posts\/8122\/revisions\/8135"}],"wp:attachment":[{"href":"https:\/\/arcampin.be\/secondaire\/wp-json\/wp\/v2\/media?parent=8122"}],"wp:term":[{"taxonomy":"category","embeddable":true,"href":"https:\/\/arcampin.be\/secondaire\/wp-json\/wp\/v2\/categories?post=8122"},{"taxonomy":"post_tag","embeddable":true,"href":"https:\/\/arcampin.be\/secondaire\/wp-json\/wp\/v2\/tags?post=8122"}],"curies":[{"name":"wp","href":"https:\/\/api.w.org\/{rel}","templated":true}]}}