{"id":8109,"date":"2023-04-05T07:58:34","date_gmt":"2023-04-05T06:58:34","guid":{"rendered":"https:\/\/arcampin.be\/secondaire\/?p=8109"},"modified":"2023-04-05T07:58:34","modified_gmt":"2023-04-05T06:58:34","slug":"journee-droits-de-lhomme","status":"publish","type":"post","link":"https:\/\/arcampin.be\/secondaire\/archives\/8109","title":{"rendered":"Journ\u00e9e Droits de l\u2019homme"},"content":{"rendered":"\n<figure class=\"wp-block-image size-large\"><img loading=\"lazy\" width=\"1024\" height=\"768\" src=\"https:\/\/arcampin.be\/secondaire\/wp-content\/uploads\/2023\/04\/336168908_531049129238909_771964691830035313_n-1024x768.jpg\" alt=\"\" class=\"wp-image-8112\" srcset=\"https:\/\/arcampin.be\/secondaire\/wp-content\/uploads\/2023\/04\/336168908_531049129238909_771964691830035313_n-1024x768.jpg 1024w, https:\/\/arcampin.be\/secondaire\/wp-content\/uploads\/2023\/04\/336168908_531049129238909_771964691830035313_n-300x225.jpg 300w, https:\/\/arcampin.be\/secondaire\/wp-content\/uploads\/2023\/04\/336168908_531049129238909_771964691830035313_n-768x576.jpg 768w, https:\/\/arcampin.be\/secondaire\/wp-content\/uploads\/2023\/04\/336168908_531049129238909_771964691830035313_n-1536x1152.jpg 1536w, https:\/\/arcampin.be\/secondaire\/wp-content\/uploads\/2023\/04\/336168908_531049129238909_771964691830035313_n.jpg 2048w\" sizes=\"(max-width: 1024px) 100vw, 1024px\" \/><\/figure>\n\n\n<div class=\"x11i5rnm xat24cr x1mh8g0r x1vvkbs xtlvy1s x126k92a\">\n<div dir=\"auto\"><em>En lien avec la s\u00e9quence sur les Lumi\u00e8res au XVIIIe si\u00e8cle et la d\u00e9claration des droits de l\u2019homme et du citoyen de 1789, les \u00e9l\u00e8ves de 6B ont \u00e9t\u00e9 sensibilis\u00e9s via diff\u00e9rentes activit\u00e9s :<\/em><\/div>\n<div dir=\"auto\">\u00a0<\/div>\n<div dir=\"auto\"><em>&#8211; la migration et les droits des migrants par Amnesty International<\/em><\/div>\n<div dir=\"auto\"><em>&#8211; les t\u00e9moignages poignants de migrants du centre Croix Rouge de Tournai<\/em><\/div>\n<div dir=\"auto\"><em>&#8211; l\u2019utilisation de l\u2019outil \u00ab Walk in my shoes \u00bb dans une des cyberclasses de l\u2019\u00e9cole<\/em><\/div>\n<div dir=\"auto\">\u00a0<\/div>\n<\/div>\n<div class=\"x11i5rnm xat24cr x1mh8g0r x1vvkbs xtlvy1s x126k92a\">\n<div dir=\"auto\"><em>En esp\u00e9rant que cette journ\u00e9e les ait fait grandir et prendre conscience des valeurs de libert\u00e9, d\u2019\u00e9galit\u00e9 et de fraternit\u00e9. Ce sont les citoyens de demain.<\/em><\/div>\n<\/div>\n\n\n<figure class=\"wp-container-2 wp-block-gallery-1 wp-block-gallery has-nested-images columns-default is-cropped\">\n<figure class=\"wp-block-image size-large\"><img loading=\"lazy\" width=\"1024\" height=\"768\" data-id=\"8111\"  src=\"https:\/\/arcampin.be\/secondaire\/wp-content\/uploads\/2023\/04\/336362614_1229788377648204_8094713809959167665_n-1024x768.jpg\" alt=\"\" class=\"wp-image-8111\" srcset=\"https:\/\/arcampin.be\/secondaire\/wp-content\/uploads\/2023\/04\/336362614_1229788377648204_8094713809959167665_n-1024x768.jpg 1024w, https:\/\/arcampin.be\/secondaire\/wp-content\/uploads\/2023\/04\/336362614_1229788377648204_8094713809959167665_n-300x225.jpg 300w, https:\/\/arcampin.be\/secondaire\/wp-content\/uploads\/2023\/04\/336362614_1229788377648204_8094713809959167665_n-768x576.jpg 768w, https:\/\/arcampin.be\/secondaire\/wp-content\/uploads\/2023\/04\/336362614_1229788377648204_8094713809959167665_n-1536x1152.jpg 1536w, https:\/\/arcampin.be\/secondaire\/wp-content\/uploads\/2023\/04\/336362614_1229788377648204_8094713809959167665_n.jpg 2048w\" sizes=\"(max-width: 1024px) 100vw, 1024px\" \/><\/figure>\n\n\n\n<figure class=\"wp-block-image size-large\"><img loading=\"lazy\" width=\"1024\" height=\"768\" data-id=\"8110\"  src=\"https:\/\/arcampin.be\/secondaire\/wp-content\/uploads\/2023\/04\/336539881_755074446001560_202382559828745650_n-1024x768.jpg\" alt=\"\" class=\"wp-image-8110\" srcset=\"https:\/\/arcampin.be\/secondaire\/wp-content\/uploads\/2023\/04\/336539881_755074446001560_202382559828745650_n-1024x768.jpg 1024w, https:\/\/arcampin.be\/secondaire\/wp-content\/uploads\/2023\/04\/336539881_755074446001560_202382559828745650_n-300x225.jpg 300w, https:\/\/arcampin.be\/secondaire\/wp-content\/uploads\/2023\/04\/336539881_755074446001560_202382559828745650_n-768x576.jpg 768w, https:\/\/arcampin.be\/secondaire\/wp-content\/uploads\/2023\/04\/336539881_755074446001560_202382559828745650_n-1536x1152.jpg 1536w, https:\/\/arcampin.be\/secondaire\/wp-content\/uploads\/2023\/04\/336539881_755074446001560_202382559828745650_n.jpg 2048w\" sizes=\"(max-width: 1024px) 100vw, 1024px\" \/><\/figure>\n<\/figure>\n\n\n<hr \/>\n<p>\u00a0<\/p>","protected":false},"excerpt":{"rendered":"<p>En lien avec la s\u00e9quence sur les Lumi\u00e8res au XVIIIe si\u00e8cle et la d\u00e9claration des droits de l\u2019homme et du citoyen de 1789, les \u00e9l\u00e8ves de 6B ont \u00e9t\u00e9 sensibilis\u00e9s via diff\u00e9rentes activit\u00e9s : \u00a0 &#8211; la migration et les droits des migrants par Amnesty International &#8211; les t\u00e9moignages poignants de migrants du centre Croix &hellip; <a href=\"https:\/\/arcampin.be\/secondaire\/archives\/8109\" class=\"more-link\">Continuer la lecture de <span class=\"screen-reader-text\">Journ\u00e9e Droits de l\u2019homme<\/span> <span class=\"meta-nav\">&rarr;<\/span><\/a><\/p>\n","protected":false},"author":2,"featured_media":0,"comment_status":"closed","ping_status":"open","sticky":false,"template":"","format":"standard","meta":{"jetpack_post_was_ever_published":false},"categories":[16],"tags":[],"jetpack_featured_media_url":"","_links":{"self":[{"href":"https:\/\/arcampin.be\/secondaire\/wp-json\/wp\/v2\/posts\/8109"}],"collection":[{"href":"https:\/\/arcampin.be\/secondaire\/wp-json\/wp\/v2\/posts"}],"about":[{"href":"https:\/\/arcampin.be\/secondaire\/wp-json\/wp\/v2\/types\/post"}],"author":[{"embeddable":true,"href":"https:\/\/arcampin.be\/secondaire\/wp-json\/wp\/v2\/users\/2"}],"replies":[{"embeddable":true,"href":"https:\/\/arcampin.be\/secondaire\/wp-json\/wp\/v2\/comments?post=8109"}],"version-history":[{"count":1,"href":"https:\/\/arcampin.be\/secondaire\/wp-json\/wp\/v2\/posts\/8109\/revisions"}],"predecessor-version":[{"id":8113,"href":"https:\/\/arcampin.be\/secondaire\/wp-json\/wp\/v2\/posts\/8109\/revisions\/8113"}],"wp:attachment":[{"href":"https:\/\/arcampin.be\/secondaire\/wp-json\/wp\/v2\/media?parent=8109"}],"wp:term":[{"taxonomy":"category","embeddable":true,"href":"https:\/\/arcampin.be\/secondaire\/wp-json\/wp\/v2\/categories?post=8109"},{"taxonomy":"post_tag","embeddable":true,"href":"https:\/\/arcampin.be\/secondaire\/wp-json\/wp\/v2\/tags?post=8109"}],"curies":[{"name":"wp","href":"https:\/\/api.w.org\/{rel}","templated":true}]}}