{"id":8104,"date":"2023-04-05T07:55:41","date_gmt":"2023-04-05T06:55:41","guid":{"rendered":"https:\/\/arcampin.be\/secondaire\/?p=8104"},"modified":"2023-04-05T07:55:41","modified_gmt":"2023-04-05T06:55:41","slug":"excursion-des-eleves-de-sciences-economiques","status":"publish","type":"post","link":"https:\/\/arcampin.be\/secondaire\/archives\/8104","title":{"rendered":"Excursion des \u00e9l\u00e8ves de sciences \u00e9conomiques"},"content":{"rendered":"\n<figure class=\"wp-block-image size-large\"><img loading=\"lazy\" width=\"1024\" height=\"768\" src=\"https:\/\/arcampin.be\/secondaire\/wp-content\/uploads\/2023\/04\/339127866_1586147731896961_8186148606463523453_n-1024x768.jpg\" alt=\"\" class=\"wp-image-8107\" srcset=\"https:\/\/arcampin.be\/secondaire\/wp-content\/uploads\/2023\/04\/339127866_1586147731896961_8186148606463523453_n-1024x768.jpg 1024w, https:\/\/arcampin.be\/secondaire\/wp-content\/uploads\/2023\/04\/339127866_1586147731896961_8186148606463523453_n-300x225.jpg 300w, https:\/\/arcampin.be\/secondaire\/wp-content\/uploads\/2023\/04\/339127866_1586147731896961_8186148606463523453_n-768x576.jpg 768w, https:\/\/arcampin.be\/secondaire\/wp-content\/uploads\/2023\/04\/339127866_1586147731896961_8186148606463523453_n-1536x1152.jpg 1536w, https:\/\/arcampin.be\/secondaire\/wp-content\/uploads\/2023\/04\/339127866_1586147731896961_8186148606463523453_n.jpg 2048w\" sizes=\"(max-width: 1024px) 100vw, 1024px\" \/><\/figure>\n\n\n<div dir=\"auto\"><em>La semaine pass\u00e9e, les \u00e9l\u00e8ves de 4\u00e8mes sciences-\u00e9co ont eu la chance d\u2019aller visiter le mus\u00e9e des institutions europ\u00e9ennes et le parlement f\u00e9d\u00e9ral.<\/em><\/div>\n<div dir=\"auto\">\u00a0<\/div>\n<div dir=\"auto\"><em>Un chouette moment enrichissant !<\/em><\/div>\n<div dir=\"auto\">\u00a0<\/div>\n\n\n<figure class=\"wp-container-2 wp-block-gallery-1 wp-block-gallery has-nested-images columns-default is-cropped\">\n<figure class=\"wp-block-image size-large\"><img loading=\"lazy\" width=\"768\" height=\"1024\" data-id=\"8105\"  src=\"https:\/\/arcampin.be\/secondaire\/wp-content\/uploads\/2023\/04\/339281325_769614867890298_2326616213379547293_n-768x1024.jpg\" alt=\"\" class=\"wp-image-8105\" srcset=\"https:\/\/arcampin.be\/secondaire\/wp-content\/uploads\/2023\/04\/339281325_769614867890298_2326616213379547293_n-768x1024.jpg 768w, https:\/\/arcampin.be\/secondaire\/wp-content\/uploads\/2023\/04\/339281325_769614867890298_2326616213379547293_n-225x300.jpg 225w, https:\/\/arcampin.be\/secondaire\/wp-content\/uploads\/2023\/04\/339281325_769614867890298_2326616213379547293_n-1152x1536.jpg 1152w, https:\/\/arcampin.be\/secondaire\/wp-content\/uploads\/2023\/04\/339281325_769614867890298_2326616213379547293_n.jpg 1536w\" sizes=\"(max-width: 768px) 100vw, 768px\" \/><\/figure>\n\n\n\n<figure class=\"wp-block-image size-large\"><img loading=\"lazy\" width=\"768\" height=\"1024\" data-id=\"8106\"  src=\"https:\/\/arcampin.be\/secondaire\/wp-content\/uploads\/2023\/04\/339412760_610256157684877_4311598723966455914_n-768x1024.jpg\" alt=\"\" class=\"wp-image-8106\" srcset=\"https:\/\/arcampin.be\/secondaire\/wp-content\/uploads\/2023\/04\/339412760_610256157684877_4311598723966455914_n-768x1024.jpg 768w, https:\/\/arcampin.be\/secondaire\/wp-content\/uploads\/2023\/04\/339412760_610256157684877_4311598723966455914_n-225x300.jpg 225w, https:\/\/arcampin.be\/secondaire\/wp-content\/uploads\/2023\/04\/339412760_610256157684877_4311598723966455914_n-1152x1536.jpg 1152w, https:\/\/arcampin.be\/secondaire\/wp-content\/uploads\/2023\/04\/339412760_610256157684877_4311598723966455914_n.jpg 1301w\" sizes=\"(max-width: 768px) 100vw, 768px\" \/><\/figure>\n<\/figure>\n\n\n<hr \/>\n<p>\u00a0<\/p>","protected":false},"excerpt":{"rendered":"<p>La semaine pass\u00e9e, les \u00e9l\u00e8ves de 4\u00e8mes sciences-\u00e9co ont eu la chance d\u2019aller visiter le mus\u00e9e des institutions europ\u00e9ennes et le parlement f\u00e9d\u00e9ral. \u00a0 Un chouette moment enrichissant ! \u00a0 \u00a0<\/p>\n","protected":false},"author":2,"featured_media":0,"comment_status":"closed","ping_status":"open","sticky":false,"template":"","format":"standard","meta":{"jetpack_post_was_ever_published":false},"categories":[25],"tags":[],"jetpack_featured_media_url":"","_links":{"self":[{"href":"https:\/\/arcampin.be\/secondaire\/wp-json\/wp\/v2\/posts\/8104"}],"collection":[{"href":"https:\/\/arcampin.be\/secondaire\/wp-json\/wp\/v2\/posts"}],"about":[{"href":"https:\/\/arcampin.be\/secondaire\/wp-json\/wp\/v2\/types\/post"}],"author":[{"embeddable":true,"href":"https:\/\/arcampin.be\/secondaire\/wp-json\/wp\/v2\/users\/2"}],"replies":[{"embeddable":true,"href":"https:\/\/arcampin.be\/secondaire\/wp-json\/wp\/v2\/comments?post=8104"}],"version-history":[{"count":1,"href":"https:\/\/arcampin.be\/secondaire\/wp-json\/wp\/v2\/posts\/8104\/revisions"}],"predecessor-version":[{"id":8108,"href":"https:\/\/arcampin.be\/secondaire\/wp-json\/wp\/v2\/posts\/8104\/revisions\/8108"}],"wp:attachment":[{"href":"https:\/\/arcampin.be\/secondaire\/wp-json\/wp\/v2\/media?parent=8104"}],"wp:term":[{"taxonomy":"category","embeddable":true,"href":"https:\/\/arcampin.be\/secondaire\/wp-json\/wp\/v2\/categories?post=8104"},{"taxonomy":"post_tag","embeddable":true,"href":"https:\/\/arcampin.be\/secondaire\/wp-json\/wp\/v2\/tags?post=8104"}],"curies":[{"name":"wp","href":"https:\/\/api.w.org\/{rel}","templated":true}]}}