{"id":8085,"date":"2023-04-03T08:00:53","date_gmt":"2023-04-03T07:00:53","guid":{"rendered":"https:\/\/arcampin.be\/secondaire\/?p=8085"},"modified":"2023-04-03T09:04:39","modified_gmt":"2023-04-03T08:04:39","slug":"journee-du-souvenir-devoir-de-memoire","status":"publish","type":"post","link":"https:\/\/arcampin.be\/secondaire\/archives\/8085","title":{"rendered":"Journ\u00e9e du souvenir &#8211; Devoir de m\u00e9moire"},"content":{"rendered":"\n<figure class=\"wp-block-embed is-type-video is-provider-youtube wp-block-embed-youtube wp-embed-aspect-16-9 wp-has-aspect-ratio\"><div class=\"wp-block-embed__wrapper\">\n<iframe loading=\"lazy\" title=\"C\u00e9r\u00e9monie \u00e0 Tournai Hommage \u00e0 Gabrielle Petit\" width=\"604\" height=\"340\" src=\"https:\/\/www.youtube.com\/embed\/lFSi6q4nheU?feature=oembed\" frameborder=\"0\" allow=\"accelerometer; autoplay; clipboard-write; encrypted-media; gyroscope; picture-in-picture; web-share\" allowfullscreen><\/iframe>\n<\/div><\/figure>\n\n\n<p><em>Le 28 mars, les \u00e9l\u00e8ves de 6e d&rsquo;Option Histoire ont particip\u00e9 \u00e0 la journ\u00e9e du souvenir. Pr\u00e9sents aux diverses comm\u00e9morations organis\u00e9es \u00e0 Tournai, certains d&rsquo;entre eux ont \u00e9t\u00e9 amen\u00e9s intervenir directement via un discours pr\u00e9par\u00e9. <\/em><\/p>\n\n<hr \/>\n<p>\u00a0<\/p>","protected":false},"excerpt":{"rendered":"<p>Le 28 mars, les \u00e9l\u00e8ves de 6e d&rsquo;Option Histoire ont particip\u00e9 \u00e0 la journ\u00e9e du souvenir. Pr\u00e9sents aux diverses comm\u00e9morations organis\u00e9es \u00e0 Tournai, certains d&rsquo;entre eux ont \u00e9t\u00e9 amen\u00e9s intervenir directement via un discours pr\u00e9par\u00e9. \u00a0<\/p>\n","protected":false},"author":2,"featured_media":0,"comment_status":"closed","ping_status":"open","sticky":false,"template":"","format":"standard","meta":{"jetpack_post_was_ever_published":false},"categories":[25],"tags":[],"jetpack_featured_media_url":"","_links":{"self":[{"href":"https:\/\/arcampin.be\/secondaire\/wp-json\/wp\/v2\/posts\/8085"}],"collection":[{"href":"https:\/\/arcampin.be\/secondaire\/wp-json\/wp\/v2\/posts"}],"about":[{"href":"https:\/\/arcampin.be\/secondaire\/wp-json\/wp\/v2\/types\/post"}],"author":[{"embeddable":true,"href":"https:\/\/arcampin.be\/secondaire\/wp-json\/wp\/v2\/users\/2"}],"replies":[{"embeddable":true,"href":"https:\/\/arcampin.be\/secondaire\/wp-json\/wp\/v2\/comments?post=8085"}],"version-history":[{"count":3,"href":"https:\/\/arcampin.be\/secondaire\/wp-json\/wp\/v2\/posts\/8085\/revisions"}],"predecessor-version":[{"id":8088,"href":"https:\/\/arcampin.be\/secondaire\/wp-json\/wp\/v2\/posts\/8085\/revisions\/8088"}],"wp:attachment":[{"href":"https:\/\/arcampin.be\/secondaire\/wp-json\/wp\/v2\/media?parent=8085"}],"wp:term":[{"taxonomy":"category","embeddable":true,"href":"https:\/\/arcampin.be\/secondaire\/wp-json\/wp\/v2\/categories?post=8085"},{"taxonomy":"post_tag","embeddable":true,"href":"https:\/\/arcampin.be\/secondaire\/wp-json\/wp\/v2\/tags?post=8085"}],"curies":[{"name":"wp","href":"https:\/\/api.w.org\/{rel}","templated":true}]}}