{"id":7958,"date":"2023-03-09T08:18:04","date_gmt":"2023-03-09T07:18:04","guid":{"rendered":"https:\/\/arcampin.be\/secondaire\/?p=7958"},"modified":"2023-03-09T08:18:04","modified_gmt":"2023-03-09T07:18:04","slug":"campin-passeur-de-memoire","status":"publish","type":"post","link":"https:\/\/arcampin.be\/secondaire\/archives\/7958","title":{"rendered":"Campin passeur de m\u00e9moire"},"content":{"rendered":"\n<figure class=\"wp-block-image size-large\"><img loading=\"lazy\" width=\"1024\" height=\"768\" src=\"https:\/\/arcampin.be\/secondaire\/wp-content\/uploads\/2023\/03\/330282972_116058864661634_5545454612652172454_n-1024x768.jpg\" alt=\"\" class=\"wp-image-7959\" srcset=\"https:\/\/arcampin.be\/secondaire\/wp-content\/uploads\/2023\/03\/330282972_116058864661634_5545454612652172454_n-1024x768.jpg 1024w, https:\/\/arcampin.be\/secondaire\/wp-content\/uploads\/2023\/03\/330282972_116058864661634_5545454612652172454_n-300x225.jpg 300w, https:\/\/arcampin.be\/secondaire\/wp-content\/uploads\/2023\/03\/330282972_116058864661634_5545454612652172454_n-768x576.jpg 768w, https:\/\/arcampin.be\/secondaire\/wp-content\/uploads\/2023\/03\/330282972_116058864661634_5545454612652172454_n-1536x1152.jpg 1536w, https:\/\/arcampin.be\/secondaire\/wp-content\/uploads\/2023\/03\/330282972_116058864661634_5545454612652172454_n.jpg 2048w\" sizes=\"(max-width: 1024px) 100vw, 1024px\" \/><\/figure>\n\n\n\n<p><em>Ce mardi, a eu lieu dans les salles d\u2019Imagix un \u00e9v\u00e8nement tout \u00e0 fait exceptionnel : plus de 1100 rh\u00e9toriciens du Tournaisis ont rencontr\u00e9 Mme Lili Keller-Rosenberg. Celle-ci a, malgr\u00e9 ses 90 ans, t\u00e9moign\u00e9 de son exp\u00e9rience des camps de concentration nazis pendant la Seconde Guerre Mondiale.<\/em><\/p>\n\n\n\n<p><em>Avec sa famille, elle fut d\u00e9port\u00e9e en Allemagne en 1943. Si son p\u00e8re d\u00e9c\u00e9da \u00e0 Buchenwald, Liliane, ses deux petits fr\u00e8res et sa m\u00e8re durent endurer l\u2019enfer de Ravensbr\u00fcck puis de Bergen-Belsen mais en sortirent vivants.<\/em><\/p>\n\n\n\n<p><em>Depuis de nombreuses ann\u00e9es, Liliane raconte avec \u00e9nergie et \u00e9motion son parcours en portant haut et fort un message de paix et de tol\u00e9rance, seule solution aux probl\u00e8mes de ce monde.<\/em><\/p>\n\n\n\n<p><em>D\u00e9sormais, nos \u00e9l\u00e8ves de 6\u00e8mesecondaire ont la charge importante de passeurs de m\u00e9moire. Ils savent ; \u00e0 leur tour maintenant de t\u00e9moigner.<\/em><\/p>\n\n\n<hr \/>\n<p>\u00a0<\/p>","protected":false},"excerpt":{"rendered":"<p>Ce mardi, a eu lieu dans les salles d\u2019Imagix un \u00e9v\u00e8nement tout \u00e0 fait exceptionnel : plus de 1100 rh\u00e9toriciens du Tournaisis ont rencontr\u00e9 Mme Lili Keller-Rosenberg. Celle-ci a, malgr\u00e9 ses 90 ans, t\u00e9moign\u00e9 de son exp\u00e9rience des camps de concentration nazis pendant la Seconde Guerre Mondiale. Avec sa famille, elle fut d\u00e9port\u00e9e en Allemagne &hellip; <a href=\"https:\/\/arcampin.be\/secondaire\/archives\/7958\" class=\"more-link\">Continuer la lecture de <span class=\"screen-reader-text\">Campin passeur de m\u00e9moire<\/span> <span class=\"meta-nav\">&rarr;<\/span><\/a><\/p>\n","protected":false},"author":2,"featured_media":0,"comment_status":"closed","ping_status":"open","sticky":false,"template":"","format":"standard","meta":{"jetpack_post_was_ever_published":false},"categories":[16],"tags":[],"jetpack_featured_media_url":"","_links":{"self":[{"href":"https:\/\/arcampin.be\/secondaire\/wp-json\/wp\/v2\/posts\/7958"}],"collection":[{"href":"https:\/\/arcampin.be\/secondaire\/wp-json\/wp\/v2\/posts"}],"about":[{"href":"https:\/\/arcampin.be\/secondaire\/wp-json\/wp\/v2\/types\/post"}],"author":[{"embeddable":true,"href":"https:\/\/arcampin.be\/secondaire\/wp-json\/wp\/v2\/users\/2"}],"replies":[{"embeddable":true,"href":"https:\/\/arcampin.be\/secondaire\/wp-json\/wp\/v2\/comments?post=7958"}],"version-history":[{"count":1,"href":"https:\/\/arcampin.be\/secondaire\/wp-json\/wp\/v2\/posts\/7958\/revisions"}],"predecessor-version":[{"id":7960,"href":"https:\/\/arcampin.be\/secondaire\/wp-json\/wp\/v2\/posts\/7958\/revisions\/7960"}],"wp:attachment":[{"href":"https:\/\/arcampin.be\/secondaire\/wp-json\/wp\/v2\/media?parent=7958"}],"wp:term":[{"taxonomy":"category","embeddable":true,"href":"https:\/\/arcampin.be\/secondaire\/wp-json\/wp\/v2\/categories?post=7958"},{"taxonomy":"post_tag","embeddable":true,"href":"https:\/\/arcampin.be\/secondaire\/wp-json\/wp\/v2\/tags?post=7958"}],"curies":[{"name":"wp","href":"https:\/\/api.w.org\/{rel}","templated":true}]}}