{"id":7952,"date":"2023-03-07T11:07:44","date_gmt":"2023-03-07T10:07:44","guid":{"rendered":"https:\/\/arcampin.be\/secondaire\/?p=7952"},"modified":"2023-04-07T10:05:08","modified_gmt":"2023-04-07T09:05:08","slug":"operation-pieces-rouges-au-profit-du-televie","status":"publish","type":"post","link":"https:\/\/arcampin.be\/secondaire\/archives\/7952","title":{"rendered":"Op\u00e9ration pi\u00e8ces rouges au profit du T\u00e9l\u00e9vie"},"content":{"rendered":"\n<figure class=\"wp-block-image size-full is-resized\"><img loading=\"lazy\" src=\"https:\/\/arcampin.be\/secondaire\/wp-content\/uploads\/2023\/03\/OPR2023.jpg\" alt=\"\" class=\"wp-image-7967\" width=\"634\" height=\"897\" srcset=\"https:\/\/arcampin.be\/secondaire\/wp-content\/uploads\/2023\/03\/OPR2023.jpg 509w, https:\/\/arcampin.be\/secondaire\/wp-content\/uploads\/2023\/03\/OPR2023-212x300.jpg 212w\" sizes=\"(max-width: 634px) 100vw, 634px\" \/><\/figure>\n\n\n<div class=\"x1e56ztr\">\n<div dir=\"auto\"><em>Campin se bouge pour les pi\u00e8ces rouges&#8230;<\/em><\/div>\n<div dir=\"auto\">&nbsp;<\/div>\n<div dir=\"auto\"><em>Le vendredi 07 avril, le camion tirelire viendra prendre les pi\u00e8ces rouges r\u00e9colt\u00e9es par nos \u00e9l\u00e8ves.<\/em><\/div>\n<div dir=\"auto\"><em>Ne manquez pas ce rendez-vous dans notre cour (entr\u00e9e Avenue Delm\u00e9e) et passez faire un petit coucou aux animateurs avant de vous rendre au traditionnel March\u00e9 aux fleurs.<\/em><\/div>\n<div dir=\"auto\">&nbsp;<\/div>\n<div dir=\"auto\"><em>Les \u00e9l\u00e8ves vous pr\u00e9parent une petite surprise.<\/em><\/div>\n<div dir=\"auto\">&nbsp;<\/div>\n<div dir=\"auto\"><em>Vous pouvez aussi d\u00e9poser vos pi\u00e8ces, chaque jour \u00e0 l&rsquo;accueil de l&rsquo;\u00e9cole ou glisser une enveloppe dans la boite aux lettres.<\/em><\/div>\n<\/div>\n<div>&nbsp;<\/div>\n<hr>","protected":false},"excerpt":{"rendered":"<p>Campin se bouge pour les pi\u00e8ces rouges&#8230; &nbsp; Le vendredi 07 avril, le camion tirelire viendra prendre les pi\u00e8ces rouges r\u00e9colt\u00e9es par nos \u00e9l\u00e8ves. Ne manquez pas ce rendez-vous dans notre cour (entr\u00e9e Avenue Delm\u00e9e) et passez faire un petit coucou aux animateurs avant de vous rendre au traditionnel March\u00e9 aux fleurs. &nbsp; Les \u00e9l\u00e8ves &hellip; <a href=\"https:\/\/arcampin.be\/secondaire\/archives\/7952\" class=\"more-link\">Continuer la lecture de <span class=\"screen-reader-text\">Op\u00e9ration pi\u00e8ces rouges au profit du T\u00e9l\u00e9vie<\/span> <span class=\"meta-nav\">&rarr;<\/span><\/a><\/p>\n","protected":false},"author":2,"featured_media":0,"comment_status":"closed","ping_status":"open","sticky":false,"template":"","format":"standard","meta":{"jetpack_post_was_ever_published":false},"categories":[6],"tags":[],"jetpack_featured_media_url":"","_links":{"self":[{"href":"https:\/\/arcampin.be\/secondaire\/wp-json\/wp\/v2\/posts\/7952"}],"collection":[{"href":"https:\/\/arcampin.be\/secondaire\/wp-json\/wp\/v2\/posts"}],"about":[{"href":"https:\/\/arcampin.be\/secondaire\/wp-json\/wp\/v2\/types\/post"}],"author":[{"embeddable":true,"href":"https:\/\/arcampin.be\/secondaire\/wp-json\/wp\/v2\/users\/2"}],"replies":[{"embeddable":true,"href":"https:\/\/arcampin.be\/secondaire\/wp-json\/wp\/v2\/comments?post=7952"}],"version-history":[{"count":4,"href":"https:\/\/arcampin.be\/secondaire\/wp-json\/wp\/v2\/posts\/7952\/revisions"}],"predecessor-version":[{"id":7969,"href":"https:\/\/arcampin.be\/secondaire\/wp-json\/wp\/v2\/posts\/7952\/revisions\/7969"}],"wp:attachment":[{"href":"https:\/\/arcampin.be\/secondaire\/wp-json\/wp\/v2\/media?parent=7952"}],"wp:term":[{"taxonomy":"category","embeddable":true,"href":"https:\/\/arcampin.be\/secondaire\/wp-json\/wp\/v2\/categories?post=7952"},{"taxonomy":"post_tag","embeddable":true,"href":"https:\/\/arcampin.be\/secondaire\/wp-json\/wp\/v2\/tags?post=7952"}],"curies":[{"name":"wp","href":"https:\/\/api.w.org\/{rel}","templated":true}]}}