{"id":7936,"date":"2023-02-17T15:06:12","date_gmt":"2023-02-17T14:06:12","guid":{"rendered":"https:\/\/arcampin.be\/secondaire\/?p=7936"},"modified":"2023-02-17T15:06:12","modified_gmt":"2023-02-17T14:06:12","slug":"informations-3","status":"publish","type":"post","link":"https:\/\/arcampin.be\/secondaire\/archives\/7936","title":{"rendered":"Informations"},"content":{"rendered":"\n<p class=\"has-medium-font-size\"><em><strong>A l&rsquo;attention des \u00e9l\u00e8ves qui prennent le bus pour venir \u00e0 l&rsquo;\u00e9cole. A partir du 27 f\u00e9vrier, des changement sur les lignes TEC.<\/strong><\/em><\/p>\n\n\n\n<figure class=\"wp-container-2 wp-block-gallery-1 wp-block-gallery has-nested-images columns-1 is-cropped\">\n<figure class=\"wp-block-image size-large\"><img loading=\"lazy\" width=\"683\" height=\"1024\" data-id=\"7938\"  src=\"https:\/\/arcampin.be\/secondaire\/wp-content\/uploads\/2023\/02\/331572196_848251872912097_5174296687164886053_n-683x1024.jpeg\" alt=\"\" class=\"wp-image-7938\" srcset=\"https:\/\/arcampin.be\/secondaire\/wp-content\/uploads\/2023\/02\/331572196_848251872912097_5174296687164886053_n-683x1024.jpeg 683w, https:\/\/arcampin.be\/secondaire\/wp-content\/uploads\/2023\/02\/331572196_848251872912097_5174296687164886053_n-200x300.jpeg 200w, https:\/\/arcampin.be\/secondaire\/wp-content\/uploads\/2023\/02\/331572196_848251872912097_5174296687164886053_n-768x1151.jpeg 768w, https:\/\/arcampin.be\/secondaire\/wp-content\/uploads\/2023\/02\/331572196_848251872912097_5174296687164886053_n-1025x1536.jpeg 1025w, https:\/\/arcampin.be\/secondaire\/wp-content\/uploads\/2023\/02\/331572196_848251872912097_5174296687164886053_n.jpeg 1080w\" sizes=\"(max-width: 683px) 100vw, 683px\" \/><\/figure>\n\n\n\n<figure class=\"wp-block-image size-large\"><img loading=\"lazy\" width=\"1005\" height=\"1024\" data-id=\"7937\"  src=\"https:\/\/arcampin.be\/secondaire\/wp-content\/uploads\/2023\/02\/331495388_1200699430818436_1726073125058710296_n-1005x1024.jpeg\" alt=\"\" class=\"wp-image-7937\" srcset=\"https:\/\/arcampin.be\/secondaire\/wp-content\/uploads\/2023\/02\/331495388_1200699430818436_1726073125058710296_n-1005x1024.jpeg 1005w, https:\/\/arcampin.be\/secondaire\/wp-content\/uploads\/2023\/02\/331495388_1200699430818436_1726073125058710296_n-295x300.jpeg 295w, https:\/\/arcampin.be\/secondaire\/wp-content\/uploads\/2023\/02\/331495388_1200699430818436_1726073125058710296_n-768x782.jpeg 768w, https:\/\/arcampin.be\/secondaire\/wp-content\/uploads\/2023\/02\/331495388_1200699430818436_1726073125058710296_n.jpeg 1080w\" sizes=\"(max-width: 1005px) 100vw, 1005px\" \/><\/figure>\n<\/figure>\n\n\n<hr \/>\n<p>\u00a0<\/p>","protected":false},"excerpt":{"rendered":"<p>A l&rsquo;attention des \u00e9l\u00e8ves qui prennent le bus pour venir \u00e0 l&rsquo;\u00e9cole. A partir du 27 f\u00e9vrier, des changement sur les lignes TEC. \u00a0<\/p>\n","protected":false},"author":2,"featured_media":0,"comment_status":"closed","ping_status":"open","sticky":false,"template":"","format":"standard","meta":{"jetpack_post_was_ever_published":false},"categories":[6],"tags":[],"jetpack_featured_media_url":"","_links":{"self":[{"href":"https:\/\/arcampin.be\/secondaire\/wp-json\/wp\/v2\/posts\/7936"}],"collection":[{"href":"https:\/\/arcampin.be\/secondaire\/wp-json\/wp\/v2\/posts"}],"about":[{"href":"https:\/\/arcampin.be\/secondaire\/wp-json\/wp\/v2\/types\/post"}],"author":[{"embeddable":true,"href":"https:\/\/arcampin.be\/secondaire\/wp-json\/wp\/v2\/users\/2"}],"replies":[{"embeddable":true,"href":"https:\/\/arcampin.be\/secondaire\/wp-json\/wp\/v2\/comments?post=7936"}],"version-history":[{"count":1,"href":"https:\/\/arcampin.be\/secondaire\/wp-json\/wp\/v2\/posts\/7936\/revisions"}],"predecessor-version":[{"id":7939,"href":"https:\/\/arcampin.be\/secondaire\/wp-json\/wp\/v2\/posts\/7936\/revisions\/7939"}],"wp:attachment":[{"href":"https:\/\/arcampin.be\/secondaire\/wp-json\/wp\/v2\/media?parent=7936"}],"wp:term":[{"taxonomy":"category","embeddable":true,"href":"https:\/\/arcampin.be\/secondaire\/wp-json\/wp\/v2\/categories?post=7936"},{"taxonomy":"post_tag","embeddable":true,"href":"https:\/\/arcampin.be\/secondaire\/wp-json\/wp\/v2\/tags?post=7936"}],"curies":[{"name":"wp","href":"https:\/\/api.w.org\/{rel}","templated":true}]}}