{"id":7909,"date":"2023-02-15T09:55:24","date_gmt":"2023-02-15T08:55:24","guid":{"rendered":"https:\/\/arcampin.be\/secondaire\/?p=7909"},"modified":"2023-03-07T11:36:37","modified_gmt":"2023-03-07T10:36:37","slug":"sortie-cinema-pour-les-eleves-de-5e-6e","status":"publish","type":"post","link":"https:\/\/arcampin.be\/secondaire\/archives\/7909","title":{"rendered":"Sortie cin\u00e9ma pour les \u00e9l\u00e8ves de 5e &#038; 6e"},"content":{"rendered":"\n<figure class=\"wp-block-image size-large\"><img loading=\"lazy\" width=\"683\" height=\"1024\" src=\"https:\/\/arcampin.be\/secondaire\/wp-content\/uploads\/2023\/02\/331288685_1134439663868177_2251392011094133527_n-683x1024.jpeg\" alt=\"\" class=\"wp-image-7910\" srcset=\"https:\/\/arcampin.be\/secondaire\/wp-content\/uploads\/2023\/02\/331288685_1134439663868177_2251392011094133527_n-683x1024.jpeg 683w, https:\/\/arcampin.be\/secondaire\/wp-content\/uploads\/2023\/02\/331288685_1134439663868177_2251392011094133527_n-200x300.jpeg 200w, https:\/\/arcampin.be\/secondaire\/wp-content\/uploads\/2023\/02\/331288685_1134439663868177_2251392011094133527_n.jpeg 768w\" sizes=\"(max-width: 683px) 100vw, 683px\" \/><\/figure>\n\n\n<div class=\"x11i5rnm xat24cr x1mh8g0r x1vvkbs xdj266r x126k92a\">\n<div dir=\"auto\"><em>Ce lundi, les \u00e9l\u00e8ves de rh\u00e9to sont all\u00e9s voir le film \u00ab\u00a0Vous n&rsquo;aurez pas ma haine\u00a0\u00bb, inspir\u00e9 du livre \u00e9ponyme d&rsquo;Antoine Leiris. Ce journaliste fran\u00e7ais a perdu sa femme H\u00e9l\u00e8ne dans les attentats de Paris en novembre 2015.<\/em><\/div>\n<div dir=\"auto\">\u00a0<\/div>\n<\/div>\n<div class=\"x11i5rnm xat24cr x1mh8g0r x1vvkbs xtlvy1s x126k92a\">\n<div dir=\"auto\"><em>Le film immerge le spectateur dans le deuil effarant qu&rsquo;ont v\u00e9cu Antoine Leiris, son petit gar\u00e7on et sa famille. Il porte aussi le message lumineux du refus de la haine et de l&rsquo;amalgame : son texte humaniste post\u00e9 sur les r\u00e9seaux sociaux presque au lendemain du d\u00e9c\u00e8s de sa femme est un barrage au racisme et au chaos que les terroristes veulent introduire dans les coeurs et les esprits.<\/em><\/div>\n<\/div>\n\n\n<figure class=\"wp-block-image size-full\"><img loading=\"lazy\" width=\"600\" height=\"840\" src=\"https:\/\/arcampin.be\/secondaire\/wp-content\/uploads\/2023\/02\/331121701_561514142584723_4399103359415188945_n.jpeg\" alt=\"\" class=\"wp-image-7911\" srcset=\"https:\/\/arcampin.be\/secondaire\/wp-content\/uploads\/2023\/02\/331121701_561514142584723_4399103359415188945_n.jpeg 600w, https:\/\/arcampin.be\/secondaire\/wp-content\/uploads\/2023\/02\/331121701_561514142584723_4399103359415188945_n-214x300.jpeg 214w\" sizes=\"(max-width: 600px) 100vw, 600px\" \/><\/figure>\n\n\n<div dir=\"auto\"><em>Lundi dernier, les \u00e9l\u00e8ves de 5\u00e8me secondaire ont voyag\u00e9 dans le temps pour se retrouver \u00e0 Rome dans les ann\u00e9es 70.<\/em><\/div>\n<div dir=\"auto\">\u00a0<\/div>\n<div dir=\"auto\"><em>Le film \u00ab L\u2019immensit\u00e1 \u00bb d\u2019Emanuele Crialese leur a permis d\u2019entrer dans l\u2019intimit\u00e9 d\u2019une famille \u00e9touff\u00e9e par les convenances de l\u2019\u00e9poque. Entre patriarcat, machisme, religion, question de genre qui se bousculent, la jeune adolescente, Adri\/Andrea, est en qu\u00eate d\u2019identit\u00e9 et de rep\u00e8res.<\/em><\/div>\n<div dir=\"auto\">\u00a0<\/div>\n<div dir=\"auto\"><em>Ce film s\u00e9v\u00e8re mais po\u00e9tique aborde l\u2019\u00e9veil \u00e0 l\u2019amour, la relation parents-enfants et la masculinit\u00e9 toxique dans un monde libre en apparence mais cloisonn\u00e9 de toute part, notamment par la pression soci\u00e9tale et familiale. Puisqu\u2019il faut bien que l\u2019immensit\u00e9 &#8211; dans laquelle on se trouve &#8211; ait une petite place pour chacun, comme l\u2019indique la chanson \u00e9ponyme, la petite Adri\/Andrea cherche la sienne, \u00e0 l\u2019instar des autres personnages du film.<\/em><\/div>\n<div dir=\"auto\">\u00a0<\/div>\n<div dir=\"auto\"><em>Cette sortie culturelle n\u2019a, en tout cas, pas laiss\u00e9 nos \u00e9l\u00e8ves indiff\u00e9rent.e.s.<\/em><\/div>\n<div dir=\"auto\">\u00a0<\/div>\n<hr \/>","protected":false},"excerpt":{"rendered":"<p>Ce lundi, les \u00e9l\u00e8ves de rh\u00e9to sont all\u00e9s voir le film \u00ab\u00a0Vous n&rsquo;aurez pas ma haine\u00a0\u00bb, inspir\u00e9 du livre \u00e9ponyme d&rsquo;Antoine Leiris. Ce journaliste fran\u00e7ais a perdu sa femme H\u00e9l\u00e8ne dans les attentats de Paris en novembre 2015. \u00a0 Le film immerge le spectateur dans le deuil effarant qu&rsquo;ont v\u00e9cu Antoine Leiris, son petit gar\u00e7on &hellip; <a href=\"https:\/\/arcampin.be\/secondaire\/archives\/7909\" class=\"more-link\">Continuer la lecture de <span class=\"screen-reader-text\">Sortie cin\u00e9ma pour les \u00e9l\u00e8ves de 5e &#038; 6e<\/span> <span class=\"meta-nav\">&rarr;<\/span><\/a><\/p>\n","protected":false},"author":2,"featured_media":0,"comment_status":"closed","ping_status":"open","sticky":false,"template":"","format":"standard","meta":{"jetpack_post_was_ever_published":false},"categories":[25],"tags":[],"jetpack_featured_media_url":"","_links":{"self":[{"href":"https:\/\/arcampin.be\/secondaire\/wp-json\/wp\/v2\/posts\/7909"}],"collection":[{"href":"https:\/\/arcampin.be\/secondaire\/wp-json\/wp\/v2\/posts"}],"about":[{"href":"https:\/\/arcampin.be\/secondaire\/wp-json\/wp\/v2\/types\/post"}],"author":[{"embeddable":true,"href":"https:\/\/arcampin.be\/secondaire\/wp-json\/wp\/v2\/users\/2"}],"replies":[{"embeddable":true,"href":"https:\/\/arcampin.be\/secondaire\/wp-json\/wp\/v2\/comments?post=7909"}],"version-history":[{"count":2,"href":"https:\/\/arcampin.be\/secondaire\/wp-json\/wp\/v2\/posts\/7909\/revisions"}],"predecessor-version":[{"id":7915,"href":"https:\/\/arcampin.be\/secondaire\/wp-json\/wp\/v2\/posts\/7909\/revisions\/7915"}],"wp:attachment":[{"href":"https:\/\/arcampin.be\/secondaire\/wp-json\/wp\/v2\/media?parent=7909"}],"wp:term":[{"taxonomy":"category","embeddable":true,"href":"https:\/\/arcampin.be\/secondaire\/wp-json\/wp\/v2\/categories?post=7909"},{"taxonomy":"post_tag","embeddable":true,"href":"https:\/\/arcampin.be\/secondaire\/wp-json\/wp\/v2\/tags?post=7909"}],"curies":[{"name":"wp","href":"https:\/\/api.w.org\/{rel}","templated":true}]}}