{"id":7835,"date":"2023-02-03T09:20:03","date_gmt":"2023-02-03T08:20:03","guid":{"rendered":"https:\/\/arcampin.be\/secondaire\/?p=7835"},"modified":"2023-02-03T09:21:20","modified_gmt":"2023-02-03T08:21:20","slug":"prestation-de-serment-a-lathenee","status":"publish","type":"post","link":"https:\/\/arcampin.be\/secondaire\/archives\/7835","title":{"rendered":"Prestation de serment \u00e0 l&rsquo;Ath\u00e9n\u00e9e"},"content":{"rendered":"\n<figure class=\"wp-block-image size-large\"><img loading=\"lazy\" width=\"1024\" height=\"683\" src=\"https:\/\/arcampin.be\/secondaire\/wp-content\/uploads\/2023\/02\/328541660_556087653115624_8153407216831874229_n-1024x683.jpeg\" alt=\"\" class=\"wp-image-7836\" srcset=\"https:\/\/arcampin.be\/secondaire\/wp-content\/uploads\/2023\/02\/328541660_556087653115624_8153407216831874229_n-1024x683.jpeg 1024w, https:\/\/arcampin.be\/secondaire\/wp-content\/uploads\/2023\/02\/328541660_556087653115624_8153407216831874229_n-300x200.jpeg 300w, https:\/\/arcampin.be\/secondaire\/wp-content\/uploads\/2023\/02\/328541660_556087653115624_8153407216831874229_n-768x512.jpeg 768w, https:\/\/arcampin.be\/secondaire\/wp-content\/uploads\/2023\/02\/328541660_556087653115624_8153407216831874229_n-1536x1025.jpeg 1536w, https:\/\/arcampin.be\/secondaire\/wp-content\/uploads\/2023\/02\/328541660_556087653115624_8153407216831874229_n.jpeg 2048w\" sizes=\"(max-width: 1024px) 100vw, 1024px\" \/><\/figure>\n\n\n\n<figure class=\"wp-container-2 wp-block-gallery-1 wp-block-gallery has-nested-images columns-default is-cropped\">\n<figure class=\"wp-block-image size-large\"><img loading=\"lazy\" width=\"1024\" height=\"683\" data-id=\"7837\"  src=\"https:\/\/arcampin.be\/secondaire\/wp-content\/uploads\/2023\/02\/328263589_573535354358029_5915847097655872652_n-1024x683.jpeg\" alt=\"\" class=\"wp-image-7837\" srcset=\"https:\/\/arcampin.be\/secondaire\/wp-content\/uploads\/2023\/02\/328263589_573535354358029_5915847097655872652_n-1024x683.jpeg 1024w, https:\/\/arcampin.be\/secondaire\/wp-content\/uploads\/2023\/02\/328263589_573535354358029_5915847097655872652_n-300x200.jpeg 300w, https:\/\/arcampin.be\/secondaire\/wp-content\/uploads\/2023\/02\/328263589_573535354358029_5915847097655872652_n-768x512.jpeg 768w, https:\/\/arcampin.be\/secondaire\/wp-content\/uploads\/2023\/02\/328263589_573535354358029_5915847097655872652_n-1536x1025.jpeg 1536w, https:\/\/arcampin.be\/secondaire\/wp-content\/uploads\/2023\/02\/328263589_573535354358029_5915847097655872652_n.jpeg 2048w\" sizes=\"(max-width: 1024px) 100vw, 1024px\" \/><\/figure>\n\n\n\n<figure class=\"wp-block-image size-large\"><img loading=\"lazy\" width=\"1024\" height=\"683\" data-id=\"7838\"  src=\"https:\/\/arcampin.be\/secondaire\/wp-content\/uploads\/2023\/02\/328987677_1800808666967484_1800944061602615264_n-1024x683.jpeg\" alt=\"\" class=\"wp-image-7838\" srcset=\"https:\/\/arcampin.be\/secondaire\/wp-content\/uploads\/2023\/02\/328987677_1800808666967484_1800944061602615264_n-1024x683.jpeg 1024w, https:\/\/arcampin.be\/secondaire\/wp-content\/uploads\/2023\/02\/328987677_1800808666967484_1800944061602615264_n-300x200.jpeg 300w, https:\/\/arcampin.be\/secondaire\/wp-content\/uploads\/2023\/02\/328987677_1800808666967484_1800944061602615264_n-768x512.jpeg 768w, https:\/\/arcampin.be\/secondaire\/wp-content\/uploads\/2023\/02\/328987677_1800808666967484_1800944061602615264_n-1536x1025.jpeg 1536w, https:\/\/arcampin.be\/secondaire\/wp-content\/uploads\/2023\/02\/328987677_1800808666967484_1800944061602615264_n.jpeg 2048w\" sizes=\"(max-width: 1024px) 100vw, 1024px\" \/><\/figure>\n<\/figure>\n\n\n\n<p><em>Plus de 350 membres de nos personnels (enseignants du fondamental, secondaire, promotion sociale, PAPO) ont pr\u00eat\u00e9 serment ce mercredi 1er f\u00e9vrier lors d&rsquo;une c\u00e9r\u00e9monie officielle organis\u00e9e par Wallonie-Bruxelles Enseignement \u00e0 l&rsquo;Ath\u00e9n\u00e9e Royal Robert Campin, en pr\u00e9sence notamment de <a href=\"https:\/\/www.facebook.com\/julien.nicaise.79?__cft__[0]=AZWLTGDfvE74jf7XJMeOIWAKZZ6l2gKPnx30RNxXIFtXz-4BtW3PinUDk2_EQBwtD8Y21tcMmJSnAv_XpSWBJqW6R0MWQsWkEHYzCKDUz_Oxkti2k3Bzq7Uc1CDsh-loowzNTFNtsQdtGP8hoeLmTFuAasOmplU_f6raTbKi65BKfiSZCz0xeDEDDlbec4cjZes&amp;__tn__=-]K-R\">Julien Nicaise<\/a> (Administrateur G\u00e9n\u00e9ral) et Manuel Dony (Directeur G\u00e9n\u00e9ral des personnels de l&rsquo;Education WBE).<\/em><\/p>\n\n\n\n<p><em>Un grand merci au personnel de l&rsquo;Ath\u00e9n\u00e9e Campin pour l&rsquo;accueil chaleureux ainsi qu&rsquo;aux \u00e9l\u00e8ves de la section restauration de l&rsquo;Ath\u00e9n\u00e9e Royal Thomas Edison Mouscron pour le drink.<\/em><\/p>\n\n\n\n<figure class=\"wp-block-image size-large\"><img loading=\"lazy\" width=\"1024\" height=\"683\" src=\"https:\/\/arcampin.be\/secondaire\/wp-content\/uploads\/2023\/02\/328820484_860579562050089_1856825959943519418_n-1024x683.jpeg\" alt=\"\" class=\"wp-image-7842\" srcset=\"https:\/\/arcampin.be\/secondaire\/wp-content\/uploads\/2023\/02\/328820484_860579562050089_1856825959943519418_n-1024x683.jpeg 1024w, https:\/\/arcampin.be\/secondaire\/wp-content\/uploads\/2023\/02\/328820484_860579562050089_1856825959943519418_n-300x200.jpeg 300w, https:\/\/arcampin.be\/secondaire\/wp-content\/uploads\/2023\/02\/328820484_860579562050089_1856825959943519418_n-768x512.jpeg 768w, https:\/\/arcampin.be\/secondaire\/wp-content\/uploads\/2023\/02\/328820484_860579562050089_1856825959943519418_n-1536x1025.jpeg 1536w, https:\/\/arcampin.be\/secondaire\/wp-content\/uploads\/2023\/02\/328820484_860579562050089_1856825959943519418_n.jpeg 2048w\" sizes=\"(max-width: 1024px) 100vw, 1024px\" \/><\/figure>\n\n\n\n<figure class=\"wp-container-4 wp-block-gallery-3 wp-block-gallery has-nested-images columns-default is-cropped\">\n<figure class=\"wp-block-image size-large\"><img loading=\"lazy\" width=\"1024\" height=\"683\" data-id=\"7839\"  src=\"https:\/\/arcampin.be\/secondaire\/wp-content\/uploads\/2023\/02\/328794932_581510716819368_3225925580390714533_n-1024x683.jpeg\" alt=\"\" class=\"wp-image-7839\" srcset=\"https:\/\/arcampin.be\/secondaire\/wp-content\/uploads\/2023\/02\/328794932_581510716819368_3225925580390714533_n-1024x683.jpeg 1024w, https:\/\/arcampin.be\/secondaire\/wp-content\/uploads\/2023\/02\/328794932_581510716819368_3225925580390714533_n-300x200.jpeg 300w, https:\/\/arcampin.be\/secondaire\/wp-content\/uploads\/2023\/02\/328794932_581510716819368_3225925580390714533_n-768x512.jpeg 768w, https:\/\/arcampin.be\/secondaire\/wp-content\/uploads\/2023\/02\/328794932_581510716819368_3225925580390714533_n-1536x1025.jpeg 1536w, https:\/\/arcampin.be\/secondaire\/wp-content\/uploads\/2023\/02\/328794932_581510716819368_3225925580390714533_n.jpeg 2048w\" sizes=\"(max-width: 1024px) 100vw, 1024px\" \/><\/figure>\n\n\n\n<figure class=\"wp-block-image size-large\"><img loading=\"lazy\" width=\"1024\" height=\"683\" data-id=\"7841\"  src=\"https:\/\/arcampin.be\/secondaire\/wp-content\/uploads\/2023\/02\/328943597_1136005423739453_5386795951701659171_n-1024x683.jpeg\" alt=\"\" class=\"wp-image-7841\" srcset=\"https:\/\/arcampin.be\/secondaire\/wp-content\/uploads\/2023\/02\/328943597_1136005423739453_5386795951701659171_n-1024x683.jpeg 1024w, https:\/\/arcampin.be\/secondaire\/wp-content\/uploads\/2023\/02\/328943597_1136005423739453_5386795951701659171_n-300x200.jpeg 300w, https:\/\/arcampin.be\/secondaire\/wp-content\/uploads\/2023\/02\/328943597_1136005423739453_5386795951701659171_n-768x512.jpeg 768w, https:\/\/arcampin.be\/secondaire\/wp-content\/uploads\/2023\/02\/328943597_1136005423739453_5386795951701659171_n-1536x1025.jpeg 1536w, https:\/\/arcampin.be\/secondaire\/wp-content\/uploads\/2023\/02\/328943597_1136005423739453_5386795951701659171_n.jpeg 2048w\" sizes=\"(max-width: 1024px) 100vw, 1024px\" \/><\/figure>\n<\/figure>\n\n\n\n<p><em>F\u00e9licitations \u00e0 toutes et tous et bienvenue chez WBE !<\/em><\/p>\n\n\n<hr \/>\n<p>\u00a0<\/p>","protected":false},"excerpt":{"rendered":"<p>Plus de 350 membres de nos personnels (enseignants du fondamental, secondaire, promotion sociale, PAPO) ont pr\u00eat\u00e9 serment ce mercredi 1er f\u00e9vrier lors d&rsquo;une c\u00e9r\u00e9monie officielle organis\u00e9e par Wallonie-Bruxelles Enseignement \u00e0 l&rsquo;Ath\u00e9n\u00e9e Royal Robert Campin, en pr\u00e9sence notamment de Julien Nicaise (Administrateur G\u00e9n\u00e9ral) et Manuel Dony (Directeur G\u00e9n\u00e9ral des personnels de l&rsquo;Education WBE). Un grand merci &hellip; <a href=\"https:\/\/arcampin.be\/secondaire\/archives\/7835\" class=\"more-link\">Continuer la lecture de <span class=\"screen-reader-text\">Prestation de serment \u00e0 l&rsquo;Ath\u00e9n\u00e9e<\/span> <span class=\"meta-nav\">&rarr;<\/span><\/a><\/p>\n","protected":false},"author":2,"featured_media":0,"comment_status":"closed","ping_status":"open","sticky":false,"template":"","format":"standard","meta":{"jetpack_post_was_ever_published":false},"categories":[6],"tags":[],"jetpack_featured_media_url":"","_links":{"self":[{"href":"https:\/\/arcampin.be\/secondaire\/wp-json\/wp\/v2\/posts\/7835"}],"collection":[{"href":"https:\/\/arcampin.be\/secondaire\/wp-json\/wp\/v2\/posts"}],"about":[{"href":"https:\/\/arcampin.be\/secondaire\/wp-json\/wp\/v2\/types\/post"}],"author":[{"embeddable":true,"href":"https:\/\/arcampin.be\/secondaire\/wp-json\/wp\/v2\/users\/2"}],"replies":[{"embeddable":true,"href":"https:\/\/arcampin.be\/secondaire\/wp-json\/wp\/v2\/comments?post=7835"}],"version-history":[{"count":1,"href":"https:\/\/arcampin.be\/secondaire\/wp-json\/wp\/v2\/posts\/7835\/revisions"}],"predecessor-version":[{"id":7843,"href":"https:\/\/arcampin.be\/secondaire\/wp-json\/wp\/v2\/posts\/7835\/revisions\/7843"}],"wp:attachment":[{"href":"https:\/\/arcampin.be\/secondaire\/wp-json\/wp\/v2\/media?parent=7835"}],"wp:term":[{"taxonomy":"category","embeddable":true,"href":"https:\/\/arcampin.be\/secondaire\/wp-json\/wp\/v2\/categories?post=7835"},{"taxonomy":"post_tag","embeddable":true,"href":"https:\/\/arcampin.be\/secondaire\/wp-json\/wp\/v2\/tags?post=7835"}],"curies":[{"name":"wp","href":"https:\/\/api.w.org\/{rel}","templated":true}]}}