{"id":7760,"date":"2023-01-24T13:57:21","date_gmt":"2023-01-24T12:57:21","guid":{"rendered":"https:\/\/arcampin.be\/secondaire\/?p=7760"},"modified":"2023-01-27T11:39:28","modified_gmt":"2023-01-27T10:39:28","slug":"excursion-des-6e-a-bruxelles","status":"publish","type":"post","link":"https:\/\/arcampin.be\/secondaire\/archives\/7760","title":{"rendered":"Excursion \u00e0 Bruxelles"},"content":{"rendered":"\n<figure class=\"wp-block-image size-large\"><img loading=\"lazy\" width=\"1210\" height=\"1614\" src=\"https:\/\/arcampin.be\/secondaire\/wp-content\/uploads\/2023\/01\/324445124_600696945400033_14521827228388901_n-edited.jpeg\" alt=\"\" class=\"wp-image-7811\" srcset=\"https:\/\/arcampin.be\/secondaire\/wp-content\/uploads\/2023\/01\/324445124_600696945400033_14521827228388901_n-edited.jpeg 1210w, https:\/\/arcampin.be\/secondaire\/wp-content\/uploads\/2023\/01\/324445124_600696945400033_14521827228388901_n-edited-225x300.jpeg 225w, https:\/\/arcampin.be\/secondaire\/wp-content\/uploads\/2023\/01\/324445124_600696945400033_14521827228388901_n-edited-768x1024.jpeg 768w, https:\/\/arcampin.be\/secondaire\/wp-content\/uploads\/2023\/01\/324445124_600696945400033_14521827228388901_n-edited-1152x1536.jpeg 1152w\" sizes=\"(max-width: 1210px) 100vw, 1210px\" \/><\/figure>\n\n\n\n<p><em>Apr\u00e8s un r\u00e9veil tr\u00e8s matinal (le rendez-vous \u00e0 l\u2019\u00e9cole \u00e9tant fix\u00e9 \u00e0 7h30 \u00e0 l\u2019\u00e9cole), les cars nous ont d\u00e9pos\u00e9s \u00e0 l\u2019<a href=\"https:\/\/www.facebook.com\/ulbruxelles\/?__cft__[0]=AZUap92Z9sQZMDVtKNG7BTu5UazId-HT_RKEahdZv2sfUW_MSARgK6K8y5Dse9_FnGwdSG7CFuWlPbzV3gfHzfRcrU_PF6b6o6Uc_rKm7kCLBvMfwGgGhwiOrdQSVxlMKd-PhhleJcse11Ob3TSwNPPeZuxH02Zzxi5tL0Z1fxEHU71TwrmI_0aXDdVNYT4Xjmo&amp;__tn__=kK-R\">ULB &#8211; Universit\u00e9 libre de Bruxelles<\/a> o\u00f9 les \u00e9l\u00e8ves ont pu profiter d\u2019une s\u00e9ance d\u2019informations sur l\u2019enseignement sup\u00e9rieur (diff\u00e9rence entre haute \u00e9cole et universit\u00e9, comment choisir ses \u00e9tudes, se pr\u00e9parer pour r\u00e9ussir, etc.) et d\u2019un tour, rapide et guid\u00e9, du campus du Solbosch.<\/em><\/p>\n\n\n\n<figure class=\"wp-block-image size-large\"><img loading=\"lazy\" width=\"1024\" height=\"768\" src=\"https:\/\/arcampin.be\/secondaire\/wp-content\/uploads\/2023\/01\/325851338_912234153125621_8925773867676524913_n-1024x768.jpeg\" alt=\"\" class=\"wp-image-7771\" srcset=\"https:\/\/arcampin.be\/secondaire\/wp-content\/uploads\/2023\/01\/325851338_912234153125621_8925773867676524913_n-1024x768.jpeg 1024w, https:\/\/arcampin.be\/secondaire\/wp-content\/uploads\/2023\/01\/325851338_912234153125621_8925773867676524913_n-300x225.jpeg 300w, https:\/\/arcampin.be\/secondaire\/wp-content\/uploads\/2023\/01\/325851338_912234153125621_8925773867676524913_n-768x576.jpeg 768w, https:\/\/arcampin.be\/secondaire\/wp-content\/uploads\/2023\/01\/325851338_912234153125621_8925773867676524913_n-1536x1152.jpeg 1536w, https:\/\/arcampin.be\/secondaire\/wp-content\/uploads\/2023\/01\/325851338_912234153125621_8925773867676524913_n.jpeg 2048w\" sizes=\"(max-width: 1024px) 100vw, 1024px\" \/><\/figure>\n\n\n\n<figure class=\"wp-block-image size-full\"><img loading=\"lazy\" width=\"960\" height=\"720\" src=\"https:\/\/arcampin.be\/secondaire\/wp-content\/uploads\/2023\/01\/326462719_1230451904560372_2234765938770938689_n.jpeg\" alt=\"\" class=\"wp-image-7764\" srcset=\"https:\/\/arcampin.be\/secondaire\/wp-content\/uploads\/2023\/01\/326462719_1230451904560372_2234765938770938689_n.jpeg 960w, https:\/\/arcampin.be\/secondaire\/wp-content\/uploads\/2023\/01\/326462719_1230451904560372_2234765938770938689_n-300x225.jpeg 300w, https:\/\/arcampin.be\/secondaire\/wp-content\/uploads\/2023\/01\/326462719_1230451904560372_2234765938770938689_n-768x576.jpeg 768w\" sizes=\"(max-width: 960px) 100vw, 960px\" \/><\/figure>\n\n\n\n<p><em>L\u2019apr\u00e8s-midi \u00e9tait consacr\u00e9 \u00e0 la visite de la Maison Erasme (un humaniste du XVIe si\u00e8cle, originaire des Pays-Bas espagnols, qui a fait avancer la soci\u00e9t\u00e9 de son temps gr\u00e2ce \u00e0 divers \u00e9crits comme sa traduction de la Bible ou encore son \u0153uvre \u00ab L\u2019\u00e9loge de la folie \u00bb) et \u00e0 l\u2019exposition Bond in Motion (gr\u00e2ce \u00e0 laquelle les \u00e9l\u00e8ves ont pu admirer des objets utilis\u00e9s, notamment plusieurs voitures c\u00e9l\u00e8bres et remplies de gadgets, dans les films du mondialement connu agent 007). <\/em><\/p>\n\n\n\n<figure class=\"wp-container-2 wp-block-gallery-1 wp-block-gallery has-nested-images columns-default is-cropped\">\n<figure class=\"wp-block-image size-large\"><img loading=\"lazy\" width=\"1024\" height=\"768\" data-id=\"7767\"  src=\"https:\/\/arcampin.be\/secondaire\/wp-content\/uploads\/2023\/01\/326396199_963274731746121_9000396333441666650_n-1024x768.jpeg\" alt=\"\" class=\"wp-image-7767\" srcset=\"https:\/\/arcampin.be\/secondaire\/wp-content\/uploads\/2023\/01\/326396199_963274731746121_9000396333441666650_n-1024x768.jpeg 1024w, https:\/\/arcampin.be\/secondaire\/wp-content\/uploads\/2023\/01\/326396199_963274731746121_9000396333441666650_n-300x225.jpeg 300w, https:\/\/arcampin.be\/secondaire\/wp-content\/uploads\/2023\/01\/326396199_963274731746121_9000396333441666650_n-768x576.jpeg 768w, https:\/\/arcampin.be\/secondaire\/wp-content\/uploads\/2023\/01\/326396199_963274731746121_9000396333441666650_n-1536x1152.jpeg 1536w, https:\/\/arcampin.be\/secondaire\/wp-content\/uploads\/2023\/01\/326396199_963274731746121_9000396333441666650_n.jpeg 2048w\" sizes=\"(max-width: 1024px) 100vw, 1024px\" \/><\/figure>\n\n\n\n<figure class=\"wp-block-image size-large\"><img loading=\"lazy\" width=\"1024\" height=\"768\" data-id=\"7768\"  src=\"https:\/\/arcampin.be\/secondaire\/wp-content\/uploads\/2023\/01\/325649295_906403593846874_3496753922106425030_n-1024x768.jpeg\" alt=\"\" class=\"wp-image-7768\" srcset=\"https:\/\/arcampin.be\/secondaire\/wp-content\/uploads\/2023\/01\/325649295_906403593846874_3496753922106425030_n-1024x768.jpeg 1024w, https:\/\/arcampin.be\/secondaire\/wp-content\/uploads\/2023\/01\/325649295_906403593846874_3496753922106425030_n-300x225.jpeg 300w, https:\/\/arcampin.be\/secondaire\/wp-content\/uploads\/2023\/01\/325649295_906403593846874_3496753922106425030_n-768x576.jpeg 768w, https:\/\/arcampin.be\/secondaire\/wp-content\/uploads\/2023\/01\/325649295_906403593846874_3496753922106425030_n-1536x1152.jpeg 1536w, https:\/\/arcampin.be\/secondaire\/wp-content\/uploads\/2023\/01\/325649295_906403593846874_3496753922106425030_n.jpeg 2048w\" sizes=\"(max-width: 1024px) 100vw, 1024px\" \/><\/figure>\n<\/figure>\n\n\n\n<figure class=\"wp-block-image size-full\"><img loading=\"lazy\" width=\"720\" height=\"960\" src=\"https:\/\/arcampin.be\/secondaire\/wp-content\/uploads\/2023\/01\/326697055_889291375847088_5820224422141941025_n.jpeg\" alt=\"\" class=\"wp-image-7813\" srcset=\"https:\/\/arcampin.be\/secondaire\/wp-content\/uploads\/2023\/01\/326697055_889291375847088_5820224422141941025_n.jpeg 720w, https:\/\/arcampin.be\/secondaire\/wp-content\/uploads\/2023\/01\/326697055_889291375847088_5820224422141941025_n-225x300.jpeg 225w\" sizes=\"(max-width: 720px) 100vw, 720px\" \/><\/figure>\n\n\n\n<p><em>Ces deux exp\u00e9riences culturelles pouvaient ainsi servir aux \u00e9l\u00e8ves pour remplir leur carnet culturel d\u00e9j\u00e0 bien rempli depuis le d\u00e9but d\u2019ann\u00e9e (Expo Borders au Carillon de Tournai, Miro au BAM de Mons, la pi\u00e8ce de th\u00e9\u00e2tre \u00ab La bombe humaine \u00bb \u00e0 la Maison de la Culture, etc.).<\/em><\/p>\n\n\n\n<figure class=\"wp-container-4 wp-block-gallery-3 wp-block-gallery has-nested-images columns-default is-cropped\">\n<figure class=\"wp-block-image size-large\"><img loading=\"lazy\" width=\"2048\" height=\"1536\" data-id=\"7766\"  src=\"https:\/\/arcampin.be\/secondaire\/wp-content\/uploads\/2023\/01\/324733449_1157034755015344_318851434927740535_n.jpeg\" alt=\"\" class=\"wp-image-7766\" srcset=\"https:\/\/arcampin.be\/secondaire\/wp-content\/uploads\/2023\/01\/324733449_1157034755015344_318851434927740535_n.jpeg 2048w, https:\/\/arcampin.be\/secondaire\/wp-content\/uploads\/2023\/01\/324733449_1157034755015344_318851434927740535_n-300x225.jpeg 300w, https:\/\/arcampin.be\/secondaire\/wp-content\/uploads\/2023\/01\/324733449_1157034755015344_318851434927740535_n-1024x768.jpeg 1024w, https:\/\/arcampin.be\/secondaire\/wp-content\/uploads\/2023\/01\/324733449_1157034755015344_318851434927740535_n-768x576.jpeg 768w, https:\/\/arcampin.be\/secondaire\/wp-content\/uploads\/2023\/01\/324733449_1157034755015344_318851434927740535_n-1536x1152.jpeg 1536w\" sizes=\"(max-width: 2048px) 100vw, 2048px\" \/><\/figure>\n<\/figure>\n\n\n\n<figure class=\"wp-container-6 wp-block-gallery-5 wp-block-gallery has-nested-images columns-default is-cropped\">\n<figure class=\"wp-block-image size-large\"><img loading=\"lazy\" width=\"2048\" height=\"1536\" data-id=\"7769\"  src=\"https:\/\/arcampin.be\/secondaire\/wp-content\/uploads\/2023\/01\/325904375_651124180121342_2278541900501000171_n.jpeg\" alt=\"\" class=\"wp-image-7769\" srcset=\"https:\/\/arcampin.be\/secondaire\/wp-content\/uploads\/2023\/01\/325904375_651124180121342_2278541900501000171_n.jpeg 2048w, https:\/\/arcampin.be\/secondaire\/wp-content\/uploads\/2023\/01\/325904375_651124180121342_2278541900501000171_n-300x225.jpeg 300w, https:\/\/arcampin.be\/secondaire\/wp-content\/uploads\/2023\/01\/325904375_651124180121342_2278541900501000171_n-1024x768.jpeg 1024w, https:\/\/arcampin.be\/secondaire\/wp-content\/uploads\/2023\/01\/325904375_651124180121342_2278541900501000171_n-768x576.jpeg 768w, https:\/\/arcampin.be\/secondaire\/wp-content\/uploads\/2023\/01\/325904375_651124180121342_2278541900501000171_n-1536x1152.jpeg 1536w\" sizes=\"(max-width: 2048px) 100vw, 2048px\" \/><\/figure>\n\n\n\n<figure class=\"wp-block-image size-large\"><img loading=\"lazy\" width=\"720\" height=\"960\" data-id=\"7761\"  src=\"https:\/\/arcampin.be\/secondaire\/wp-content\/uploads\/2023\/01\/326688252_514264977240820_4158131843804448460_n.jpeg\" alt=\"\" class=\"wp-image-7761\" srcset=\"https:\/\/arcampin.be\/secondaire\/wp-content\/uploads\/2023\/01\/326688252_514264977240820_4158131843804448460_n.jpeg 720w, https:\/\/arcampin.be\/secondaire\/wp-content\/uploads\/2023\/01\/326688252_514264977240820_4158131843804448460_n-225x300.jpeg 225w\" sizes=\"(max-width: 720px) 100vw, 720px\" \/><\/figure>\n<\/figure>\n\n\n\n<p><em>Nous esp\u00e9rons que la journ\u00e9e a \u00e9t\u00e9 agr\u00e9able pour tous malgr\u00e9 le temps hivernal et les \u00e9ternels bouchons pour sortir de Bruxelles.<\/em><\/p>\n\n\n\n<p><em>Les professeurs de Fran\u00e7ais de 6e (Mme Cotton &#8211; Mrs Baudoin &amp; Delhaye)<\/em><\/p>\n","protected":false},"excerpt":{"rendered":"<p>Apr\u00e8s un r\u00e9veil tr\u00e8s matinal (le rendez-vous \u00e0 l\u2019\u00e9cole \u00e9tant fix\u00e9 \u00e0 7h30 \u00e0 l\u2019\u00e9cole), les cars nous ont d\u00e9pos\u00e9s \u00e0 l\u2019ULB &#8211; Universit\u00e9 libre de Bruxelles o\u00f9 les \u00e9l\u00e8ves ont pu profiter d\u2019une s\u00e9ance d\u2019informations sur l\u2019enseignement sup\u00e9rieur (diff\u00e9rence entre haute \u00e9cole et universit\u00e9, comment choisir ses \u00e9tudes, se pr\u00e9parer pour r\u00e9ussir, etc.) et &hellip; <a href=\"https:\/\/arcampin.be\/secondaire\/archives\/7760\" class=\"more-link\">Continuer la lecture de <span class=\"screen-reader-text\">Excursion \u00e0 Bruxelles<\/span> <span class=\"meta-nav\">&rarr;<\/span><\/a><\/p>\n","protected":false},"author":2,"featured_media":0,"comment_status":"closed","ping_status":"open","sticky":false,"template":"","format":"standard","meta":{"jetpack_post_was_ever_published":false},"categories":[25],"tags":[],"jetpack_featured_media_url":"","_links":{"self":[{"href":"https:\/\/arcampin.be\/secondaire\/wp-json\/wp\/v2\/posts\/7760"}],"collection":[{"href":"https:\/\/arcampin.be\/secondaire\/wp-json\/wp\/v2\/posts"}],"about":[{"href":"https:\/\/arcampin.be\/secondaire\/wp-json\/wp\/v2\/types\/post"}],"author":[{"embeddable":true,"href":"https:\/\/arcampin.be\/secondaire\/wp-json\/wp\/v2\/users\/2"}],"replies":[{"embeddable":true,"href":"https:\/\/arcampin.be\/secondaire\/wp-json\/wp\/v2\/comments?post=7760"}],"version-history":[{"count":5,"href":"https:\/\/arcampin.be\/secondaire\/wp-json\/wp\/v2\/posts\/7760\/revisions"}],"predecessor-version":[{"id":7815,"href":"https:\/\/arcampin.be\/secondaire\/wp-json\/wp\/v2\/posts\/7760\/revisions\/7815"}],"wp:attachment":[{"href":"https:\/\/arcampin.be\/secondaire\/wp-json\/wp\/v2\/media?parent=7760"}],"wp:term":[{"taxonomy":"category","embeddable":true,"href":"https:\/\/arcampin.be\/secondaire\/wp-json\/wp\/v2\/categories?post=7760"},{"taxonomy":"post_tag","embeddable":true,"href":"https:\/\/arcampin.be\/secondaire\/wp-json\/wp\/v2\/tags?post=7760"}],"curies":[{"name":"wp","href":"https:\/\/api.w.org\/{rel}","templated":true}]}}