{"id":5964,"date":"2021-04-01T16:18:54","date_gmt":"2021-04-01T15:18:54","guid":{"rendered":"https:\/\/arcampin.be\/secondaire\/?p=5964"},"modified":"2021-09-20T09:29:40","modified_gmt":"2021-09-20T08:29:40","slug":"5964","status":"publish","type":"post","link":"https:\/\/arcampin.be\/secondaire\/archives\/5964","title":{"rendered":""},"content":{"rendered":"\n<figure class=\"wp-block-image\"><img loading=\"lazy\" width=\"724\" height=\"1024\" src=\"https:\/\/arcampin.be\/secondaire\/wp-content\/uploads\/2021\/04\/PO-2021-724x1024.jpg\" alt=\"\" class=\"wp-image-5966\" srcset=\"https:\/\/arcampin.be\/secondaire\/wp-content\/uploads\/2021\/04\/PO-2021-724x1024.jpg 724w, https:\/\/arcampin.be\/secondaire\/wp-content\/uploads\/2021\/04\/PO-2021-212x300.jpg 212w, https:\/\/arcampin.be\/secondaire\/wp-content\/uploads\/2021\/04\/PO-2021-768x1086.jpg 768w, https:\/\/arcampin.be\/secondaire\/wp-content\/uploads\/2021\/04\/PO-2021.jpg 1587w\" sizes=\"(max-width: 724px) 100vw, 724px\" \/><\/figure>\n\n\n\n<div class=\"wp-block-button aligncenter is-style-outline\"><a class=\"wp-block-button__link has-text-color has-white-color has-background\" href=\"https:\/\/forms.gle\/rRu8LNHbWDsGpNtP7\" style=\"background-color:#54bbb1\"><strong>Prenez rendez-vous ici<\/strong><\/a><\/div>\n\n\n<p><em>Les conditions sanitaires actuelles ne nous permettent pas d&rsquo;organiser une journ\u00e9e \u00ab\u00a0portes ouvertes\u00a0\u00bb traditionnelle. Cette ann\u00e9e, celle-ci se d\u00e9roulera sur rendez-vous tout en respectant les r\u00e8gles sanitaires.<\/em><\/p>\n<p><em>Vous \u00eates int\u00e9ress\u00e9s ? Rien de plus simple. Veuillez compl\u00e9ter ci-joint le formulaire d\u2019inscription.<\/em><\/p>\n<p><em>Nous vous recontacterons pour de plus amples informations sur l\u2019organisation de cette journ\u00e9e si celle-ci est maintenue ou non, en fonction des mesures en vigueur.<\/em><\/p>\n<p><\/p>\n<hr>\n<p><\/p>\n<p><em>Vous trouverez \u00e9galement ci-joint les grilles horaires de l&rsquo;ann\u00e9e scolaire 2021-2022 ainsi que deux fascicules \u00ab\u00a0pr\u00e9sentation des options du deuxi\u00e8me et du troisi\u00e8me degr\u00e9\u00a0\u00bb.<\/em><\/p>\n<p><\/p>\n\n\n<div class=\"wp-block-button aligncenter is-style-outline\"><a class=\"wp-block-button__link has-text-color has-white-color has-background\" href=\"https:\/\/arcampin.be\/secondaire\/wp-content\/uploads\/2021\/04\/Grilles-2021-2022.pdf\" style=\"background-color:#54bbb1\"><strong>Grilles horaires<br>2021-2022<\/strong><\/a><\/div>\n\n\n\n<div class=\"wp-container-3 wp-block-columns has-2-columns\">\n<div class=\"wp-container-1 wp-block-column\">\n<div class=\"wp-block-button aligncenter is-style-outline\"><a class=\"wp-block-button__link has-text-color has-white-color has-background\" href=\"https:\/\/arcampin.be\/secondaire\/wp-content\/uploads\/2021\/04\/fascicule-options-3e\u0300me-2021.pdf\" style=\"background-color:#54bbb1\"><strong>Options disponibles<br>\u00e0 partir de la 3\u00e8me<\/strong><br><\/a><\/div>\n<\/div>\n\n\n\n<div class=\"wp-container-2 wp-block-column\">\n<div class=\"wp-block-button aligncenter is-style-outline\"><a class=\"wp-block-button__link has-text-color has-white-color has-background\" href=\"https:\/\/arcampin.be\/secondaire\/wp-content\/uploads\/2021\/04\/fascicule-options-5e%CC%80me-2021.pdf\" style=\"background-color:#54bbb1\"><strong>Options disponibles<br>\u00e0 partir de la 5\u00e8me<\/strong><br><\/a><\/div>\n\n\n\n<p><\/p>\n<\/div>\n<\/div>\n\n\n<hr>\n<p><\/p>","protected":false},"excerpt":{"rendered":"<p>Les conditions sanitaires actuelles ne nous permettent pas d&rsquo;organiser une journ\u00e9e \u00ab\u00a0portes ouvertes\u00a0\u00bb traditionnelle. Cette ann\u00e9e, celle-ci se d\u00e9roulera sur rendez-vous tout en respectant les r\u00e8gles sanitaires. Vous \u00eates int\u00e9ress\u00e9s ? Rien de plus simple. Veuillez compl\u00e9ter ci-joint le formulaire d\u2019inscription. Nous vous recontacterons pour de plus amples informations sur l\u2019organisation de cette journ\u00e9e si &hellip; <a href=\"https:\/\/arcampin.be\/secondaire\/archives\/5964\" class=\"more-link\">Continuer la lecture de <span class=\"screen-reader-text\"><\/span> <span class=\"meta-nav\">&rarr;<\/span><\/a><\/p>\n","protected":false},"author":2,"featured_media":0,"comment_status":"closed","ping_status":"open","sticky":false,"template":"","format":"standard","meta":{"jetpack_post_was_ever_published":false},"categories":[6],"tags":[],"jetpack_featured_media_url":"","_links":{"self":[{"href":"https:\/\/arcampin.be\/secondaire\/wp-json\/wp\/v2\/posts\/5964"}],"collection":[{"href":"https:\/\/arcampin.be\/secondaire\/wp-json\/wp\/v2\/posts"}],"about":[{"href":"https:\/\/arcampin.be\/secondaire\/wp-json\/wp\/v2\/types\/post"}],"author":[{"embeddable":true,"href":"https:\/\/arcampin.be\/secondaire\/wp-json\/wp\/v2\/users\/2"}],"replies":[{"embeddable":true,"href":"https:\/\/arcampin.be\/secondaire\/wp-json\/wp\/v2\/comments?post=5964"}],"version-history":[{"count":10,"href":"https:\/\/arcampin.be\/secondaire\/wp-json\/wp\/v2\/posts\/5964\/revisions"}],"predecessor-version":[{"id":6006,"href":"https:\/\/arcampin.be\/secondaire\/wp-json\/wp\/v2\/posts\/5964\/revisions\/6006"}],"wp:attachment":[{"href":"https:\/\/arcampin.be\/secondaire\/wp-json\/wp\/v2\/media?parent=5964"}],"wp:term":[{"taxonomy":"category","embeddable":true,"href":"https:\/\/arcampin.be\/secondaire\/wp-json\/wp\/v2\/categories?post=5964"},{"taxonomy":"post_tag","embeddable":true,"href":"https:\/\/arcampin.be\/secondaire\/wp-json\/wp\/v2\/tags?post=5964"}],"curies":[{"name":"wp","href":"https:\/\/api.w.org\/{rel}","templated":true}]}}