{"id":5958,"date":"2021-03-25T17:33:16","date_gmt":"2021-03-25T16:33:16","guid":{"rendered":"https:\/\/arcampin.be\/secondaire\/?p=5958"},"modified":"2021-04-15T09:13:17","modified_gmt":"2021-04-15T08:13:17","slug":"covid-19-nouvelles-mesures-25-mars-2021","status":"publish","type":"post","link":"https:\/\/arcampin.be\/secondaire\/archives\/5958","title":{"rendered":"Covid-19 : Nouvelles mesures (25 mars 2021)"},"content":{"rendered":"<p><em>Chers Parents,<\/em><\/p>\n<p><em>Les cours sont suspendus du <strong>lundi 29 mars au vendredi 02 avril inclus<\/strong>.<\/em><\/p>\n<p><em>Toutefois, une garderie est organis\u00e9e de <strong>08h00 \u00e0 16h00<\/strong> (lundi, mardi, jeudi et vendredi) et de <strong>8h00 \u00e0 12h00<\/strong> (mercredi), ouverte aux \u00e9l\u00e8ves pour lesquels aucune autre solution alternative de garde n&rsquo;est possible pour les parents sans mobiliser les personnes \u00e0 risques. Nous faisons appel \u00e0 votre solidarit\u00e9 \u00e0 cet \u00e9gard.<\/em><\/p>\n<p><em>Afin d\u2019organiser au mieux l\u2019accueil des \u00e9l\u00e8ves veuillez compl\u00e9ter et nous renvoyer le plus rapidement possible, le tableau ci-dessous en indiquant une croix dans les cases correspondant aux jours o\u00f9 votre enfant sera pr\u00e9sent \u00e0 l\u2019\u00e9cole. (<strong>secretariat@atheneecampin.net<\/strong>).<\/em><\/p>\n<ul>\n<li><em><strong><a href=\"https:\/\/arcampin.be\/secondaire\/wp-content\/uploads\/2021\/03\/Covid-19-Nouvelles-mesures-en-date-du-25-mars-2021.pdf\" target=\"_blank\" rel=\"noopener noreferrer\">Document \u00e0 compl\u00e9ter<\/a><\/strong><\/em><\/li>\n<\/ul>\n<p>\u00a0<\/p>\n<p style=\"padding-left: 400px;\"><em>La Direction<\/em><\/p>\n<hr \/>\n<p>\u00a0<\/p>\n\n\n<p><\/p>\n","protected":false},"excerpt":{"rendered":"<p>Chers Parents, Les cours sont suspendus du lundi 29 mars au vendredi 02 avril inclus. Toutefois, une garderie est organis\u00e9e de 08h00 \u00e0 16h00 (lundi, mardi, jeudi et vendredi) et de 8h00 \u00e0 12h00 (mercredi), ouverte aux \u00e9l\u00e8ves pour lesquels aucune autre solution alternative de garde n&rsquo;est possible pour les parents sans mobiliser les personnes &hellip; <a href=\"https:\/\/arcampin.be\/secondaire\/archives\/5958\" class=\"more-link\">Continuer la lecture de <span class=\"screen-reader-text\">Covid-19 : Nouvelles mesures (25 mars 2021)<\/span> <span class=\"meta-nav\">&rarr;<\/span><\/a><\/p>\n","protected":false},"author":2,"featured_media":0,"comment_status":"closed","ping_status":"open","sticky":false,"template":"","format":"standard","meta":{"jetpack_post_was_ever_published":false},"categories":[6],"tags":[],"jetpack_featured_media_url":"","_links":{"self":[{"href":"https:\/\/arcampin.be\/secondaire\/wp-json\/wp\/v2\/posts\/5958"}],"collection":[{"href":"https:\/\/arcampin.be\/secondaire\/wp-json\/wp\/v2\/posts"}],"about":[{"href":"https:\/\/arcampin.be\/secondaire\/wp-json\/wp\/v2\/types\/post"}],"author":[{"embeddable":true,"href":"https:\/\/arcampin.be\/secondaire\/wp-json\/wp\/v2\/users\/2"}],"replies":[{"embeddable":true,"href":"https:\/\/arcampin.be\/secondaire\/wp-json\/wp\/v2\/comments?post=5958"}],"version-history":[{"count":3,"href":"https:\/\/arcampin.be\/secondaire\/wp-json\/wp\/v2\/posts\/5958\/revisions"}],"predecessor-version":[{"id":5962,"href":"https:\/\/arcampin.be\/secondaire\/wp-json\/wp\/v2\/posts\/5958\/revisions\/5962"}],"wp:attachment":[{"href":"https:\/\/arcampin.be\/secondaire\/wp-json\/wp\/v2\/media?parent=5958"}],"wp:term":[{"taxonomy":"category","embeddable":true,"href":"https:\/\/arcampin.be\/secondaire\/wp-json\/wp\/v2\/categories?post=5958"},{"taxonomy":"post_tag","embeddable":true,"href":"https:\/\/arcampin.be\/secondaire\/wp-json\/wp\/v2\/tags?post=5958"}],"curies":[{"name":"wp","href":"https:\/\/api.w.org\/{rel}","templated":true}]}}