{"id":5894,"date":"2021-02-25T12:17:28","date_gmt":"2021-02-25T11:17:28","guid":{"rendered":"https:\/\/arcampin.be\/secondaire\/?p=5894"},"modified":"2021-02-25T20:01:15","modified_gmt":"2021-02-25T19:01:15","slug":"covid-19-prolongation-du-code-rouge-1er-mars-2021","status":"publish","type":"post","link":"https:\/\/arcampin.be\/secondaire\/archives\/5894","title":{"rendered":"Covid-19 : Prolongation du code rouge (1er mars 2021)"},"content":{"rendered":"<h4><strong><b>Organisation de la vie scolaire<\/b> :<\/strong><\/h4>\n<p><em>Chers parents,<\/em><\/p>\n<p><em><strong>Dans l&rsquo;attente de nouvelles consignes<\/strong>, le<\/em><em> code rouge actuellement en vigueur est maintenu. Les r\u00e8gles pr\u00e9vues pour l\u2019enseignement secondaire restent donc pleinement d\u2019application <strong>jusqu\u2019aux vacances de printemps (P\u00e2ques)<\/strong>.\u00a0<\/em><\/p>\n\n\n<table class=\"wp-block-table is-style-stripes\"><tbody><tr><td><strong>Semaine du 1er mars au 5 mars 2021<\/strong><\/td><td><\/td><td><\/td><\/tr><tr><td><strong>Classes<\/strong><\/td><td><strong>A l\u2019\u00e9cole<\/strong><\/td><td><strong>A distance<\/strong><\/td><\/tr><tr><td><em>1er degr\u00e9 : 1\u00e8re \u2013 2\u00e8me \u2013 2\u00e8me S<\/em><\/td><td><em>Toute la semaine<\/em><\/td><td><em>N\u00e9ant<\/em><\/td><\/tr><tr><td><em>2\u00e8me degr\u00e9 : 3\u00e8me \u2013 4\u00e8me<\/em><br><\/td><td><em>Lundi, mercredi, vendredi<\/em><\/td><td><em>Mardi, jeudi<\/em><\/td><\/tr><tr><td><em>3\u00e8me degr\u00e9 : 5\u00e8me \u2013 6\u00e8me<\/em><\/td><td><em>Mardi, jeudi<\/em><\/td><td><em>Lundi, mercredi, vendredi<\/em><\/td><\/tr><\/tbody><\/table>\n\n\n\n<table class=\"wp-block-table is-style-stripes\"><tbody><tr><td><strong>Semaine du 8 mars au 12 mars 2021<\/strong><\/td><td><\/td><td><\/td><\/tr><tr><td><strong>Classes<\/strong><\/td><td><strong>A l\u2019\u00e9cole<\/strong><\/td><td><strong>A distance<\/strong><\/td><\/tr><tr><td><em>1er degr\u00e9 : 1\u00e8re \u2013 2\u00e8me \u2013 2\u00e8me S<\/em><\/td><td><em>Toute la semaine<\/em><\/td><td><em>N\u00e9ant<\/em><\/td><\/tr><tr><td><em>2\u00e8me degr\u00e9 : 3\u00e8me \u2013 4\u00e8me<\/em><br><\/td><td><em>Mardi, jeudi<\/em><\/td><td><em>Lundi, mercredi, vendredi<\/em><\/td><\/tr><tr><td><em>3\u00e8me degr\u00e9 : 5\u00e8me \u2013 6\u00e8me<\/em><\/td><td><em>Lundi, Mercredi, vendredi<\/em><\/td><td><em>Mardi, jeudi<\/em><\/td><\/tr><\/tbody><\/table>\n\n\n\n<table class=\"wp-block-table is-style-stripes\"><tbody><tr><td><strong>Semaine du 15 mars au 19 mars 2021<\/strong><\/td><td><\/td><td><\/td><\/tr><tr><td><strong>Classes<\/strong><\/td><td><strong>A l\u2019\u00e9cole<\/strong><\/td><td><strong>A distance<\/strong><\/td><\/tr><tr><td><em>1er degr\u00e9 : 1\u00e8re \u2013 2\u00e8me \u2013 2\u00e8me S<\/em><\/td><td><em>Toute la semaine<\/em><\/td><td><em>N\u00e9ant<\/em><\/td><\/tr><tr><td><em>2\u00e8me degr\u00e9 : 3\u00e8me \u2013 4\u00e8me<\/em><br><\/td><td><em>Lundi, mercredi, vendredi<\/em><\/td><td><em>Mardi, jeudi<\/em><\/td><\/tr><tr><td><em>3\u00e8me degr\u00e9 : 5\u00e8me \u2013 6\u00e8me<\/em><\/td><td><em>Mardi, jeudi<\/em><\/td><td><em>Lundi, mercredi, vendredi<\/em><\/td><\/tr><\/tbody><\/table>\n\n\n\n<table class=\"wp-block-table is-style-stripes\"><tbody><tr><td><strong>Semaine du 22 mars au 26 mars 2021<\/strong><\/td><td><\/td><td><\/td><\/tr><tr><td><strong>Classes<\/strong><\/td><td><strong>A l\u2019\u00e9cole<\/strong><\/td><td><strong>A distance<\/strong><\/td><\/tr><tr><td><em>1er degr\u00e9 : 1\u00e8re \u2013 2\u00e8me \u2013 2\u00e8me S<\/em><\/td><td><em>Toute la semaine<\/em><\/td><td><em>N\u00e9ant<\/em><\/td><\/tr><tr><td><em>2\u00e8me degr\u00e9 : 3\u00e8me \u2013 4\u00e8me<\/em><br><\/td><td><em>Mardi, jeudi<\/em><\/td><td><em>Lundi, mercredi, vendredi<\/em><\/td><\/tr><tr><td><em>3\u00e8me degr\u00e9 : 5\u00e8me \u2013 6\u00e8me<\/em><\/td><td><em>Lundi, mercredi, vendredi<\/em><\/td><td><em>Mardi, jeudi<\/em><\/td><\/tr><\/tbody><\/table>\n\n\n\n<table class=\"wp-block-table is-style-stripes\"><tbody><tr><td><strong>Semaine du 29 mars au 2 avril 2021<\/strong><\/td><td><\/td><td><\/td><\/tr><tr><td><strong>Classes<\/strong><\/td><td><strong>A l\u2019\u00e9cole<\/strong><\/td><td><strong>A distance<\/strong><\/td><\/tr><tr><td><em>1er degr\u00e9 : 1\u00e8re \u2013 2\u00e8me \u2013 2\u00e8me S<\/em><\/td><td><em>Toute la semaine<\/em><\/td><td><em>N\u00e9ant<\/em><\/td><\/tr><tr><td><em>2\u00e8me degr\u00e9 : 3\u00e8me \u2013 4\u00e8me<\/em><br><\/td><td><em>Lundi, mercredi, vendredi<\/em><\/td><td><em>Mardi, jeudi<\/em><\/td><\/tr><tr><td><em>3\u00e8me degr\u00e9 : 5\u00e8me \u2013 6\u00e8me<\/em><\/td><td><em>Mardi, jeudi<\/em><\/td><td><em>Lundi, mercredi, vendredi<\/em><\/td><\/tr><\/tbody><\/table>\n\n\n<h4><strong>R\u00e9union de parents :<\/strong><\/h4>\n<p><em>Les mesures sanitaires actuelles ne nous permettent pas d\u2019organiser une r\u00e9union de parents, vous pouvez toutefois rencontrer individuellement un enseignant en prenant rendez-vous via le carnet de bord de l&rsquo;\u00e9l\u00e8ve.<\/em><\/p>\n<p><em>Je reste \u00e0 votre enti\u00e8re disposition pour tout renseignement compl\u00e9mentaire et je vous prie d&rsquo;agr\u00e9er, chers parents, mes salutations distingu\u00e9es.<\/em><\/p>\n<p><\/p>\n<p style=\"padding-left: 440px;\"><em>La Directrice<\/em><\/p>\n<p style=\"text-align: left; padding-left: 440px;\"><em>A. SAUDOYER<\/em><\/p>\n<hr>\n<p><\/p>","protected":false},"excerpt":{"rendered":"<p>Organisation de la vie scolaire : Chers parents, Dans l&rsquo;attente de nouvelles consignes, le code rouge actuellement en vigueur est maintenu. Les r\u00e8gles pr\u00e9vues pour l\u2019enseignement secondaire restent donc pleinement d\u2019application jusqu\u2019aux vacances de printemps (P\u00e2ques).\u00a0 Semaine du 1er mars au 5 mars 2021 Classes A l\u2019\u00e9cole A distance 1er degr\u00e9 : 1\u00e8re \u2013 2\u00e8me &hellip; <a href=\"https:\/\/arcampin.be\/secondaire\/archives\/5894\" class=\"more-link\">Continuer la lecture de <span class=\"screen-reader-text\">Covid-19 : Prolongation du code rouge (1er mars 2021)<\/span> <span class=\"meta-nav\">&rarr;<\/span><\/a><\/p>\n","protected":false},"author":2,"featured_media":0,"comment_status":"closed","ping_status":"open","sticky":false,"template":"","format":"standard","meta":{"jetpack_post_was_ever_published":false},"categories":[6],"tags":[],"jetpack_featured_media_url":"","_links":{"self":[{"href":"https:\/\/arcampin.be\/secondaire\/wp-json\/wp\/v2\/posts\/5894"}],"collection":[{"href":"https:\/\/arcampin.be\/secondaire\/wp-json\/wp\/v2\/posts"}],"about":[{"href":"https:\/\/arcampin.be\/secondaire\/wp-json\/wp\/v2\/types\/post"}],"author":[{"embeddable":true,"href":"https:\/\/arcampin.be\/secondaire\/wp-json\/wp\/v2\/users\/2"}],"replies":[{"embeddable":true,"href":"https:\/\/arcampin.be\/secondaire\/wp-json\/wp\/v2\/comments?post=5894"}],"version-history":[{"count":7,"href":"https:\/\/arcampin.be\/secondaire\/wp-json\/wp\/v2\/posts\/5894\/revisions"}],"predecessor-version":[{"id":5902,"href":"https:\/\/arcampin.be\/secondaire\/wp-json\/wp\/v2\/posts\/5894\/revisions\/5902"}],"wp:attachment":[{"href":"https:\/\/arcampin.be\/secondaire\/wp-json\/wp\/v2\/media?parent=5894"}],"wp:term":[{"taxonomy":"category","embeddable":true,"href":"https:\/\/arcampin.be\/secondaire\/wp-json\/wp\/v2\/categories?post=5894"},{"taxonomy":"post_tag","embeddable":true,"href":"https:\/\/arcampin.be\/secondaire\/wp-json\/wp\/v2\/tags?post=5894"}],"curies":[{"name":"wp","href":"https:\/\/api.w.org\/{rel}","templated":true}]}}