{"id":5876,"date":"2021-02-11T10:36:33","date_gmt":"2021-02-11T09:36:33","guid":{"rendered":"https:\/\/arcampin.be\/secondaire\/?p=5876"},"modified":"2021-02-11T15:13:05","modified_gmt":"2021-02-11T14:13:05","slug":"covid-19-prolongation-du-code-rouge-2","status":"publish","type":"post","link":"https:\/\/arcampin.be\/secondaire\/archives\/5876","title":{"rendered":"Covid-19 : Organisation de la rentr\u00e9e du 22 f\u00e9vrier 2021"},"content":{"rendered":"<p><em>Chers parents,<\/em><\/p>\n<p><em>Pour votre information, p<\/em><em>rolongation du code rouge actuellement en vigueur. Les r\u00e8gles pr\u00e9vues pour l\u2019enseignement secondaire restent donc pleinement d\u2019application <strong>jusqu\u2019au 26 f\u00e9vrier minimum<\/strong>.<\/em><\/p>\n\n\n<table class=\"wp-block-table is-style-stripes\"><tbody><tr><td><strong>Semaine du 22 au 26 f\u00e9vrier<\/strong><\/td><td><\/td><td><\/td><\/tr><tr><td><strong>Classes<\/strong><\/td><td><strong>A l&rsquo;\u00e9cole<\/strong><\/td><td><strong>A distance<\/strong><\/td><\/tr><tr><td><em>1er degr\u00e9 : 1\u00e8re &#8211; 2\u00e8me &#8211; 2\u00e8me S<\/em><\/td><td><em>Toute la semaine<\/em><\/td><td><em>N\u00e9ant<\/em><\/td><\/tr><tr><td><em>2\u00e8me degr\u00e9 : 3\u00e8me &#8211; 4\u00e8me<\/em><br><\/td><td><em>Mardi, jeudi<\/em><\/td><td><em>Lundi, mercredi, vendredi<\/em><\/td><\/tr><tr><td><em>3\u00e8me degr\u00e9 : 5\u00e8me &#8211; 6\u00e8me<\/em><\/td><td><em>Lundi, mercredi, vendredi<\/em><\/td><td><em>Mardi, jeudi<\/em><\/td><\/tr><\/tbody><\/table>\n\n\n<hr>\n<p><\/p>","protected":false},"excerpt":{"rendered":"<p>Chers parents, Pour votre information, prolongation du code rouge actuellement en vigueur. Les r\u00e8gles pr\u00e9vues pour l\u2019enseignement secondaire restent donc pleinement d\u2019application jusqu\u2019au 26 f\u00e9vrier minimum. Semaine du 22 au 26 f\u00e9vrier Classes A l&rsquo;\u00e9cole A distance 1er degr\u00e9 : 1\u00e8re &#8211; 2\u00e8me &#8211; 2\u00e8me S Toute la semaine N\u00e9ant 2\u00e8me degr\u00e9 : 3\u00e8me &#8211; &hellip; <a href=\"https:\/\/arcampin.be\/secondaire\/archives\/5876\" class=\"more-link\">Continuer la lecture de <span class=\"screen-reader-text\">Covid-19 : Organisation de la rentr\u00e9e du 22 f\u00e9vrier 2021<\/span> <span class=\"meta-nav\">&rarr;<\/span><\/a><\/p>\n","protected":false},"author":2,"featured_media":0,"comment_status":"closed","ping_status":"open","sticky":false,"template":"","format":"standard","meta":{"jetpack_post_was_ever_published":false},"categories":[6],"tags":[],"jetpack_featured_media_url":"","_links":{"self":[{"href":"https:\/\/arcampin.be\/secondaire\/wp-json\/wp\/v2\/posts\/5876"}],"collection":[{"href":"https:\/\/arcampin.be\/secondaire\/wp-json\/wp\/v2\/posts"}],"about":[{"href":"https:\/\/arcampin.be\/secondaire\/wp-json\/wp\/v2\/types\/post"}],"author":[{"embeddable":true,"href":"https:\/\/arcampin.be\/secondaire\/wp-json\/wp\/v2\/users\/2"}],"replies":[{"embeddable":true,"href":"https:\/\/arcampin.be\/secondaire\/wp-json\/wp\/v2\/comments?post=5876"}],"version-history":[{"count":7,"href":"https:\/\/arcampin.be\/secondaire\/wp-json\/wp\/v2\/posts\/5876\/revisions"}],"predecessor-version":[{"id":5889,"href":"https:\/\/arcampin.be\/secondaire\/wp-json\/wp\/v2\/posts\/5876\/revisions\/5889"}],"wp:attachment":[{"href":"https:\/\/arcampin.be\/secondaire\/wp-json\/wp\/v2\/media?parent=5876"}],"wp:term":[{"taxonomy":"category","embeddable":true,"href":"https:\/\/arcampin.be\/secondaire\/wp-json\/wp\/v2\/categories?post=5876"},{"taxonomy":"post_tag","embeddable":true,"href":"https:\/\/arcampin.be\/secondaire\/wp-json\/wp\/v2\/tags?post=5876"}],"curies":[{"name":"wp","href":"https:\/\/api.w.org\/{rel}","templated":true}]}}