{"id":5714,"date":"2021-01-08T12:36:59","date_gmt":"2021-01-08T11:36:59","guid":{"rendered":"https:\/\/arcampin.be\/secondaire\/?p=5714"},"modified":"2021-02-11T15:13:47","modified_gmt":"2021-02-11T14:13:47","slug":"covid-19-prolongation-du-code-rouge","status":"publish","type":"post","link":"https:\/\/arcampin.be\/secondaire\/archives\/5714","title":{"rendered":"Covid-19 : Prolongation du code rouge (18 janvier 2021)"},"content":{"rendered":"<p><em>Chers parents,<\/em><\/p>\n<p><em>Pour votre information, p<\/em><em>rolongation du code rouge actuellement en vigueur. Les r\u00e8gles pr\u00e9vues pour l\u2019enseignement secondaire restent donc pleinement d\u2019application <strong>jusqu\u2019au cong\u00e9 de d\u00e9tente (carnaval)<\/strong>.<\/em><\/p>\n\n\n<table class=\"wp-block-table is-style-stripes\"><tbody><tr><td><strong>Semaine du 18 au 22 janvier 2021<\/strong><\/td><td><\/td><td><\/td><\/tr><tr><td><strong>Classes<\/strong><\/td><td><strong>A l\u2019\u00e9cole<\/strong><\/td><td><strong>A distance<\/strong><\/td><\/tr><tr><td><em>1er degr\u00e9 : 1\u00e8re \u2013 2\u00e8me \u2013 2\u00e8me S<\/em><\/td><td><em>Toute la semaine<\/em><\/td><td><em>N\u00e9ant<\/em><\/td><\/tr><tr><td><em>2\u00e8me degr\u00e9 : 3\u00e8me \u2013 4\u00e8me<\/em><br><\/td><td><em>Mardi, jeudi<\/em><\/td><td><em>Lundi, mercredi, vendredi<\/em><\/td><\/tr><tr><td><em>3\u00e8me degr\u00e9 : 5\u00e8me \u2013 6\u00e8me<\/em><\/td><td><em>Lundi, Mercredi, vendredi<\/em><\/td><td><em>Mardi, jeudi<\/em><\/td><\/tr><\/tbody><\/table>\n\n\n\n<table class=\"wp-block-table is-style-stripes\"><tbody><tr><td><strong>Semaine du 25 au 29 janvier 2021<\/strong><\/td><td><\/td><td><\/td><\/tr><tr><td><strong>Classes<\/strong><\/td><td><strong>A l\u2019\u00e9cole<\/strong><\/td><td><strong>A distance<\/strong><\/td><\/tr><tr><td><em>1er degr\u00e9 : 1\u00e8re \u2013 2\u00e8me \u2013 2\u00e8me S<\/em><\/td><td><em>Toute la semaine<\/em><\/td><td><em>N\u00e9ant<\/em><\/td><\/tr><tr><td><em>2\u00e8me degr\u00e9 : 3\u00e8me \u2013 4\u00e8me<\/em><br><\/td><td><em>Lundi, mercredi, vendredi<\/em><\/td><td><em>Mardi, jeudi<\/em><\/td><\/tr><tr><td><em>3\u00e8me degr\u00e9 : 5\u00e8me \u2013 6\u00e8me<\/em><\/td><td><em>Mardi, jeudi<\/em><\/td><td><em>Lundi, mercredi, vendredi<\/em><\/td><\/tr><\/tbody><\/table>\n\n\n\n<table class=\"wp-block-table is-style-stripes\"><tbody><tr><td><strong>Semaine du 1er au 5 f\u00e9vrier 2021<\/strong><\/td><td><\/td><td><\/td><\/tr><tr><td><strong>Classes<\/strong><\/td><td><strong>A l\u2019\u00e9cole<\/strong><\/td><td><strong>A distance<\/strong><\/td><\/tr><tr><td><em>1er degr\u00e9 : 1\u00e8re \u2013 2\u00e8me \u2013 2\u00e8me S<\/em><\/td><td><em>Toute la semaine<\/em><\/td><td><em>N\u00e9ant<\/em><\/td><\/tr><tr><td><em>2\u00e8me degr\u00e9 : 3\u00e8me \u2013 4\u00e8me<\/em><br><\/td><td><em>Mardi, jeudi<\/em><\/td><td><em>Lundi, mercredi, vendredi<\/em><\/td><\/tr><tr><td><em>3\u00e8me degr\u00e9 : 5\u00e8me \u2013 6\u00e8me<\/em><\/td><td><em>Lundi, Mercredi, vendredi<\/em><\/td><td><em>Mardi, jeudi<\/em><\/td><\/tr><\/tbody><\/table>\n\n\n\n<table class=\"wp-block-table is-style-stripes\"><tbody><tr><td><strong>Semaine du 8 au 12 f\u00e9vrier 2021<\/strong><\/td><td><\/td><td><\/td><\/tr><tr><td><strong>Classes<\/strong><\/td><td><strong>A l\u2019\u00e9cole<\/strong><\/td><td><strong>A distance<\/strong><\/td><\/tr><tr><td><em>1er degr\u00e9 : 1\u00e8re \u2013 2\u00e8me \u2013 2\u00e8me S<\/em><\/td><td><em>Toute la semaine<\/em><\/td><td><em>N\u00e9ant<\/em><\/td><\/tr><tr><td><em>2\u00e8me degr\u00e9 : 3\u00e8me \u2013 4\u00e8me<\/em><br><\/td><td><em>Lundi, mercredi, vendredi<\/em><\/td><td><em>Mardi, jeudi<\/em><\/td><\/tr><tr><td><em>3\u00e8me degr\u00e9 : 5\u00e8me \u2013 6\u00e8me<\/em><\/td><td><em>Mardi, jeudi<\/em><\/td><td><em>Lundi, mercredi, vendredi<\/em><\/td><\/tr><\/tbody><\/table>\n\n\n<hr>\n<p><\/p>","protected":false},"excerpt":{"rendered":"<p>Chers parents, Pour votre information, prolongation du code rouge actuellement en vigueur. Les r\u00e8gles pr\u00e9vues pour l\u2019enseignement secondaire restent donc pleinement d\u2019application jusqu\u2019au cong\u00e9 de d\u00e9tente (carnaval). Semaine du 18 au 22 janvier 2021 Classes A l\u2019\u00e9cole A distance 1er degr\u00e9 : 1\u00e8re \u2013 2\u00e8me \u2013 2\u00e8me S Toute la semaine N\u00e9ant 2\u00e8me degr\u00e9 : &hellip; <a href=\"https:\/\/arcampin.be\/secondaire\/archives\/5714\" class=\"more-link\">Continuer la lecture de <span class=\"screen-reader-text\">Covid-19 : Prolongation du code rouge (18 janvier 2021)<\/span> <span class=\"meta-nav\">&rarr;<\/span><\/a><\/p>\n","protected":false},"author":2,"featured_media":0,"comment_status":"closed","ping_status":"open","sticky":false,"template":"","format":"standard","meta":{"jetpack_post_was_ever_published":false},"categories":[6],"tags":[],"jetpack_featured_media_url":"","_links":{"self":[{"href":"https:\/\/arcampin.be\/secondaire\/wp-json\/wp\/v2\/posts\/5714"}],"collection":[{"href":"https:\/\/arcampin.be\/secondaire\/wp-json\/wp\/v2\/posts"}],"about":[{"href":"https:\/\/arcampin.be\/secondaire\/wp-json\/wp\/v2\/types\/post"}],"author":[{"embeddable":true,"href":"https:\/\/arcampin.be\/secondaire\/wp-json\/wp\/v2\/users\/2"}],"replies":[{"embeddable":true,"href":"https:\/\/arcampin.be\/secondaire\/wp-json\/wp\/v2\/comments?post=5714"}],"version-history":[{"count":7,"href":"https:\/\/arcampin.be\/secondaire\/wp-json\/wp\/v2\/posts\/5714\/revisions"}],"predecessor-version":[{"id":5890,"href":"https:\/\/arcampin.be\/secondaire\/wp-json\/wp\/v2\/posts\/5714\/revisions\/5890"}],"wp:attachment":[{"href":"https:\/\/arcampin.be\/secondaire\/wp-json\/wp\/v2\/media?parent=5714"}],"wp:term":[{"taxonomy":"category","embeddable":true,"href":"https:\/\/arcampin.be\/secondaire\/wp-json\/wp\/v2\/categories?post=5714"},{"taxonomy":"post_tag","embeddable":true,"href":"https:\/\/arcampin.be\/secondaire\/wp-json\/wp\/v2\/tags?post=5714"}],"curies":[{"name":"wp","href":"https:\/\/api.w.org\/{rel}","templated":true}]}}