{"id":3260,"date":"2018-04-26T07:59:41","date_gmt":"2018-04-26T06:59:41","guid":{"rendered":"https:\/\/arcampin.be\/secondaire\/?p=3260"},"modified":"2018-04-26T08:33:05","modified_gmt":"2018-04-26T07:33:05","slug":"hommage-a-hugo","status":"publish","type":"post","link":"https:\/\/arcampin.be\/secondaire\/archives\/3260","title":{"rendered":"Hommage \u00e0 Hugo"},"content":{"rendered":"<p>Depuis samedi, l\u2019Ath\u00e9n\u00e9e Campin est triste \u2026<\/p>\n<p>Hugo, ancien \u00e9l\u00e8ve, a choisi un autre chemin que celui de la vie. Tous ceux qui l\u2019ont connu, sont unanimes pour dire que Hugo \u00e9tait une belle personne.<\/p>\n<p>Ce matin, une d\u00e9l\u00e9gation de l\u2019Ath\u00e9n\u00e9e se rend \u00e0 son enterrement pour lui t\u00e9moigner une derni\u00e8re fois son attachement.<\/p>\n<p>L\u2019ensemble de l\u2019\u00e9quipe p\u00e9dagogique pr\u00e9sente \u00e0 sa famille et \u00e0 ses proches leurs sinc\u00e8res condol\u00e9ances.<\/p>\n<p>Le Comit\u00e9 des \u00c9l\u00e8ves Francophones lui rend \u00e9galement hommage.\u00a0<a href=\"https:\/\/www.lecef.org\/hugo\/\" target=\"_blank\" rel=\"noopener\">Lecef.org<\/a><\/p>\n<hr \/>\n<p>&nbsp;<\/p>\n","protected":false},"excerpt":{"rendered":"<p>Depuis samedi, l\u2019Ath\u00e9n\u00e9e Campin est triste \u2026 Hugo, ancien \u00e9l\u00e8ve, a choisi un autre chemin que celui de la vie. Tous ceux qui l\u2019ont connu, sont unanimes pour dire que Hugo \u00e9tait une belle personne. Ce matin, une d\u00e9l\u00e9gation de l\u2019Ath\u00e9n\u00e9e se rend \u00e0 son enterrement pour lui t\u00e9moigner une derni\u00e8re fois son attachement. L\u2019ensemble &hellip; <a href=\"https:\/\/arcampin.be\/secondaire\/archives\/3260\" class=\"more-link\">Continuer la lecture de <span class=\"screen-reader-text\">Hommage \u00e0 Hugo<\/span> <span class=\"meta-nav\">&rarr;<\/span><\/a><\/p>\n","protected":false},"author":2,"featured_media":0,"comment_status":"closed","ping_status":"open","sticky":false,"template":"","format":"standard","meta":{"jetpack_post_was_ever_published":false},"categories":[6],"tags":[],"jetpack_featured_media_url":"","_links":{"self":[{"href":"https:\/\/arcampin.be\/secondaire\/wp-json\/wp\/v2\/posts\/3260"}],"collection":[{"href":"https:\/\/arcampin.be\/secondaire\/wp-json\/wp\/v2\/posts"}],"about":[{"href":"https:\/\/arcampin.be\/secondaire\/wp-json\/wp\/v2\/types\/post"}],"author":[{"embeddable":true,"href":"https:\/\/arcampin.be\/secondaire\/wp-json\/wp\/v2\/users\/2"}],"replies":[{"embeddable":true,"href":"https:\/\/arcampin.be\/secondaire\/wp-json\/wp\/v2\/comments?post=3260"}],"version-history":[{"count":2,"href":"https:\/\/arcampin.be\/secondaire\/wp-json\/wp\/v2\/posts\/3260\/revisions"}],"predecessor-version":[{"id":3262,"href":"https:\/\/arcampin.be\/secondaire\/wp-json\/wp\/v2\/posts\/3260\/revisions\/3262"}],"wp:attachment":[{"href":"https:\/\/arcampin.be\/secondaire\/wp-json\/wp\/v2\/media?parent=3260"}],"wp:term":[{"taxonomy":"category","embeddable":true,"href":"https:\/\/arcampin.be\/secondaire\/wp-json\/wp\/v2\/categories?post=3260"},{"taxonomy":"post_tag","embeddable":true,"href":"https:\/\/arcampin.be\/secondaire\/wp-json\/wp\/v2\/tags?post=3260"}],"curies":[{"name":"wp","href":"https:\/\/api.w.org\/{rel}","templated":true}]}}