{"id":10344,"date":"2025-03-20T07:43:14","date_gmt":"2025-03-20T06:43:14","guid":{"rendered":"https:\/\/arcampin.be\/secondaire\/?p=10344"},"modified":"2025-03-20T07:46:13","modified_gmt":"2025-03-20T06:46:13","slug":"journee-de-la-gestion-a-la-faculte-warocque-umons","status":"publish","type":"post","link":"https:\/\/arcampin.be\/secondaire\/archives\/10344","title":{"rendered":"Journ\u00e9e de la gestion \u00e0 la Facult\u00e9 Warocqu\u00e9  &#8211; UMons"},"content":{"rendered":"\n<figure class=\"wp-container-2 wp-block-gallery-1 wp-block-gallery has-nested-images columns-default is-cropped\">\n<figure class=\"wp-block-image size-large\"><img loading=\"lazy\" width=\"768\" height=\"1024\" data-id=\"10345\"  src=\"https:\/\/arcampin.be\/secondaire\/wp-content\/uploads\/2025\/03\/481267552_10160385065181230_1551219072079405570_n-768x1024.jpg\" alt=\"\" class=\"wp-image-10345\" srcset=\"https:\/\/arcampin.be\/secondaire\/wp-content\/uploads\/2025\/03\/481267552_10160385065181230_1551219072079405570_n-768x1024.jpg 768w, https:\/\/arcampin.be\/secondaire\/wp-content\/uploads\/2025\/03\/481267552_10160385065181230_1551219072079405570_n-225x300.jpg 225w, https:\/\/arcampin.be\/secondaire\/wp-content\/uploads\/2025\/03\/481267552_10160385065181230_1551219072079405570_n-1152x1536.jpg 1152w, https:\/\/arcampin.be\/secondaire\/wp-content\/uploads\/2025\/03\/481267552_10160385065181230_1551219072079405570_n.jpg 1536w\" sizes=\"(max-width: 768px) 100vw, 768px\" \/><\/figure>\n\n\n\n<figure class=\"wp-block-image size-large\"><img loading=\"lazy\" width=\"1024\" height=\"768\" data-id=\"10346\"  src=\"https:\/\/arcampin.be\/secondaire\/wp-content\/uploads\/2025\/03\/480961455_10160385065191230_2917472895289256371_n-1024x768.jpg\" alt=\"\" class=\"wp-image-10346\" srcset=\"https:\/\/arcampin.be\/secondaire\/wp-content\/uploads\/2025\/03\/480961455_10160385065191230_2917472895289256371_n-1024x768.jpg 1024w, https:\/\/arcampin.be\/secondaire\/wp-content\/uploads\/2025\/03\/480961455_10160385065191230_2917472895289256371_n-300x225.jpg 300w, https:\/\/arcampin.be\/secondaire\/wp-content\/uploads\/2025\/03\/480961455_10160385065191230_2917472895289256371_n-768x576.jpg 768w, https:\/\/arcampin.be\/secondaire\/wp-content\/uploads\/2025\/03\/480961455_10160385065191230_2917472895289256371_n-1536x1152.jpg 1536w, https:\/\/arcampin.be\/secondaire\/wp-content\/uploads\/2025\/03\/480961455_10160385065191230_2917472895289256371_n.jpg 2048w\" sizes=\"(max-width: 1024px) 100vw, 1024px\" \/><\/figure>\n<\/figure>\n\n\n<div class=\"xdj266r x11i5rnm xat24cr x1mh8g0r x1vvkbs x126k92a\">\n<div dir=\"auto\"><em>Journ\u00e9e de la gestion \u00e0 Facult\u00e9 Warocqu\u00e9 mardi 18 mars \u00e0 travers un atelier d\u2019animation pour les \u00e9l\u00e8ves de sciences \u00e9co de 6\u00e8me.<\/em><\/div>\n<div dir=\"auto\">\u00a0<\/div>\n<\/div>\n<div class=\"x11i5rnm xat24cr x1mh8g0r x1vvkbs xtlvy1s x126k92a\">\n<div dir=\"auto\"><em>Cet atelier interactif immerge nos \u00e9l\u00e8ves dans la gestion d\u2019une entreprise fictive, abordant des th\u00e9matiques cl\u00e9s comme :<\/em><\/div>\n<div dir=\"auto\">\u00a0<\/div>\n<p><em>La gestion des ressources humaines, la comptabilit\u00e9 et les budgets, le marketing et la strat\u00e9gie.<\/em><\/p>\n<\/div>\n<div class=\"x11i5rnm xat24cr x1mh8g0r x1vvkbs xtlvy1s x126k92a\">\n<div dir=\"auto\"><em>Merci \u00e0 nos \u00e9l\u00e8ves pour leur participation et \u00e0 l\u2019universit\u00e9 de Mons pour l\u2019organisation.<\/em><\/div>\n<\/div>\n\n<hr \/>\n<p>\u00a0<\/p>","protected":false},"excerpt":{"rendered":"<p>Journ\u00e9e de la gestion \u00e0 Facult\u00e9 Warocqu\u00e9 mardi 18 mars \u00e0 travers un atelier d\u2019animation pour les \u00e9l\u00e8ves de sciences \u00e9co de 6\u00e8me. \u00a0 Cet atelier interactif immerge nos \u00e9l\u00e8ves dans la gestion d\u2019une entreprise fictive, abordant des th\u00e9matiques cl\u00e9s comme : \u00a0 La gestion des ressources humaines, la comptabilit\u00e9 et les budgets, le marketing &hellip; <a href=\"https:\/\/arcampin.be\/secondaire\/archives\/10344\" class=\"more-link\">Continuer la lecture de <span class=\"screen-reader-text\">Journ\u00e9e de la gestion \u00e0 la Facult\u00e9 Warocqu\u00e9  &#8211; UMons<\/span> <span class=\"meta-nav\">&rarr;<\/span><\/a><\/p>\n","protected":false},"author":2,"featured_media":0,"comment_status":"closed","ping_status":"open","sticky":false,"template":"","format":"standard","meta":{"jetpack_post_was_ever_published":false},"categories":[25],"tags":[],"jetpack_featured_media_url":"","_links":{"self":[{"href":"https:\/\/arcampin.be\/secondaire\/wp-json\/wp\/v2\/posts\/10344"}],"collection":[{"href":"https:\/\/arcampin.be\/secondaire\/wp-json\/wp\/v2\/posts"}],"about":[{"href":"https:\/\/arcampin.be\/secondaire\/wp-json\/wp\/v2\/types\/post"}],"author":[{"embeddable":true,"href":"https:\/\/arcampin.be\/secondaire\/wp-json\/wp\/v2\/users\/2"}],"replies":[{"embeddable":true,"href":"https:\/\/arcampin.be\/secondaire\/wp-json\/wp\/v2\/comments?post=10344"}],"version-history":[{"count":3,"href":"https:\/\/arcampin.be\/secondaire\/wp-json\/wp\/v2\/posts\/10344\/revisions"}],"predecessor-version":[{"id":10349,"href":"https:\/\/arcampin.be\/secondaire\/wp-json\/wp\/v2\/posts\/10344\/revisions\/10349"}],"wp:attachment":[{"href":"https:\/\/arcampin.be\/secondaire\/wp-json\/wp\/v2\/media?parent=10344"}],"wp:term":[{"taxonomy":"category","embeddable":true,"href":"https:\/\/arcampin.be\/secondaire\/wp-json\/wp\/v2\/categories?post=10344"},{"taxonomy":"post_tag","embeddable":true,"href":"https:\/\/arcampin.be\/secondaire\/wp-json\/wp\/v2\/tags?post=10344"}],"curies":[{"name":"wp","href":"https:\/\/api.w.org\/{rel}","templated":true}]}}