{"id":10339,"date":"2025-03-17T08:48:10","date_gmt":"2025-03-17T07:48:10","guid":{"rendered":"https:\/\/arcampin.be\/secondaire\/?p=10339"},"modified":"2025-04-01T07:35:51","modified_gmt":"2025-04-01T06:35:51","slug":"informations-a-lattention-des-eleves","status":"publish","type":"post","link":"https:\/\/arcampin.be\/secondaire\/archives\/10339","title":{"rendered":"Informations \u00e0 l\u2019attention des rh\u00e9tos 2024"},"content":{"rendered":"<p><em>A l\u2019attention des \u00e9l\u00e8ves de rh\u00e9torique de l\u2019ann\u00e9e scolaire 2023-2024.<\/em><\/p>\n<p><em>Vous pouvez \u00e0 pr\u00e9sent r\u00e9cup\u00e9rer votre dipl\u00f4me (CESS) aupr\u00e8s du secr\u00e9tariat de Direction.<\/em><\/p>\n<ul>\n<li><em>Le lundi, mardi, jeudi &amp; vendredi de 8h \u00e0 12h et de 13h \u00e0 16h.<\/em><\/li>\n<li><em>Le mercredi de 8h \u00e0 12h.<\/em><\/li>\n<\/ul>\n<p><em>Vous pouvez \u00e9galement faire retirer votre dipl\u00f4me par une tierce personne par le biais d\u2019une procuration d\u00fbment compl\u00e9t\u00e9e.<\/em><\/p>\n<p><em>Au plaisir de vous revoir.<\/em><\/p>\n<hr>\n","protected":false},"excerpt":{"rendered":"<p>A l\u2019attention des \u00e9l\u00e8ves de rh\u00e9torique de l\u2019ann\u00e9e scolaire 2023-2024. Vous pouvez \u00e0 pr\u00e9sent r\u00e9cup\u00e9rer votre dipl\u00f4me (CESS) aupr\u00e8s du secr\u00e9tariat de Direction. Le lundi, mardi, jeudi &amp; vendredi de 8h \u00e0 12h et de 13h \u00e0 16h. Le mercredi de 8h \u00e0 12h. Vous pouvez \u00e9galement faire retirer votre dipl\u00f4me par une tierce personne &hellip; <a href=\"https:\/\/arcampin.be\/secondaire\/archives\/10339\" class=\"more-link\">Continuer la lecture de <span class=\"screen-reader-text\">Informations \u00e0 l\u2019attention des rh\u00e9tos 2024<\/span> <span class=\"meta-nav\">&rarr;<\/span><\/a><\/p>\n","protected":false},"author":2,"featured_media":2334,"comment_status":"closed","ping_status":"open","sticky":false,"template":"","format":"standard","meta":{"jetpack_post_was_ever_published":false},"categories":[6],"tags":[],"jetpack_featured_media_url":"https:\/\/arcampin.be\/secondaire\/wp-content\/uploads\/2017\/06\/Agenda.jpg","_links":{"self":[{"href":"https:\/\/arcampin.be\/secondaire\/wp-json\/wp\/v2\/posts\/10339"}],"collection":[{"href":"https:\/\/arcampin.be\/secondaire\/wp-json\/wp\/v2\/posts"}],"about":[{"href":"https:\/\/arcampin.be\/secondaire\/wp-json\/wp\/v2\/types\/post"}],"author":[{"embeddable":true,"href":"https:\/\/arcampin.be\/secondaire\/wp-json\/wp\/v2\/users\/2"}],"replies":[{"embeddable":true,"href":"https:\/\/arcampin.be\/secondaire\/wp-json\/wp\/v2\/comments?post=10339"}],"version-history":[{"count":4,"href":"https:\/\/arcampin.be\/secondaire\/wp-json\/wp\/v2\/posts\/10339\/revisions"}],"predecessor-version":[{"id":10350,"href":"https:\/\/arcampin.be\/secondaire\/wp-json\/wp\/v2\/posts\/10339\/revisions\/10350"}],"wp:featuredmedia":[{"embeddable":true,"href":"https:\/\/arcampin.be\/secondaire\/wp-json\/wp\/v2\/media\/2334"}],"wp:attachment":[{"href":"https:\/\/arcampin.be\/secondaire\/wp-json\/wp\/v2\/media?parent=10339"}],"wp:term":[{"taxonomy":"category","embeddable":true,"href":"https:\/\/arcampin.be\/secondaire\/wp-json\/wp\/v2\/categories?post=10339"},{"taxonomy":"post_tag","embeddable":true,"href":"https:\/\/arcampin.be\/secondaire\/wp-json\/wp\/v2\/tags?post=10339"}],"curies":[{"name":"wp","href":"https:\/\/api.w.org\/{rel}","templated":true}]}}