{"id":2056,"date":"2021-01-31T18:31:20","date_gmt":"2021-01-31T17:31:20","guid":{"rendered":"https:\/\/arcampin.be\/maternelle\/?p=2056"},"modified":"2021-01-31T18:32:12","modified_gmt":"2021-01-31T17:32:12","slug":"initiation-au-yoga-chez-les-m3","status":"publish","type":"post","link":"https:\/\/arcampin.be\/maternelle\/2021\/01\/31\/initiation-au-yoga-chez-les-m3\/","title":{"rendered":"Initiation au Yoga chez les M3"},"content":{"rendered":"<p>Pour aider les enfants \u00e0 garder une stabilit\u00e9 \u00e9motionnelle, nous leur proposons de courtes s\u00e9ances de Yoga et de m\u00e9ditation. Les enfants sont guid\u00e9s tout en douceur \u00e0 vivre leurs \u00e9motions afin de mieux les traverser.<\/p>\n<p>Les enfants adorent!<\/p>\n<div id='gallery-1' class='gallery galleryid-2056 gallery-columns-2 gallery-size-medium'><figure class='gallery-item'>\n\t\t\t<div class='gallery-icon landscape'>\n\t\t\t\t<a href='https:\/\/arcampin.be\/maternelle\/wp-content\/uploads\/2021\/01\/IMG_1084.jpg'><img width=\"300\" height=\"225\" src=\"https:\/\/arcampin.be\/maternelle\/wp-content\/uploads\/2021\/01\/IMG_1084-300x225.jpg\" class=\"attachment-medium size-medium\" alt=\"\" loading=\"lazy\" srcset=\"https:\/\/arcampin.be\/maternelle\/wp-content\/uploads\/2021\/01\/IMG_1084-300x225.jpg 300w, https:\/\/arcampin.be\/maternelle\/wp-content\/uploads\/2021\/01\/IMG_1084-768x576.jpg 768w, https:\/\/arcampin.be\/maternelle\/wp-content\/uploads\/2021\/01\/IMG_1084-1024x768.jpg 1024w\" sizes=\"(max-width: 300px) 100vw, 300px\" \/><\/a>\n\t\t\t<\/div><\/figure><figure class='gallery-item'>\n\t\t\t<div class='gallery-icon landscape'>\n\t\t\t\t<a href='https:\/\/arcampin.be\/maternelle\/wp-content\/uploads\/2021\/01\/IMG_1086.jpg'><img width=\"300\" height=\"225\" src=\"https:\/\/arcampin.be\/maternelle\/wp-content\/uploads\/2021\/01\/IMG_1086-300x225.jpg\" class=\"attachment-medium size-medium\" alt=\"\" loading=\"lazy\" srcset=\"https:\/\/arcampin.be\/maternelle\/wp-content\/uploads\/2021\/01\/IMG_1086-300x225.jpg 300w, https:\/\/arcampin.be\/maternelle\/wp-content\/uploads\/2021\/01\/IMG_1086-768x576.jpg 768w, https:\/\/arcampin.be\/maternelle\/wp-content\/uploads\/2021\/01\/IMG_1086-1024x768.jpg 1024w\" sizes=\"(max-width: 300px) 100vw, 300px\" \/><\/a>\n\t\t\t<\/div><\/figure><figure class='gallery-item'>\n\t\t\t<div class='gallery-icon landscape'>\n\t\t\t\t<a href='https:\/\/arcampin.be\/maternelle\/wp-content\/uploads\/2021\/01\/IMG_1085.jpg'><img width=\"300\" height=\"225\" src=\"https:\/\/arcampin.be\/maternelle\/wp-content\/uploads\/2021\/01\/IMG_1085-300x225.jpg\" class=\"attachment-medium size-medium\" alt=\"\" loading=\"lazy\" srcset=\"https:\/\/arcampin.be\/maternelle\/wp-content\/uploads\/2021\/01\/IMG_1085-300x225.jpg 300w, https:\/\/arcampin.be\/maternelle\/wp-content\/uploads\/2021\/01\/IMG_1085-768x576.jpg 768w, https:\/\/arcampin.be\/maternelle\/wp-content\/uploads\/2021\/01\/IMG_1085-1024x768.jpg 1024w\" sizes=\"(max-width: 300px) 100vw, 300px\" \/><\/a>\n\t\t\t<\/div><\/figure><figure class='gallery-item'>\n\t\t\t<div class='gallery-icon landscape'>\n\t\t\t\t<a href='https:\/\/arcampin.be\/maternelle\/wp-content\/uploads\/2021\/01\/IMG_1082.jpg'><img width=\"300\" height=\"225\" src=\"https:\/\/arcampin.be\/maternelle\/wp-content\/uploads\/2021\/01\/IMG_1082-300x225.jpg\" class=\"attachment-medium size-medium\" alt=\"\" loading=\"lazy\" srcset=\"https:\/\/arcampin.be\/maternelle\/wp-content\/uploads\/2021\/01\/IMG_1082-300x225.jpg 300w, https:\/\/arcampin.be\/maternelle\/wp-content\/uploads\/2021\/01\/IMG_1082-768x576.jpg 768w, https:\/\/arcampin.be\/maternelle\/wp-content\/uploads\/2021\/01\/IMG_1082-1024x768.jpg 1024w\" sizes=\"(max-width: 300px) 100vw, 300px\" \/><\/a>\n\t\t\t<\/div><\/figure>\n\t\t<\/div>\n\n<p>Ils ont aussi l&rsquo;opportunit\u00e9 d&rsquo;exprimer oralement leur ressenti lors d&rsquo;activit\u00e9s pr\u00e9sent\u00e9es par le personnel du CPMS.<\/p>\n<p>&nbsp;<\/p>\n","protected":false},"excerpt":{"rendered":"<p>Pour aider les enfants \u00e0 garder une stabilit\u00e9 \u00e9motionnelle, nous leur proposons de courtes s\u00e9ances de Yoga et de m\u00e9ditation. Les enfants sont guid\u00e9s tout en douceur \u00e0 vivre leurs \u00e9motions afin de mieux les traverser. Les enfants adorent! Ils ont aussi l&rsquo;opportunit\u00e9 d&rsquo;exprimer oralement leur ressenti lors d&rsquo;activit\u00e9s pr\u00e9sent\u00e9es par le personnel du CPMS. [&hellip;]<\/p>\n","protected":false},"author":3,"featured_media":0,"comment_status":"closed","ping_status":"open","sticky":false,"template":"","format":"standard","meta":[],"categories":[10],"tags":[],"_links":{"self":[{"href":"https:\/\/arcampin.be\/maternelle\/wp-json\/wp\/v2\/posts\/2056"}],"collection":[{"href":"https:\/\/arcampin.be\/maternelle\/wp-json\/wp\/v2\/posts"}],"about":[{"href":"https:\/\/arcampin.be\/maternelle\/wp-json\/wp\/v2\/types\/post"}],"author":[{"embeddable":true,"href":"https:\/\/arcampin.be\/maternelle\/wp-json\/wp\/v2\/users\/3"}],"replies":[{"embeddable":true,"href":"https:\/\/arcampin.be\/maternelle\/wp-json\/wp\/v2\/comments?post=2056"}],"version-history":[{"count":3,"href":"https:\/\/arcampin.be\/maternelle\/wp-json\/wp\/v2\/posts\/2056\/revisions"}],"predecessor-version":[{"id":2059,"href":"https:\/\/arcampin.be\/maternelle\/wp-json\/wp\/v2\/posts\/2056\/revisions\/2059"}],"wp:attachment":[{"href":"https:\/\/arcampin.be\/maternelle\/wp-json\/wp\/v2\/media?parent=2056"}],"wp:term":[{"taxonomy":"category","embeddable":true,"href":"https:\/\/arcampin.be\/maternelle\/wp-json\/wp\/v2\/categories?post=2056"},{"taxonomy":"post_tag","embeddable":true,"href":"https:\/\/arcampin.be\/maternelle\/wp-json\/wp\/v2\/tags?post=2056"}],"curies":[{"name":"wp","href":"https:\/\/api.w.org\/{rel}","templated":true}]}}